{"id":50892,"date":"2023-07-20T01:29:39","date_gmt":"2023-07-20T01:29:39","guid":{"rendered":"https:\/\/blog.corretoraideal.com.br\/?p=50892"},"modified":"2023-07-20T01:29:39","modified_gmt":"2023-07-20T01:29:39","slug":"numero-de-turistas-estrangeiros-no-brasil-volta-a-crescer-depois-de-3-anos-jornal-nacional-g1","status":"publish","type":"post","link":"https:\/\/blog.corretoraideal.com.br\/index.php\/2023\/07\/20\/numero-de-turistas-estrangeiros-no-brasil-volta-a-crescer-depois-de-3-anos-jornal-nacional-g1\/","title":{"rendered":"N\u00famero de turistas estrangeiros no Brasil volta a crescer depois de 3 anos | Jornal Nacional | G1"},"content":{"rendered":"\n<p> O n\u00famero de <strong>turistas estrangeiros<\/strong> no <a class href=\"https:\/\/g1.globo.com\/tudo-sobre\/brasil\/\">Brasil<\/a> voltou a crescer depois de tr\u00eas anos. <\/p>\n<p> Beleza natural e cultura pulsante de norte a sul do Brasil. Elementos que atraem turistas do mundo todo. Um costa-riquenho escolheu o Paran\u00e1 como destino das f\u00e9rias e se encantou com as Cataratas do Igua\u00e7u. <\/p>\n<p> &quot;Bel\u00edssimo, \u00e9 uma maravilha&quot;, afirmou o costa-riquenho diante do passeio nas cataratas. <\/p>\n<p> O Brasil tem sido destino frequente dos viajantes. De janeiro a maio de 2023, o pa\u00eds recebeu quase <strong>3 milh\u00f5es de turistas estrangeiros<\/strong> &#8211; mais que o dobro do mesmo per\u00edodo de 2022. As visitas movimentaram cerca de <strong>R$ 13 bilh\u00f5es<\/strong> na economia. <\/p>\n<p> Os vizinhos argentinos s\u00e3o os que mais desembarcaram no pa\u00eds em 2023. Em seguida, est\u00e3o os americanos, paraguaios, chilenos e uruguaios. <\/p>\n<p> Outro term\u00f4metro do turismo s\u00e3o as visita\u00e7\u00f5es ao <a class href=\"https:\/\/g1.globo.com\/tudo-sobre\/cristo-redentor\/\">Cristo Redentor<\/a>. Elas aumentaram 34% no primeiro semestre em compara\u00e7\u00e3o a 2019, antes da pandemia. <\/p>\n<p>\u201cA gente consegue de fato perceber esse crescimento, o crescimento do turismo estrangeiro. \u00c9 um lugar privilegiado para a experi\u00eancia tur\u00edstica em torno do desenvolvimento sustent\u00e1vel\u201d, diz Padre Omar, reitor do Santu\u00e1rio Arquidiocesano Cristo Redentor.<\/p>\n<p> Apesar do momento de otimismo para o setor, a participa\u00e7\u00e3o do turismo no PIB brasileiro ainda \u00e9 t\u00edmida, representa 7%.  Andr\u00e9 Gomes, diretor de vendas de uma rede de hot\u00e9is, afirma que falta investimento em infraestrutura para atrair mais estrangeiros. <\/p>\n<p>\u201cEu acredito que falta olharmos como um produto que pode e deve ser vendido no estrangeiro quanto com seus pontos positivos como tamb\u00e9m internamente tentarmos combater as defici\u00eancias que formos encontrando. Porque, de fato, \u00e9 um destino com potencial enorme\u201d, afirma.<\/p>\n<p> Problemas que, segundo Vitor Stuart de Pieri, especialista em turismo, podem ser resolvidos com planejamento e investimento integrado entre as prefeituras, os governos estaduais e federal e as empresas de viagem. <\/p>\n<p>\u201cA gente precisa ter portos e aeroportos integrados, a gente precisa ter maior n\u00famero de voos para o Brasil. Se voc\u00ea for pensar, mais voos, mais turistas\u201d, diz o professor de departamento de turismo da UERJ.<\/p>\n<p> Duas amigas inglesas est\u00e3o hospedadas em Copacabana. As f\u00e9rias ainda nem acabaram, mas elas j\u00e1 planejam retornar ao pa\u00eds em 2024. Querem conhecer a Amaz\u00f4nia e depois voltar ao Rio. <\/p>\n<ul>\n<li> <a href=\"https:\/\/g1.globo.com\/tudo-sobre\/brasil\/\" class=\"entities__list-itemLink\" data-track-click=\"Brasil\"> Brasil <\/a> <\/li>\n<li> <a href=\"https:\/\/g1.globo.com\/tudo-sobre\/cristo-redentor\/\" class=\"entities__list-itemLink\" data-track-click=\"Cristo Redentor\"> Cristo Redentor <\/a> <\/li>\n<li> <a href=\"https:\/\/g1.globo.com\/pr\/oeste-sudoeste\/cidade\/foz-do-iguacu\/\" class=\"entities__list-itemLink\" data-track-click=\"Foz do Igua\u00e7u\"> Foz do Igua\u00e7u <\/a> <\/li>\n<li> <a href=\"https:\/\/g1.globo.com\/topico\/parana\" class=\"entities__list-itemLink\" data-track-click=\"Paran\u00e1\"> Paran\u00e1 <\/a> <\/li>\n<li> <a href=\"https:\/\/g1.globo.com\/rj\/rio-de-janeiro\/cidade\/rio-de-janeiro\/\" class=\"entities__list-itemLink\" data-track-click=\"Rio de Janeiro\"> Rio de Janeiro <\/a> <\/li>\n<\/ul>\n","protected":false},"excerpt":{"rendered":"<p>O n\u00famero de turistas estrangeiros no Brasil voltou a crescer depois de tr\u00eas anos. Beleza natural e cultura pulsante de norte a sul do Brasil. Elementos que atraem turistas do mundo todo. Um costa-riquenho escolheu o Paran\u00e1 como destino das f\u00e9rias e se encantou com as Cataratas do Igua\u00e7u. &quot;Bel\u00edssimo, \u00e9 uma maravilha&quot;, afirmou o [&hellip;]<\/p>\n","protected":false},"author":1,"featured_media":0,"comment_status":"closed","ping_status":"closed","sticky":false,"template":"","format":"standard","meta":{"footnotes":""},"categories":[],"tags":[],"class_list":["post-50892","post","type-post","status-publish","format-standard","hentry"],"_links":{"self":[{"href":"https:\/\/blog.corretoraideal.com.br\/index.php\/wp-json\/wp\/v2\/posts\/50892","targetHints":{"allow":["GET"]}}],"collection":[{"href":"https:\/\/blog.corretoraideal.com.br\/index.php\/wp-json\/wp\/v2\/posts"}],"about":[{"href":"https:\/\/blog.corretoraideal.com.br\/index.php\/wp-json\/wp\/v2\/types\/post"}],"author":[{"embeddable":true,"href":"https:\/\/blog.corretoraideal.com.br\/index.php\/wp-json\/wp\/v2\/users\/1"}],"replies":[{"embeddable":true,"href":"https:\/\/blog.corretoraideal.com.br\/index.php\/wp-json\/wp\/v2\/comments?post=50892"}],"version-history":[{"count":1,"href":"https:\/\/blog.corretoraideal.com.br\/index.php\/wp-json\/wp\/v2\/posts\/50892\/revisions"}],"predecessor-version":[{"id":50894,"href":"https:\/\/blog.corretoraideal.com.br\/index.php\/wp-json\/wp\/v2\/posts\/50892\/revisions\/50894"}],"wp:attachment":[{"href":"https:\/\/blog.corretoraideal.com.br\/index.php\/wp-json\/wp\/v2\/media?parent=50892"}],"wp:term":[{"taxonomy":"category","embeddable":true,"href":"https:\/\/blog.corretoraideal.com.br\/index.php\/wp-json\/wp\/v2\/categories?post=50892"},{"taxonomy":"post_tag","embeddable":true,"href":"https:\/\/blog.corretoraideal.com.br\/index.php\/wp-json\/wp\/v2\/tags?post=50892"}],"curies":[{"name":"wp","href":"https:\/\/api.w.org\/{rel}","templated":true}]}}