{"id":50895,"date":"2023-07-20T02:29:43","date_gmt":"2023-07-20T02:29:43","guid":{"rendered":"https:\/\/blog.corretoraideal.com.br\/?p=50895"},"modified":"2023-07-20T02:29:43","modified_gmt":"2023-07-20T02:29:43","slug":"nubank-adere-ao-desenrola-veja-bancos-que-estao-participando-do-programa-e-saiba-como-renegociar-suas-dividas-economia-g1","status":"publish","type":"post","link":"https:\/\/blog.corretoraideal.com.br\/index.php\/2023\/07\/20\/nubank-adere-ao-desenrola-veja-bancos-que-estao-participando-do-programa-e-saiba-como-renegociar-suas-dividas-economia-g1\/","title":{"rendered":"Nubank adere ao Desenrola; veja bancos que est\u00e3o participando do programa e saiba como renegociar suas d\u00edvidas | Economia | G1"},"content":{"rendered":"<p>      1 de 1&#013;Logotipo de Nubank na sede do banco, em S\u00e3o Paulo. \u2014 Foto: Paulo Whitaker\/Reuters    <\/p>\n<p> Logotipo de Nubank na sede do banco, em S\u00e3o Paulo. \u2014 Foto: Paulo Whitaker\/Reuters <\/p>\n<p> O Nubank anunciou nesta quarta-feira (19) que ir\u00e1 participar do <a class href=\"https:\/\/g1.globo.com\/economia\/noticia\/2023\/07\/14\/portaria-inicio-desenrola.ghtml\">Desenrola, programa de renegocia\u00e7\u00e3o de d\u00edvidas do governo federal<\/a>, e confirmou que <strong>vai retirar da lista de negativados o nome de pessoas com d\u00edvidas de at\u00e9 R$ 100.<\/strong> <\/p>\n<p>&quot;O Nubank informar\u00e1, oportunamente, as condi\u00e7\u00f5es e crit\u00e9rios para renegocia\u00e7\u00f5es no \u00e2mbito do programa, assim como os canais de atendimento que ser\u00e3o disponibilizados&quot;, informou o banco em comunicado.<\/p>\n<p> A institui\u00e7\u00e3o se junta ao <a class href=\"https:\/\/g1.globo.com\/tudo-sobre\/banco-do-brasil\/\">Banco do Brasil<\/a>, <a class href=\"https:\/\/g1.globo.com\/tudo-sobre\/bradesco\/\">Bradesco<\/a>, <a class href=\"https:\/\/g1.globo.com\/tudo-sobre\/caixa-economica-federal\/\">Caixa Econ\u00f4mica Federal<\/a>, <a class href=\"https:\/\/g1.globo.com\/tudo-sobre\/itau-unibanco\/\">Ita\u00fa Unibanco<\/a>, <a class href=\"http:\/\/g1.globo.com\/mundo\/espanha\/cidade\/santander.html\">Santander<\/a> e C6 Bank entre as que j\u00e1 confirmaram participa\u00e7\u00e3o no programa. <\/p>\n<p> Na primeira fase do Desenrola, pessoas com renda mensal de at\u00e9 <strong>R$ 20 mil <\/strong>poder\u00e3o renegociar suas d\u00edvidas diretamente com as institui\u00e7\u00f5es financeiras (entenda mais abaixo). <\/p>\n<p> Al\u00e9m da renegocia\u00e7\u00e3o, <strong>os bancos participantes do programa ter\u00e3o de &quot;limpar o nome&quot; de pessoas com d\u00edvidas de at\u00e9 R$ 100.<\/strong> O prazo para que as institui\u00e7\u00f5es terminem de dar baixa em seus sistemas, limpando os nomes dos endividados, \u00e9 o pr\u00f3ximo dia 28. <\/p>\n<p> Vale destacar, por\u00e9m, que <strong>a medida que limpa o nome dos clientes n\u00e3o \u00e9 um perd\u00e3o das d\u00edvidas.<\/strong> O d\u00e9bito continuar\u00e1 existindo, mas os bancos se comprometem, pelo programa, a n\u00e3o usar essa d\u00edvida para inserir os correntistas no cadastro negativo. <\/p>\n<ul>\n<li><a class href=\"https:\/\/g1.globo.com\/economia\/noticia\/2023\/07\/14\/desenrola-veja-perguntas-e-respostas-sobre-o-programa.ghtml\">Veja perguntas e respostas sobre o programa de renegocia\u00e7\u00e3o de d\u00edvidas<\/a><\/li>\n<\/ul>\n<p> <strong>Veja mais detalhes, abaixo, sobre como participar do programa em cada banco.<\/strong> <\/p>\n<p><h2><strong>Banco do Brasil<\/strong><\/h2>\n<\/p>\n<p> O Banco do Brasil informou que, a partir de segunda, ter\u00e1 &quot;ofertas diferenciadas, trazendo melhores condi\u00e7\u00f5es de renegocia\u00e7\u00e3o para seus clientes&quot;. <\/p>\n<p> Sobre a baixa da negativa\u00e7\u00e3o dos nomes de pessoas com d\u00edvidas inferiores a R$ 100, o banco informou que concluir\u00e1 o processo at\u00e9 a pr\u00f3xima sexta-feira (21). <\/p>\n<p> Os clientes interessados em renegociar as d\u00edvidas poder\u00e3o utilizar os seguintes canais: <\/p>\n<ul>\n<li>App BB;<\/li>\n<li>Internet Banking pelos endere\u00e7os <a class href=\"http:\/\/www.bb.com.br\/renegocie\" target=\"_blank\" rel=\"noopener noreferrer\">www.bb.com.br\/renegocie<\/a> para pessoas f\u00edsicas ou <a class href=\"http:\/\/www.bb.com.br\/renegociepj\" target=\"_blank\" rel=\"noopener noreferrer\">www.bb.com.br\/renegociepj<\/a> para pessoas jur\u00eddicas;<\/li>\n<li>Central de Relacionamento pelos n\u00fameros 4004-0001 (capitais) e 0800-729-0001 (demais regi\u00f5es);<\/li>\n<li>WhatsApp, enviando a mensagem &quot;#renegocie&quot; para o n\u00famero (61) 4004-0001;<\/li>\n<li>Toda a rede de ag\u00eancias.<\/li>\n<\/ul>\n<p><h2>Bradesco<\/h2>\n<\/p>\n<p> O Bradesco tamb\u00e9m confirmou a participa\u00e7\u00e3o no &quot;Desenrola&quot; e disse que as d\u00edvidas de at\u00e9 R$ 100 ser\u00e3o desnegativadas ao longo da pr\u00f3xima semana. <\/p>\n<p> O presidente do banco, Octavio de Lazari Junior, considera que o programa &quot;\u00e9 tempestivo e oportuno, pois impacta diretamente uma enorme massa de pessoas que perderam condi\u00e7\u00f5es de consumo pelo endividamento e dificuldades de honrar essas d\u00edvidas&quot; e garante que o Bradesco dar\u00e1 todo o apoio necess\u00e1rio para dar abrang\u00eancia e robustez ao &quot;Desenrola&quot;, com informa\u00e7\u00e3o ao cliente, com transpar\u00eancia e fluidez nas negocia\u00e7\u00f5es <\/p>\n<p> Os clientes poder\u00e3o fazer a renegocia\u00e7\u00e3o atrav\u00e9s do: <\/p>\n<ul>\n<li>Portal de renegocia\u00e7\u00e3o, pelo endere\u00e7o <a class href=\"http:\/\/banco.bradesco\/dividas\" target=\"_blank\" rel=\"noopener noreferrer\">banco.bradesco\/dividas<\/a>;<\/li>\n<li>Canais Digitais (Mobile, Internet Banking, Fone F\u00e1cil e ATM);<\/li>\n<li>Plataformas de parceiros;<\/li>\n<li>Toda a rede de ag\u00eancias.<\/li>\n<\/ul>\n<p><h2>Caixa Econ\u00f4mica Federal<\/h2>\n<\/p>\n<p> A Caixa Econ\u00f4mica Federal participa do &quot;Desenrola&quot; e informa que, entre as suas condi\u00e7\u00f5es especiais, est\u00e3o descontos de at\u00e9 90% (sem cobran\u00e7a de IOF) para quita\u00e7\u00f5es \u00e0 vista e o parcelamento de d\u00b4vidas de 12 a 96 meses. <\/p>\n<p> O banco tamb\u00e9m est\u00e1 promovendo, simultaneamente, uma campanha pr\u00f3pria denominada &quot;Tudo Em Dia CAIXA&quot;, com oportunidades de renegocia\u00e7\u00e3o das d\u00edvidas, de pessoas f\u00edsica ou jur\u00eddica, com descontos de at\u00e9 90%. <\/p>\n<p> Os clientes da institui\u00e7\u00e3o podem negociar as d\u00edvidas por meio do: <\/p>\n<ul>\n<li>Site <a class href=\"https:\/\/www.caixa.gov.br\/voce\/negociacao\/Paginas\/default.aspx\" target=\"_blank\" rel=\"noopener noreferrer\">CAIXA Desenrola<\/a>;<\/li>\n<li>WhatsApp 0800-104-0104;<\/li>\n<li>Telefones 4004-0104 para capitais e regi\u00f5es metropolitanas ou 0800-104-0104 para demais regi\u00f5es;<\/li>\n<li>App CAIXA Tem, na op\u00e7\u00e3o &quot;Desenrola Brasil&quot;.<\/li>\n<\/ul>\n<p><h2>Ita\u00fa Unibanco<\/h2>\n<\/p>\n<p> O Ita\u00fa \u00e9 mais um dos bancos que aderiram ao programa &quot;Desenrola&quot; e, em nota, informa que ir\u00e1 oferecer &quot;descontos atrativos e condi\u00e7\u00f5es especiais para a renegocia\u00e7\u00e3o, com redu\u00e7\u00e3o de taxas de juros de at\u00e9 60% para d\u00edvidas em atraso&quot;. <\/p>\n<p> A institui\u00e7\u00e3o explica que os clientes com nome sujo por d\u00edvidas de at\u00e9 R$ 100 ser\u00e3o denegativadas ao longo do m\u00eas de julho, mas ressalta que se o cliente n\u00e3o fizer a ades\u00e3o ao &quot;Desenrola&quot; nos pr\u00f3ximos meses, a negativa\u00e7\u00e3o ser\u00e1 inserida novamente nos cadastros de inadimpl\u00eancia. <\/p>\n<p> Os canais para ades\u00e3o ao programa s\u00e3o: <\/p>\n<ul>\n<li>WhatsApp (11) 4004-1144;<\/li>\n<li>Site <a class href=\"https:\/\/renegociacao.itau.com.br\/\" target=\"_blank\" rel=\"noopener noreferrer\">https:\/\/renegociacao.itau.com.br\/<\/a>.<\/li>\n<\/ul>\n<p><h2>Santander<\/h2>\n<\/p>\n<p> De acordo com o Santander, o banco ter\u00e1 ofertas para pessoas f\u00edsicas com e sem entrada, al\u00e9m de &quot;taxas flex\u00edveis, descontos de at\u00e9 90% e parcelamentos em at\u00e9 120 vezes&quot;. <\/p>\n<p> A institui\u00e7\u00e3o tamb\u00e9m afirma que, em seu setor de financiamentos, os clientes contar\u00e3o com ofertas de renegocia\u00e7\u00e3o com condi\u00e7\u00f5es in\u00e9ditas, a depender de cada perfil. <\/p>\n<p> Para participar, os clientes pessoa f\u00edsica poder\u00e3o entrar em contato com o banco pelo: <\/p>\n<ul>\n<li>telefones 4004-3535 (capitais e regi\u00f5es metropolitanas) ou 0800-722-9090 (demais localidades);<\/li>\n<li>Site <a class href=\"http:\/\/www.santander.com.br\/renegociacao\" target=\"_blank\" rel=\"noopener noreferrer\">www.santander.com.br\/renegociacao<\/a><\/li>\n<\/ul>\n<p> J\u00e1 para o Santander financiamentos, as op\u00e7\u00f5es de contato s\u00e3o: <\/p>\n<ul>\n<li>Telefone 4004-9090 (capitais e regi\u00f5es metropolitanas) e 0800-722-9090 (demais localidades);<\/li>\n<li>WhatsApp 4004-9090;<\/li>\n<li>Site <a class href=\"http:\/\/www.negociemais.santanderfinanciamentos.com.br\" target=\"_blank\" rel=\"noopener noreferrer\">www.negociemais.santanderfinanciamentos.com.br<\/a><\/li>\n<\/ul>\n<p><h2>C6 Bank<\/h2>\n<\/p>\n<p> O banco digital informou nesta quarta-feira que aderiu ao programa e que os <strong>clientes j\u00e1 podem pedir a renegocia\u00e7\u00e3o pelos seus canais de atendimento.<\/strong> <\/p>\n<p><h2>Regras para participar do &#x27;Desenrola&#x27;<\/h2>\n<\/p>\n<p> A faixa 2 do programa foca em resolver as d\u00edvidas de pessoas f\u00edsicas com d\u00edvidas financeiras negativadas at\u00e9 31 de dezembro de 2022, e renda mensal de at\u00e9 R$ 20 mil. <\/p>\n<p> Segundo o governo, cada institui\u00e7\u00e3o financeira renegociar\u00e1 suas pr\u00f3prias d\u00edvidas, sem a necessidade de consolida\u00e7\u00e3o de diferentes credores. <\/p>\n<p> N\u00e3o h\u00e1 necessidade de inscri\u00e7\u00e3o para atendimento em canais digitais do governo. Os bancos oferecer\u00e3o as condi\u00e7\u00f5es de renegocia\u00e7\u00e3o de d\u00edvidas diretamente aos seus clientes. <\/p>\n<p> Para que o programa funcione bem, o governo vai oferecer aos bancos um incentivo para que aumente a oferta de cr\u00e9dito. <\/p>\n<p> Na faixa 2, o &quot;Desenrola&quot; <strong>n\u00e3o <\/strong>atender\u00e1 renegocia\u00e7\u00f5es de d\u00edvidas dos seguintes tipos: <\/p>\n<ul>\n<li>d\u00edvidas de cr\u00e9dito rural;<\/li>\n<li>d\u00e9bitos com garantia da Uni\u00e3o ou de entidade p\u00fablica<\/li>\n<li>d\u00edvidas que n\u00e3o tenham o risco de cr\u00e9dito integralmente assumido pelos agentes financeiros;<\/li>\n<li>d\u00edvidas com qualquer tipo de previs\u00e3o de aporte de recursos p\u00fablicos;<\/li>\n<li>d\u00e9bitos com qualquer equaliza\u00e7\u00e3o de taxa de juros por parte da Uni\u00e3o.<\/li>\n<\/ul>\n<p> Cerca de 30 milh\u00f5es de pessoas devem ser beneficiadas nesta faixa, segundo o <a class href=\"https:\/\/g1.globo.com\/tudo-sobre\/ministerio-da-fazenda\/\">Minist\u00e9rio da Fazenda<\/a>. <\/p>\n<ul>\n<li> <a href=\"https:\/\/g1.globo.com\/tudo-sobre\/banco-do-brasil\/\" class=\"entities__list-itemLink\" data-track-click=\"Banco do Brasil\"> Banco do Brasil <\/a> <\/li>\n<li> <a href=\"https:\/\/g1.globo.com\/tudo-sobre\/bradesco\/\" class=\"entities__list-itemLink\" data-track-click=\"Bradesco\"> Bradesco <\/a> <\/li>\n<li> <a href=\"https:\/\/g1.globo.com\/tudo-sobre\/caixa-economica-federal\/\" class=\"entities__list-itemLink\" data-track-click=\"Caixa Econ\u00f4mica Federal\"> Caixa Econ\u00f4mica Federal <\/a> <\/li>\n<li> <a href=\"https:\/\/g1.globo.com\/tudo-sobre\/itau-unibanco\/\" class=\"entities__list-itemLink\" data-track-click=\"Ita\u00fa\"> Ita\u00fa <\/a> <\/li>\n<li> <a href=\"https:\/\/g1.globo.com\/tudo-sobre\/luiz-inacio-lula-da-silva\/\" class=\"entities__list-itemLink\" data-track-click=\"Luiz In\u00e1cio Lula da Silva\"> Luiz In\u00e1cio Lula da Silva <\/a> <\/li>\n<li> <a href=\"https:\/\/g1.globo.com\/tudo-sobre\/ministerio-da-fazenda\/\" class=\"entities__list-itemLink\" data-track-click=\"Minist\u00e9rio da Fazenda\"> Minist\u00e9rio da Fazenda <\/a> <\/li>\n<li> <a href=\"https:\/\/g1.globo.com\/mundo\/espanha\/cidade\/santander.html\" class=\"entities__list-itemLink\" data-track-click=\"Santander\"> Santander <\/a> <\/li>\n<\/ul>\n","protected":false},"excerpt":{"rendered":"<p>1 de 1&#013;Logotipo de Nubank na sede do banco, em S\u00e3o Paulo. \u2014 Foto: Paulo Whitaker\/Reuters Logotipo de Nubank na sede do banco, em S\u00e3o Paulo. \u2014 Foto: Paulo Whitaker\/Reuters O Nubank anunciou nesta quarta-feira (19) que ir\u00e1 participar do Desenrola, programa de renegocia\u00e7\u00e3o de d\u00edvidas do governo federal, e confirmou que vai retirar da [&hellip;]<\/p>\n","protected":false},"author":1,"featured_media":0,"comment_status":"closed","ping_status":"closed","sticky":false,"template":"","format":"standard","meta":{"footnotes":""},"categories":[],"tags":[],"class_list":["post-50895","post","type-post","status-publish","format-standard","hentry"],"_links":{"self":[{"href":"https:\/\/blog.corretoraideal.com.br\/index.php\/wp-json\/wp\/v2\/posts\/50895","targetHints":{"allow":["GET"]}}],"collection":[{"href":"https:\/\/blog.corretoraideal.com.br\/index.php\/wp-json\/wp\/v2\/posts"}],"about":[{"href":"https:\/\/blog.corretoraideal.com.br\/index.php\/wp-json\/wp\/v2\/types\/post"}],"author":[{"embeddable":true,"href":"https:\/\/blog.corretoraideal.com.br\/index.php\/wp-json\/wp\/v2\/users\/1"}],"replies":[{"embeddable":true,"href":"https:\/\/blog.corretoraideal.com.br\/index.php\/wp-json\/wp\/v2\/comments?post=50895"}],"version-history":[{"count":1,"href":"https:\/\/blog.corretoraideal.com.br\/index.php\/wp-json\/wp\/v2\/posts\/50895\/revisions"}],"predecessor-version":[{"id":50897,"href":"https:\/\/blog.corretoraideal.com.br\/index.php\/wp-json\/wp\/v2\/posts\/50895\/revisions\/50897"}],"wp:attachment":[{"href":"https:\/\/blog.corretoraideal.com.br\/index.php\/wp-json\/wp\/v2\/media?parent=50895"}],"wp:term":[{"taxonomy":"category","embeddable":true,"href":"https:\/\/blog.corretoraideal.com.br\/index.php\/wp-json\/wp\/v2\/categories?post=50895"},{"taxonomy":"post_tag","embeddable":true,"href":"https:\/\/blog.corretoraideal.com.br\/index.php\/wp-json\/wp\/v2\/tags?post=50895"}],"curies":[{"name":"wp","href":"https:\/\/api.w.org\/{rel}","templated":true}]}}