{"id":50898,"date":"2023-07-20T05:29:44","date_gmt":"2023-07-20T05:29:44","guid":{"rendered":"https:\/\/blog.corretoraideal.com.br\/?p=50898"},"modified":"2023-07-20T05:29:44","modified_gmt":"2023-07-20T05:29:44","slug":"cadastro-para-o-programa-de-aquisicao-de-alimentos-e-prorrogado-ate-sexta-em-campos-norte-fluminense-g1","status":"publish","type":"post","link":"https:\/\/blog.corretoraideal.com.br\/index.php\/2023\/07\/20\/cadastro-para-o-programa-de-aquisicao-de-alimentos-e-prorrogado-ate-sexta-em-campos-norte-fluminense-g1\/","title":{"rendered":"Cadastro para o Programa de Aquisi\u00e7\u00e3o de Alimentos \u00e9 prorrogado at\u00e9 sexta em Campos | Norte Fluminense | G1"},"content":{"rendered":"<p>      1 de 1&#013;Agricultores familiares e entidades que prestam atendimento socioassistencial devem enviar documenta\u00e7\u00e3o at\u00e9 21 de julho para participar do Progama de Aquisi\u00e7\u00e3o de Alimentos \u2014 Foto: C\u00e9sar Ferreira\/Prefeitura de Campos    <\/p>\n<p> Agricultores familiares e entidades que prestam atendimento socioassistencial devem enviar documenta\u00e7\u00e3o at\u00e9 21 de julho para participar do Progama de Aquisi\u00e7\u00e3o de Alimentos \u2014 Foto: C\u00e9sar Ferreira\/Prefeitura de Campos <\/p>\n<p> Foi prorrogado at\u00e9 sexta-feira (21) o prazo para a entrega de documentos de interessados em participar da chamada p\u00fablica n\u00ba 001\/2023 para o Programa de Aquisi\u00e7\u00e3o de Alimentos (PAA), na modalidade Compra com Doa\u00e7\u00e3o Simult\u00e2nea, em <a class href=\"https:\/\/g1.globo.com\/rj\/norte-fluminense\/cidade\/campos-dos-goytacazes\/\">Campos dos Goytacazes<\/a>, no Norte Fluminense. <\/p>\n<p> O chamamento \u00e9 para o cadastro e sele\u00e7\u00e3o de agricultores familiares detentores da DAP &#8211; Declara\u00e7\u00e3o de Aptid\u00e3o ao Pronaf (Programa Nacional da Agricultura Familiar) e do CAF (Cadastro Nacional da Agricultura Familiar) e para entidades da rede socioassistencial do munic\u00edpio. <\/p>\n<p> A prorroga\u00e7\u00e3o do cadastro foi publicada no Di\u00e1rio Oficial desta ter\u00e7a-feira (18). <\/p>\n<p> Foram disponibilizados, ao todo, R$ 1,2 milh\u00e3o para a aquisi\u00e7\u00e3o direta de alimentos da agricultura familiar. Os alimentos ser\u00e3o doados a entidades socioassistenciais sem fins lucrativos, governamentais e n\u00e3o governamentais, que fornecem refei\u00e7\u00f5es prontas, gratuitas e cont\u00ednuas a pessoas em situa\u00e7\u00e3o de vulnerabilidade social e alimentar. <\/p>\n<p> Os recursos do Minist\u00e9rio do Desenvolvimento e Assist\u00eancia Social, Fam\u00edlia e Combate \u00e0 Fome ser\u00e3o pagos diretamente aos agricultores que comercializarem sua produ\u00e7\u00e3o. <\/p>\n<p> As entidades selecionadas e consideradas aptas ser\u00e3o beneficiadas com a doa\u00e7\u00e3o, como forma de assegurar a alimenta\u00e7\u00e3o e nutri\u00e7\u00e3o dos assistidos. <\/p>\n<p><h2>Entrega da documenta\u00e7\u00e3o<\/h2>\n<\/p>\n<p> A documenta\u00e7\u00e3o dever\u00e1 ser apresentada por agricultores familiares e entidades na Secretaria de Agricultura, na Avenida Presidente Vargas, n\u00ba 132, Pecu\u00e1ria, das 9h \u00e0s 17h. <\/p>\n<p> A secretaria tamb\u00e9m disponibilizou os telefones (22) 98175-0886 e (22) 98126-5475 e os e-mails agricultura@campos.rj.gov.br e agricultura.cg@gmail.com para atendimento aos interessados. O \u00f3rg\u00e3o tamb\u00e9m alerta que n\u00e3o ser\u00e3o aceitas inscri\u00e7\u00f5es com documenta\u00e7\u00e3o incompleta ou documentos entregues ap\u00f3s o dia 4 de agosto. <\/p>\n<p> Veja abaixo os documentos exigidos e, para mais informa\u00e7\u00f5es, basta acessar <a class href=\"https:\/\/www.campos.rj.gov.br\/app\/assets\/diario-oficial\/link\/5860\" target=\"_blank\" rel=\"noopener noreferrer\">o edital da Chamada P\u00fablica para o PAA<\/a>. <\/p>\n<p><h2>Documentos para habilita\u00e7\u00e3o dos agricultores<\/h2>\n<\/p>\n<ul>\n<li>C\u00f3pia de inscri\u00e7\u00e3o no Cadastro de Pessoa F\u00edsica (CPF);<\/li>\n<li>C\u00f3pia do RG;<\/li>\n<li>Comprovante de Endere\u00e7o;<\/li>\n<li>C\u00f3pia da DAP principal (Declara\u00e7\u00e3o de Aptid\u00e3o ao Programa Nacional de Fortalecimento da Agricultura Familiar \u2014 PRONAF) ou CAF (caso o fornecedor j\u00e1 tenha migrado);<\/li>\n<li>C\u00f3pia da certid\u00e3o da Inscri\u00e7\u00e3o Estadual;<\/li>\n<li>Comprova\u00e7\u00e3o da inscri\u00e7\u00e3o no Cad\u00danico, se for o caso;<\/li>\n<li>Para fornecedores de org\u00e2nicos, apresentar C\u00f3pia da Certifica\u00e7\u00e3o (conforme Lei n\u00ba 10.831\/2003);<\/li>\n<\/ul>\n<p><h2>Crit\u00e9rios para participa\u00e7\u00e3o das entidades<\/h2>\n<\/p>\n<p> Poder\u00e3o participar desta chamada p\u00fablica, entidades que atendam aos seguintes requisitos: <\/p>\n<ul>\n<li>I &#8211; N\u00e3o tenha fins lucrativos;<\/li>\n<li>II \u2013 Preste assist\u00eancia alimentar a indiv\u00edduos e\/ou fam\u00edlias em situa\u00e7\u00e3o de vulnerabilidade socioecon\u00f4mica e inseguran\u00e7a alimentar e nutricional;<\/li>\n<li>III &#8211; Possua inscri\u00e7\u00e3o ativa no Cadastro Nacional de Pessoas Jur\u00eddicas &#8211; CNPJ;<\/li>\n<li>IV &#8211; Seja localizada no Munic\u00edpio de Campos dos Goytacazes;<\/li>\n<li>V &#8211; Comprometam-se a atender \u00e0s responsabilidades e obriga\u00e7\u00f5es definidas nos Termos desse Edital, item 12.<\/li>\n<li>VI \u2013 Al\u00e9m do rol de documentos exigidos no Item 11 do edital.<\/li>\n<\/ul>\n<ul>\n<li> <a href=\"https:\/\/g1.globo.com\/rj\/norte-fluminense\/cidade\/campos-dos-goytacazes\/\" class=\"entities__list-itemLink\" data-track-click=\"Campos dos Goytacazes\"> Campos dos Goytacazes <\/a> <\/li>\n<\/ul>\n","protected":false},"excerpt":{"rendered":"<p>1 de 1&#013;Agricultores familiares e entidades que prestam atendimento socioassistencial devem enviar documenta\u00e7\u00e3o at\u00e9 21 de julho para participar do Progama de Aquisi\u00e7\u00e3o de Alimentos \u2014 Foto: C\u00e9sar Ferreira\/Prefeitura de Campos Agricultores familiares e entidades que prestam atendimento socioassistencial devem enviar documenta\u00e7\u00e3o at\u00e9 21 de julho para participar do Progama de Aquisi\u00e7\u00e3o de Alimentos \u2014 [&hellip;]<\/p>\n","protected":false},"author":1,"featured_media":0,"comment_status":"closed","ping_status":"closed","sticky":false,"template":"","format":"standard","meta":{"footnotes":""},"categories":[],"tags":[],"class_list":["post-50898","post","type-post","status-publish","format-standard","hentry"],"_links":{"self":[{"href":"https:\/\/blog.corretoraideal.com.br\/index.php\/wp-json\/wp\/v2\/posts\/50898","targetHints":{"allow":["GET"]}}],"collection":[{"href":"https:\/\/blog.corretoraideal.com.br\/index.php\/wp-json\/wp\/v2\/posts"}],"about":[{"href":"https:\/\/blog.corretoraideal.com.br\/index.php\/wp-json\/wp\/v2\/types\/post"}],"author":[{"embeddable":true,"href":"https:\/\/blog.corretoraideal.com.br\/index.php\/wp-json\/wp\/v2\/users\/1"}],"replies":[{"embeddable":true,"href":"https:\/\/blog.corretoraideal.com.br\/index.php\/wp-json\/wp\/v2\/comments?post=50898"}],"version-history":[{"count":1,"href":"https:\/\/blog.corretoraideal.com.br\/index.php\/wp-json\/wp\/v2\/posts\/50898\/revisions"}],"predecessor-version":[{"id":50900,"href":"https:\/\/blog.corretoraideal.com.br\/index.php\/wp-json\/wp\/v2\/posts\/50898\/revisions\/50900"}],"wp:attachment":[{"href":"https:\/\/blog.corretoraideal.com.br\/index.php\/wp-json\/wp\/v2\/media?parent=50898"}],"wp:term":[{"taxonomy":"category","embeddable":true,"href":"https:\/\/blog.corretoraideal.com.br\/index.php\/wp-json\/wp\/v2\/categories?post=50898"},{"taxonomy":"post_tag","embeddable":true,"href":"https:\/\/blog.corretoraideal.com.br\/index.php\/wp-json\/wp\/v2\/tags?post=50898"}],"curies":[{"name":"wp","href":"https:\/\/api.w.org\/{rel}","templated":true}]}}