{"id":50912,"date":"2023-07-20T12:30:59","date_gmt":"2023-07-20T12:30:59","guid":{"rendered":"https:\/\/blog.corretoraideal.com.br\/?p=50912"},"modified":"2023-07-20T12:30:59","modified_gmt":"2023-07-20T12:30:59","slug":"nestle-vai-investir-r-27-bilhoes-para-ampliar-producao-no-brasil-economia-g1","status":"publish","type":"post","link":"https:\/\/blog.corretoraideal.com.br\/index.php\/2023\/07\/20\/nestle-vai-investir-r-27-bilhoes-para-ampliar-producao-no-brasil-economia-g1\/","title":{"rendered":"Nestl\u00e9 vai investir R$ 2,7 bilh\u00f5es para ampliar produ\u00e7\u00e3o no Brasil | Economia | G1"},"content":{"rendered":"\n<p> A <a class href=\"https:\/\/g1.globo.com\/tudo-sobre\/nestle\/\">Nestl\u00e9<\/a> vai investir R$ 2,7 bilh\u00f5es no Brasil at\u00e9 2026 para ampliar e atualizar f\u00e1bricas de biscoitos e chocolates no pa\u00eds, afirmou a multinacional su\u00ed\u00e7a nesta quinta-feira. <\/p>\n<p> Segundo a companhia, o investimento \u00e9 o triplo do aplicado no Brasil pela empresa nos \u00faltimos quatro anos e servir\u00e1 para &quot;acelerar estrat\u00e9gia de crescimento&quot; da <a class href=\"https:\/\/g1.globo.com\/tudo-sobre\/nestle\/\">Nestl\u00e9<\/a> no pa\u00eds no segmento de biscoitos e chocolates, &quot;que responde por fatia relevante dos neg\u00f3cios da multinacional&quot;. <\/p>\n<p> A <a class href=\"https:\/\/g1.globo.com\/tudo-sobre\/nestle\/\">Nestl\u00e9<\/a> teve crescimento de 24% nos \u00faltimos 12 meses no Brasil impulsionada pela &quot;alta demanda&quot; na categoria, afirmou a companhia, apesar do ambiente inflacion\u00e1rio que deprime os gastos dos consumidores. <\/p>\n<p> O investimento foi anunciado um m\u00eas depois de o Conselho Administrativo de Defesa Econ\u00f4mica ter finalmente aprovado a compra da Garoto pela <a class href=\"https:\/\/g1.globo.com\/tudo-sobre\/nestle\/\">Nestl\u00e9<\/a>, um neg\u00f3cio anunciado em 2002. <\/p>\n<p> A <a class href=\"https:\/\/g1.globo.com\/tudo-sobre\/nestle\/\">Nestl\u00e9<\/a> tem no Brasil o maior segmento de chocolates do grupo no mundo e o investimento vai modernizar e ampliar as linhas de produ\u00e7\u00e3o em Ca\u00e7apava (SP), Vila Velha (ES) e Mar\u00edlia (SP), afirmou a companhia. <\/p>\n<p> As f\u00e1bricas abastecem tanto o mercado brasileiro quanto exporta\u00e7\u00f5es da <a class href=\"https:\/\/g1.globo.com\/tudo-sobre\/nestle\/\">Nestl\u00e9<\/a> Brasil para cerca de 20 pa\u00edses. <\/p>\n<ul>\n<li> <a href=\"https:\/\/g1.globo.com\/tudo-sobre\/nestle\/\" class=\"entities__list-itemLink\" data-track-click=\"Nestl\u00e9\"> Nestl\u00e9 <\/a> <\/li>\n<\/ul>\n","protected":false},"excerpt":{"rendered":"<p>A Nestl\u00e9 vai investir R$ 2,7 bilh\u00f5es no Brasil at\u00e9 2026 para ampliar e atualizar f\u00e1bricas de biscoitos e chocolates no pa\u00eds, afirmou a multinacional su\u00ed\u00e7a nesta quinta-feira. Segundo a companhia, o investimento \u00e9 o triplo do aplicado no Brasil pela empresa nos \u00faltimos quatro anos e servir\u00e1 para &quot;acelerar estrat\u00e9gia de crescimento&quot; da Nestl\u00e9 [&hellip;]<\/p>\n","protected":false},"author":1,"featured_media":0,"comment_status":"closed","ping_status":"closed","sticky":false,"template":"","format":"standard","meta":{"footnotes":""},"categories":[],"tags":[],"class_list":["post-50912","post","type-post","status-publish","format-standard","hentry"],"_links":{"self":[{"href":"https:\/\/blog.corretoraideal.com.br\/index.php\/wp-json\/wp\/v2\/posts\/50912","targetHints":{"allow":["GET"]}}],"collection":[{"href":"https:\/\/blog.corretoraideal.com.br\/index.php\/wp-json\/wp\/v2\/posts"}],"about":[{"href":"https:\/\/blog.corretoraideal.com.br\/index.php\/wp-json\/wp\/v2\/types\/post"}],"author":[{"embeddable":true,"href":"https:\/\/blog.corretoraideal.com.br\/index.php\/wp-json\/wp\/v2\/users\/1"}],"replies":[{"embeddable":true,"href":"https:\/\/blog.corretoraideal.com.br\/index.php\/wp-json\/wp\/v2\/comments?post=50912"}],"version-history":[{"count":1,"href":"https:\/\/blog.corretoraideal.com.br\/index.php\/wp-json\/wp\/v2\/posts\/50912\/revisions"}],"predecessor-version":[{"id":50914,"href":"https:\/\/blog.corretoraideal.com.br\/index.php\/wp-json\/wp\/v2\/posts\/50912\/revisions\/50914"}],"wp:attachment":[{"href":"https:\/\/blog.corretoraideal.com.br\/index.php\/wp-json\/wp\/v2\/media?parent=50912"}],"wp:term":[{"taxonomy":"category","embeddable":true,"href":"https:\/\/blog.corretoraideal.com.br\/index.php\/wp-json\/wp\/v2\/categories?post=50912"},{"taxonomy":"post_tag","embeddable":true,"href":"https:\/\/blog.corretoraideal.com.br\/index.php\/wp-json\/wp\/v2\/tags?post=50912"}],"curies":[{"name":"wp","href":"https:\/\/api.w.org\/{rel}","templated":true}]}}