{"id":50915,"date":"2023-07-20T13:31:01","date_gmt":"2023-07-20T13:31:01","guid":{"rendered":"https:\/\/blog.corretoraideal.com.br\/?p=50915"},"modified":"2023-07-20T13:31:01","modified_gmt":"2023-07-20T13:31:01","slug":"whatsapp-e-lancado-para-relogios-inteligentes-com-sistema-wear-os-veja-funcoes-e-como-instalar-tecnologia-g1","status":"publish","type":"post","link":"https:\/\/blog.corretoraideal.com.br\/index.php\/2023\/07\/20\/whatsapp-e-lancado-para-relogios-inteligentes-com-sistema-wear-os-veja-funcoes-e-como-instalar-tecnologia-g1\/","title":{"rendered":"WhatsApp \u00e9 lan\u00e7ado para rel\u00f3gios inteligentes com sistema Wear OS; veja fun\u00e7\u00f5es e como instalar | Tecnologia | G1"},"content":{"rendered":"<p>      1 de 1&#013;WhatsApp para Wear OS \u2014 Foto: Divulga\u00e7\u00e3o\/Meta    <\/p>\n<p> WhatsApp para Wear OS \u2014 Foto: Divulga\u00e7\u00e3o\/Meta <\/p>\n<p> A Meta anunciou nesta quinta-feira (19) a disponibilidade do aplicativo do <a class href=\"https:\/\/g1.globo.com\/tudo-sobre\/whatsapp\/\">WhatsApp<\/a> para rel\u00f3gios inteligentes (smartwatches) com Wear OS 3, sistema operacional encontrado em dispositivos do <a class href=\"https:\/\/g1.globo.com\/tudo-sobre\/google\/\">Google<\/a> e da <a class href=\"https:\/\/g1.globo.com\/tudo-sobre\/samsung\/\">Samsung<\/a>. <\/p>\n<p> Segundo a empresa, com o novo aplicativo, usu\u00e1rios com rel\u00f3gios compat\u00edveis j\u00e1 podem responder a mensagens do WhatsApp sem precisar do celular por perto, <strong>desde que o rel\u00f3gio tenha acesso \u00e0 internet<\/strong>. <strong>Pelo pulso, a pessoa poder\u00e1: <\/strong> <\/p>\n<ul>\n<li>Iniciar uma nova conversa no WhatsApp;<\/li>\n<li>Responder a mensagens (textos, mensagens de voz e respostas r\u00e1pidas); <\/li>\n<li>Atender chamadas telef\u00f4nicas feitas no WhatsApp. <\/li>\n<\/ul>\n<p> A disponibilidade foi <a class href=\"https:\/\/www.facebook.com\/zuck\/posts\/pfbid0246ac1sxzRG7DkxtPWXdrwfvJCxWJdnPGRrMoABznh6tKyAPCK3MYCJXUDspmJ1Tfl\" target=\"_blank\" rel=\"noopener noreferrer\">adiantada por Mark Zuckerberg<\/a>, presidente-executivo da Meta, em maio deste ano, durante o Google I\/O 2023, evento para desenvolvedores do Google. <\/p>\n<p><h2>Como instalar o WhatsApp no rel\u00f3gio com Wear OS<\/h2>\n<\/p>\n<p> Caso tenha um rel\u00f3gio inteligente com sistema Wear OS 3, basta seguir o passo a passo abaixo para instalar o aplicativo do WhatsApp: <\/p>\n<li>Com o WhatsApp j\u00e1 instalado no seu celular, no rel\u00f3gio inteligente, <strong>procure pela Play Store<\/strong> (loja de aplicativos); <\/li>\n<li>Procure a se\u00e7\u00e3o<strong> &quot;Apps no seu smartphone&quot;<\/strong>;<\/li>\n<li>Para fazer o download do app no smartwatch, toque em <strong>&quot;Instalar&quot;<\/strong>.<\/li>\n<p> Tamb\u00e9m \u00e9 poss\u00edvel baixar pelo computador, <a class href=\"https:\/\/play.google.com\/store\/apps\/details?id=com.whatsapp&amp;hl\" target=\"_blank\" rel=\"noopener noreferrer\">clicando neste link<\/a>. Em seguida, toque no bot\u00e3o verde <strong>&quot;Instalar em outros locais&quot;<\/strong> e, ent\u00e3o, selecione o dispositivo. <\/p>\n<p> <strong>LEIA TAMB\u00c9M:<\/strong> <\/p>\n<ul>\n<li><a class href=\"https:\/\/g1.globo.com\/tecnologia\/noticia\/2023\/07\/17\/world-emoji-awards-emoji-mais-representativo-de-2023.ghtml#G1-TECNOLOGIA-FEED-user,rec-top,7963b269-ddbd-473b-ab62-7f5fc35a3999\">Emoji ? (carinha derretendo) \u00e9 eleito o mais representativo de 2023<\/a><\/li>\n<li><a class href=\"https:\/\/g1.globo.com\/tecnologia\/noticia\/2023\/07\/19\/samsung-lanca-recurso-de-bloqueio-remoto-de-celular-por-ligacao-servico-custa-r-3990-ao-ano.ghtml#G1-TECNOLOGIA-FEED-user,rec-top,7963b269-ddbd-473b-ab62-7f5fc35a3999\">Samsung lan\u00e7a recurso de bloqueio remoto de celular por liga\u00e7\u00e3o<\/a><\/li>\n<li><a class href=\"https:\/\/g1.globo.com\/tecnologia\/noticia\/2023\/01\/19\/saiba-como-remover-seu-rosto-casa-ou-carro-no-google-maps.ghtml\">Saiba como remover seu rosto, casa ou carro no Google Maps<\/a><\/li>\n<\/ul>\n<p>                   <img loading=\"lazy\" decoding=\"async\" class=\"aligncenter size-full wp-image-50917\" src=\"https:\/\/blog.corretoraideal.com.br\/wp-content\/uploads\/2023\/07\/whatsapp-libera-nova-protecao-contra-roubo-de-conta-veja-como-funciona-1.jpeg\" alt=\"WhatsApp libera nova prote\u00e7\u00e3o contra roubo de conta; veja como funciona\" width=\"800\" height=\"400\" \/>      <\/p>\n<p> WhatsApp libera nova prote\u00e7\u00e3o contra roubo de conta; veja como funciona <\/p>\n<ul>\n<li> <a href=\"https:\/\/g1.globo.com\/tudo-sobre\/google\/\" class=\"entities__list-itemLink\" data-track-click=\"Google\"> Google <\/a> <\/li>\n<li> <a href=\"https:\/\/g1.globo.com\/tudo-sobre\/mark-zuckerberg\/\" class=\"entities__list-itemLink\" data-track-click=\"Mark Zuckerberg\"> Mark Zuckerberg <\/a> <\/li>\n<li> <a href=\"https:\/\/g1.globo.com\/tudo-sobre\/samsung\/\" class=\"entities__list-itemLink\" data-track-click=\"Samsung\"> Samsung <\/a> <\/li>\n<li> <a href=\"https:\/\/g1.globo.com\/tudo-sobre\/whatsapp\/\" class=\"entities__list-itemLink\" data-track-click=\"WhatsApp\"> WhatsApp <\/a> <\/li>\n<\/ul>\n","protected":false},"excerpt":{"rendered":"<p>1 de 1&#013;WhatsApp para Wear OS \u2014 Foto: Divulga\u00e7\u00e3o\/Meta WhatsApp para Wear OS \u2014 Foto: Divulga\u00e7\u00e3o\/Meta A Meta anunciou nesta quinta-feira (19) a disponibilidade do aplicativo do WhatsApp para rel\u00f3gios inteligentes (smartwatches) com Wear OS 3, sistema operacional encontrado em dispositivos do Google e da Samsung. Segundo a empresa, com o novo aplicativo, usu\u00e1rios com [&hellip;]<\/p>\n","protected":false},"author":1,"featured_media":0,"comment_status":"closed","ping_status":"closed","sticky":false,"template":"","format":"standard","meta":{"footnotes":""},"categories":[],"tags":[],"class_list":["post-50915","post","type-post","status-publish","format-standard","hentry"],"_links":{"self":[{"href":"https:\/\/blog.corretoraideal.com.br\/index.php\/wp-json\/wp\/v2\/posts\/50915","targetHints":{"allow":["GET"]}}],"collection":[{"href":"https:\/\/blog.corretoraideal.com.br\/index.php\/wp-json\/wp\/v2\/posts"}],"about":[{"href":"https:\/\/blog.corretoraideal.com.br\/index.php\/wp-json\/wp\/v2\/types\/post"}],"author":[{"embeddable":true,"href":"https:\/\/blog.corretoraideal.com.br\/index.php\/wp-json\/wp\/v2\/users\/1"}],"replies":[{"embeddable":true,"href":"https:\/\/blog.corretoraideal.com.br\/index.php\/wp-json\/wp\/v2\/comments?post=50915"}],"version-history":[{"count":1,"href":"https:\/\/blog.corretoraideal.com.br\/index.php\/wp-json\/wp\/v2\/posts\/50915\/revisions"}],"predecessor-version":[{"id":50918,"href":"https:\/\/blog.corretoraideal.com.br\/index.php\/wp-json\/wp\/v2\/posts\/50915\/revisions\/50918"}],"wp:attachment":[{"href":"https:\/\/blog.corretoraideal.com.br\/index.php\/wp-json\/wp\/v2\/media?parent=50915"}],"wp:term":[{"taxonomy":"category","embeddable":true,"href":"https:\/\/blog.corretoraideal.com.br\/index.php\/wp-json\/wp\/v2\/categories?post=50915"},{"taxonomy":"post_tag","embeddable":true,"href":"https:\/\/blog.corretoraideal.com.br\/index.php\/wp-json\/wp\/v2\/tags?post=50915"}],"curies":[{"name":"wp","href":"https:\/\/api.w.org\/{rel}","templated":true}]}}