{"id":50919,"date":"2023-07-20T15:29:35","date_gmt":"2023-07-20T15:29:35","guid":{"rendered":"https:\/\/blog.corretoraideal.com.br\/?p=50919"},"modified":"2023-07-20T15:29:35","modified_gmt":"2023-07-20T15:29:35","slug":"morre-mulher-vitima-de-acidente-entre-carro-e-caminhao-de-lixo-em-campos-norte-fluminense-g1","status":"publish","type":"post","link":"https:\/\/blog.corretoraideal.com.br\/index.php\/2023\/07\/20\/morre-mulher-vitima-de-acidente-entre-carro-e-caminhao-de-lixo-em-campos-norte-fluminense-g1\/","title":{"rendered":"Morre mulher v\u00edtima de acidente entre carro e caminh\u00e3o de lixo em Campos | Norte Fluminense | G1"},"content":{"rendered":"<p>      1 de 1&#013;Raquel Gomes Faria, de 29 anos, n\u00e3o resistiu aos ferimentos e morreu no Hospital Ferreira Machado, em Campos \u2014 Foto: Yuri Ramos\/g1 e Arquivo pessoal    <\/p>\n<p> Raquel Gomes Faria, de 29 anos, n\u00e3o resistiu aos ferimentos e morreu no Hospital Ferreira Machado, em Campos \u2014 Foto: Yuri Ramos\/g1 e Arquivo pessoal <\/p>\n<p> Morreu na tarde desta quarta-feira (19) Raquel Gomes Faria, de 29 anos, v\u00edtima de <a class href=\"https:\/\/g1.globo.com\/rj\/norte-fluminense\/noticia\/2023\/07\/19\/acidente-entre-caminhao-de-coleta-de-lixo-e-carro-deixa-dois-feridos-em-campos.ghtml\">um acidente de carro com um caminh\u00e3o de lixo ocorrido na ter\u00e7a (18)<\/a> em um cruzamento na \u00e1rea central de <a class href=\"https:\/\/g1.globo.com\/rj\/norte-fluminense\/cidade\/campos-dos-goytacazes\/\">Campos dos Goytacazes<\/a>, Norte Fluminense. <\/p>\n<p> Segundo o Hospital Ferreira Machado, para onde a v\u00edtima foi levada, a paciente teve parada cardiorrespirat\u00f3ria, que foi restabelecida, mas ela n\u00e3o resistiu, morrendo por volta das 16h30. <\/p>\n<p> O marido de Raquel, de 43 anos, tamb\u00e9m estava no carro e continua internado na unidade. <\/p>\n<p> O paciente fez exame de tomografia, raio-x e foi medicado. Ele segue em observa\u00e7\u00e3o no setor de Curta Perman\u00eancia no Pronto Socorro em condi\u00e7\u00e3o est\u00e1vel de acordo com a \u00faltima atualiza\u00e7\u00e3o do hospital. <\/p>\n<p> O corpo de Raquel vai ser velado na Igreja Batista da localidade de Campo Novo, em Campos, e o enterro est\u00e1 previsto para acontecer ainda nesta quinta-feira (20) em um cemit\u00e9rio de Barcelos, que fica na cidade vizinha, em S\u00e3o Jo\u00e3o da Barra. <\/p>\n<ul>\n<li> <a href=\"https:\/\/g1.globo.com\/rj\/norte-fluminense\/cidade\/campos-dos-goytacazes\/\" class=\"entities__list-itemLink\" data-track-click=\"Campos dos Goytacazes\"> Campos dos Goytacazes <\/a> <\/li>\n<\/ul>\n","protected":false},"excerpt":{"rendered":"<p>1 de 1&#013;Raquel Gomes Faria, de 29 anos, n\u00e3o resistiu aos ferimentos e morreu no Hospital Ferreira Machado, em Campos \u2014 Foto: Yuri Ramos\/g1 e Arquivo pessoal Raquel Gomes Faria, de 29 anos, n\u00e3o resistiu aos ferimentos e morreu no Hospital Ferreira Machado, em Campos \u2014 Foto: Yuri Ramos\/g1 e Arquivo pessoal Morreu na tarde [&hellip;]<\/p>\n","protected":false},"author":1,"featured_media":0,"comment_status":"closed","ping_status":"closed","sticky":false,"template":"","format":"standard","meta":{"footnotes":""},"categories":[],"tags":[],"class_list":["post-50919","post","type-post","status-publish","format-standard","hentry"],"_links":{"self":[{"href":"https:\/\/blog.corretoraideal.com.br\/index.php\/wp-json\/wp\/v2\/posts\/50919","targetHints":{"allow":["GET"]}}],"collection":[{"href":"https:\/\/blog.corretoraideal.com.br\/index.php\/wp-json\/wp\/v2\/posts"}],"about":[{"href":"https:\/\/blog.corretoraideal.com.br\/index.php\/wp-json\/wp\/v2\/types\/post"}],"author":[{"embeddable":true,"href":"https:\/\/blog.corretoraideal.com.br\/index.php\/wp-json\/wp\/v2\/users\/1"}],"replies":[{"embeddable":true,"href":"https:\/\/blog.corretoraideal.com.br\/index.php\/wp-json\/wp\/v2\/comments?post=50919"}],"version-history":[{"count":1,"href":"https:\/\/blog.corretoraideal.com.br\/index.php\/wp-json\/wp\/v2\/posts\/50919\/revisions"}],"predecessor-version":[{"id":50921,"href":"https:\/\/blog.corretoraideal.com.br\/index.php\/wp-json\/wp\/v2\/posts\/50919\/revisions\/50921"}],"wp:attachment":[{"href":"https:\/\/blog.corretoraideal.com.br\/index.php\/wp-json\/wp\/v2\/media?parent=50919"}],"wp:term":[{"taxonomy":"category","embeddable":true,"href":"https:\/\/blog.corretoraideal.com.br\/index.php\/wp-json\/wp\/v2\/categories?post=50919"},{"taxonomy":"post_tag","embeddable":true,"href":"https:\/\/blog.corretoraideal.com.br\/index.php\/wp-json\/wp\/v2\/tags?post=50919"}],"curies":[{"name":"wp","href":"https:\/\/api.w.org\/{rel}","templated":true}]}}