{"id":50922,"date":"2023-07-20T17:30:24","date_gmt":"2023-07-20T17:30:24","guid":{"rendered":"https:\/\/blog.corretoraideal.com.br\/?p=50922"},"modified":"2023-07-20T17:30:24","modified_gmt":"2023-07-20T17:30:24","slug":"justica-nega-efeito-suspensivo-e-mantem-falencia-da-shefa-campinas-e-regiao-g1","status":"publish","type":"post","link":"https:\/\/blog.corretoraideal.com.br\/index.php\/2023\/07\/20\/justica-nega-efeito-suspensivo-e-mantem-falencia-da-shefa-campinas-e-regiao-g1\/","title":{"rendered":"Justi\u00e7a nega efeito suspensivo e mant\u00e9m fal\u00eancia da Shefa | Campinas e Regi\u00e3o | G1"},"content":{"rendered":"\n<ul>\n<li>\n<p> Justi\u00e7a decretou a fal\u00eancia da Shefa na \u00faltima quarta-feira <\/p>\n<\/li>\n<li>\n<p> Segundo o juiz, ind\u00edcios de fraudes durante o processo basearam a decis\u00e3o <\/p>\n<\/li>\n<li>\n<p> A atividade empresarial ser\u00e1 mantida at\u00e9 a liquida\u00e7\u00e3o do bloco <\/p>\n<\/li>\n<li>\n<p> Nova gestora da empresa afirma que decis\u00e3o permite &#x27;preserva\u00e7\u00e3o e valoriza\u00e7\u00e3o do ativo&#x27; <\/p>\n<\/li>\n<\/ul>\n<p> Justi\u00e7a decretou a fal\u00eancia da Shefa na \u00faltima quarta-feira <\/p>\n<p> Segundo o juiz, ind\u00edcios de fraudes durante o processo basearam a decis\u00e3o <\/p>\n<p> A atividade empresarial ser\u00e1 mantida at\u00e9 a liquida\u00e7\u00e3o do bloco <\/p>\n<p> Nova gestora da empresa afirma que decis\u00e3o permite &#x27;preserva\u00e7\u00e3o e valoriza\u00e7\u00e3o do ativo&#x27; <\/p>\n<p>         1 de 1&#013;Sede da Shefa em Amparo \u2014 Foto: Heitor Moreira\/EPTV    <\/p>\n<p> Sede da Shefa em Amparo \u2014 Foto: Heitor Moreira\/EPTV <\/p>\n<p> O Tribunal de Justi\u00e7a de S\u00e3o Paulo (TJ-SP) negou um pedido de efeito suspensivo e manteve a <a class href=\"https:\/\/g1.globo.com\/sp\/campinas-regiao\/noticia\/2023\/07\/13\/justica-decreta-falencia-da-shefa-empresa-de-laticinios.ghtml\">fal\u00eancia da Agropecu\u00e1ria Tuiuti S\/A<\/a>, respons\u00e1vel pela administra\u00e7\u00e3o da Shefa, uma das principais empresas de latic\u00ednios do pa\u00eds. <\/p>\n<p> O pedido de recurso foi feito pelos antigos gestores da empresa, que foram afastados pela Justi\u00e7a ap\u00f3s <a class href=\"https:\/\/g1.globo.com\/sp\/campinas-regiao\/noticia\/2023\/07\/13\/entenda-as-acusacoes-de-fraude-que-levaram-a-shefa-a-falencia.ghtml\">v\u00e1rios ind\u00edcios de fraudes no processo de recupera\u00e7\u00e3o judicial<\/a>. <\/p>\n<p> <strong>LEIA TAMB\u00c9M<\/strong> <\/p>\n<ul>\n<li><a class href=\"https:\/\/g1.globo.com\/sp\/campinas-regiao\/noticia\/2023\/07\/17\/com-falencia-decretada-shefa-atua-ha-5-decadas-produz-7-milhoes-de-litros-de-laticinios-por-mes-e-tem-faturamento-de-r-40-mi-raio-x.ghtml\">Com fal\u00eancia decretada, Shefa atua h\u00e1 5 d\u00e9cadas, produz 7 milh\u00f5es de litros de latic\u00ednios por m\u00eas e tem faturamento de R$ 40 mi; raio-x<\/a><\/li>\n<\/ul>\n<p> Na decis\u00e3o, o desembargador Jo\u00e3o Batista de Mello Paula Lima afirma que n\u00e3o h\u00e1 &quot;urg\u00eancia para concess\u00e3o do efeito suspensivo&quot;, j\u00e1 que a companhia pode manter a atividade empresarial, agora sob o comando de uma gestora judicial. <\/p>\n<p> &quot;N\u00e3o se verifica, outrossim, pelo momento, a necess\u00e1ria urg\u00eancia para concess\u00e3o do efeito suspensivo, tendo em vista que a decis\u00e3o recorrida ressalvou a continuidade provis\u00f3ria da atividade empresarial at\u00e9 sua eventual liquida\u00e7\u00e3o em bloco, nomeando provisoriamente gestora judicial profissional&quot;, diz trecho. <\/p>\n<p> O <a class href=\"https:\/\/g1.globo.com\/sp\/campinas-regiao\/\">g1<\/a> n\u00e3o conseguiu contato com os antigos gestores. <\/p>\n<p><h2>A Shefa<\/h2>\n<\/p>\n<p> No mercado desde 1976, a Shefa \u00e9 uma das principais empresa de latic\u00ednios do pa\u00eds. <strong>Veja abaixo dados sobre produ\u00e7\u00e3o e faturamento da Shefa:<\/strong> <\/p>\n<p> <strong>? O que e quanto \u00e9 produzido?<\/strong> Segundo o novo gestor judicial da empresa, Frank Koji MIgiyama, a Shefa contabilizou <strong>7 milh\u00f5es de litros <\/strong>de latic\u00ednios produzidos no \u00faltimo m\u00eas de junho. Com essa m\u00e9dia, em um ano, a empresa produziria em torno de <strong>84 milh\u00f5es de litros<\/strong>. <\/p>\n<p> Entre os principais produtos, est\u00e3o leite, sucos, bebida l\u00e1ctea, creme de leite, achocolatado em p\u00f3 e alimentos \u00e0 base de soja. <\/p>\n<p> <strong>? Est\u00e1 entre as maiores? <\/strong>Como efeito de compara\u00e7\u00e3o, em um ranking das 14 principais marcas de latic\u00ednios do Brasil <a class href=\"https:\/\/www.abraleite.org.br\/2023\/05\/05\/ranking-da-abraleite-conquista-novas-grandes-empresas\/\" target=\"_blank\" rel=\"noopener noreferrer\">divulgado em maio pela Associa\u00e7\u00e3o Brasileira dos Produtores de Leite (Abraleite)<\/a>, a 14\u00aa foi a DPA Brasil, que captou 97,2 milh\u00f5es de litros de leite em 2022. A l\u00edder \u00e9 a Latic\u00ednios Bela Vista, com recep\u00e7\u00e3o de cerca de 1,5 bilh\u00e3o. <\/p>\n<p> Apesar do n\u00famero mais recente da Shefa, o novo gestor afirmou que a empresa tem capacidade para produzir at\u00e9 <strong>30 milh\u00f5es de litros<\/strong> por m\u00eas. Com essa quantidade, a Shefa figuraria em <strong>9\u00aa no ranking<\/strong> da Abraleite. <\/p>\n<p> <strong>? Qual \u00e9 o faturamento?<\/strong> De acordo com o gestor judicial, o faturamento da Shefa gira em torno de <strong>R$ 40 milh\u00f5es<\/strong> por m\u00eas. <\/p>\n<ul>\n<li><a class href=\"https:\/\/g1.globo.com\/sp\/campinas-regiao\/noticia\/2023\/07\/13\/entenda-as-acusacoes-de-fraude-que-levaram-a-shefa-a-falencia.ghtml\">Entenda as acusa\u00e7\u00f5es de fraude que levaram a Shefa \u00e0 fal\u00eancia<\/a><\/li>\n<\/ul>\n<p><h2>&#x27;Valoriza\u00e7\u00e3o do ativo&#x27;<\/h2>\n<\/p>\n<p> A nova gestora judicial da <a class href=\"https:\/\/g1.globo.com\/sp\/campinas-regiao\/noticia\/2023\/07\/14\/shefa-se-manifesta-pela-1a-vez-apos-ter-falencia-decretada-e-diz-que-decisao-permite-preservacao-e-valorizacao-do-ativo.ghtml\">Agropecu\u00e1ria Tuiuti se manifestou na \u00faltima sexta-feira (14) pela primeira vez<\/a> desde que a empresa teve a fal\u00eancia decretada. <\/p>\n<p> &quot;A decis\u00e3o judicial permite a melhor preserva\u00e7\u00e3o e valoriza\u00e7\u00e3o do ativo, com a finalidade de otimiza\u00e7\u00e3o de uma via de sa\u00edda que permita prestigiar, na melhor extens\u00e3o poss\u00edvel, a todos os stakeholders, conservando as rela\u00e7\u00f5es de emprego, os contratos, o recolhimento de impostos e demais reflexos sociais relevantes&quot;, diz nota da gestora. <\/p>\n<p> A atividade empresarial ser\u00e1 mantida at\u00e9 a liquida\u00e7\u00e3o do bloco, como forma de preservar o emprego dos mais de 300 funcion\u00e1rios e para o benef\u00edcio da coletividade dos credores. O juiz tamb\u00e9m determinou que nenhum contrato ou obriga\u00e7\u00e3o vinculado \u00e0 Shefa seja suspenso. <\/p>\n<p> <strong>Confira na \u00edntegra o comunicado da nova gestora da Shefa:<\/strong> <\/p>\n<p> &quot;A decis\u00e3o judicial proferida em 12 de julho de 2023, pela 1\u00aa Vara C\u00edvel de <a class href=\"https:\/\/g1.globo.com\/sp\/campinas-regiao\/cidade\/amparo-sp\/\">Amparo<\/a>, decretou a fal\u00eancia da companhia, mas tamb\u00e9m determinou a continua\u00e7\u00e3o das atividades empresariais, com a manuten\u00e7\u00e3o da vig\u00eancia de todos os empregos e contratos, assim como a nomea\u00e7\u00e3o de uma Gestora Judicial, a FKConsulting.PRO (FK), representada pelo s\u00f3cio-diretor Sr. Frank K. Migiyama, em substitui\u00e7\u00e3o aos administradores da companhia.  <\/p>\n<p> Assim, as atividades da companhia foram integralmente mantidas pela decis\u00e3o judicial, tendo a Gestora Judicial assumido a gest\u00e3o da companhia. A decis\u00e3o judicial permite a melhor preserva\u00e7\u00e3o e valoriza\u00e7\u00e3o do ativo, com a finalidade de otimiza\u00e7\u00e3o de uma via de sa\u00edda que permita prestigiar, na melhor extens\u00e3o poss\u00edvel, a todos os stakeholders, conservando as rela\u00e7\u00f5es de emprego, os contratos, o recolhimento de impostos e demais reflexos sociais relevantes.&quot; <\/p>\n<p><h2>Acusa\u00e7\u00f5es de fraudes<\/h2>\n<\/p>\n<p> Acusa\u00e7\u00f5es de fraudes durante o processo de recupera\u00e7\u00e3o judicial levaram o Tribunal de Justi\u00e7a de S\u00e3o Paulo (TJ-SP) a decretar a fal\u00eancia da Shefa. <\/p>\n<p> O <a class href=\"https:\/\/g1.globo.com\/sp\/campinas-regiao\/\">g1<\/a> obteve acesso \u00e0 decis\u00e3o de fal\u00eancia, na qual o juiz Fernando Leonardi Campanella, da 1\u00aa Vara do Foro de Amparo, detalhou os ind\u00edcios de fraudes relacionados \u00e0 empresa. <\/p>\n<p> Segundo Campanella, em 2015, a Shefa j\u00e1 vivia dificuldades financeiras. Foi ent\u00e3o que um empres\u00e1rio come\u00e7ou a injetar capital na empresa e ganhou como garantia a posse da marca. <\/p>\n<p> No ano seguinte, a venda da Shefa foi oficializada a um terceiro, mas com duas empresas do empres\u00e1rio que injetava o capital como &quot;garantidoras&quot; das obriga\u00e7\u00f5es assumidas pelo comprador. Uma delas tamb\u00e9m era credora da Shefa. <\/p>\n<p> Pouco tempo depois da venda, de acordo com o magistrado, houve o primeiro ind\u00edcio de fraude. O ent\u00e3o dono teria prestado garantias em prol da empresa garantidora\/credora, de modo a abranger d\u00edvidas passadas no valor de R$ 35 milh\u00f5es, o que seria ilegal. <\/p>\n<p> &quot;A concess\u00e3o de garantias por d\u00edvidas contra\u00eddas anteriormente, sem dispor de bens livres e desembara\u00e7ados suficientes para saldar o passivo, \u00e9 expressamente vedada&quot;, diz trecho. <\/p>\n<p> Outro ind\u00edcio apontado foi quando o dono reconheceu uma d\u00edvida no valor de R$ 14.556.389,80, a ser paga em 60 presta\u00e7\u00f5es de R$ 795.999,39. O parcelamento, com os juros, elevou a d\u00edvida para <strong>R$ 47.759.963,40<\/strong>. <\/p>\n<p> &quot;Ou seja, s\u00f3 de juros o dono da Shefa consentiu que sua empresa pagasse 228% a mais em rela\u00e7\u00e3o ao montante da d\u00edvida existente&quot;, afirma. <\/p>\n<p> Por fim, em outra confiss\u00e3o de d\u00edvida, o propriet\u00e1rio teria dado como garantia \u00e0 credora e garantidora a &quot;Fazenda S\u00e3o Francisco&quot;, im\u00f3vel onde est\u00e1 instalada a sede da empresa em Amparo. <\/p>\n<p> &quot;Observando-se que as finan\u00e7as da empresa Shefa caminhavam mal e antevendo futuro pedido de recupera\u00e7\u00e3o judicial, buscou-se proteger o referido bem de raiz, de elevado valor de mercado e poss\u00edvel arrecada\u00e7\u00e3o naquele pedido de recupera\u00e7\u00e3o&quot;, cita o juiz. <\/p>\n<p><h2>O que concluiu o juiz?<\/h2>\n<\/p>\n<p> De acordo com a Justi\u00e7a, o empres\u00e1rio garantidor\/credor se relacionou ao processo de compra da Shefa para atuar na empresa e, ao mesmo tempo, beneficiar-se como credor. <strong>Veja os pontos destacados pelo juiz Fernando Leonardi Campanella<\/strong>: <\/p>\n<ul>\n<li>O ent\u00e3o dono nunca foi, de fato, o acionista controlador da recuperanda, <strong>atuando como verdadeiro \u201claranja\u201d<\/strong>, visando assegurar interesses de terceiros, contr\u00e1rios aos da &quot;sua&quot; pr\u00f3pria empresa, futura recuperanda;<\/li>\n<li>a empresa credora n\u00e3o exercia, na pr\u00e1tica, atividade predominante de fomento em prol da recuperanda, mas, sim, <strong>atividade voltada a gerar lucros por meio de empr\u00e9stimos disfar\u00e7ados e controlava a recuperanda<\/strong>, sua devedora;<\/li>\n<li>as confiss\u00f5es de d\u00edvidas e institui\u00e7\u00f5es de garantias n\u00e3o tinham por escopo salvaguardar interesses da recuperanda, mas, sim, <strong>aqueles exclusivamente de credores vinculados ao garantidor<\/strong>.<\/li>\n<\/ul>\n<p> &quot;Sem d\u00favidas, houve abuso de direito e quebra do dever de boa-f\u00e9 objetiva, ao transmitir ao Poder Judici\u00e1rio, num primeiro momento, por meio do presente pedido de recupera\u00e7\u00e3o judicial, a busca por ajuda; um alento para equilibrar finan\u00e7as e organizar d\u00edvidas desenfreadas, quando, em verdade, o verdadeiro escopo era fraudar credores&quot;, destacou Campanella. <\/p>\n<p><h2>V\u00cdDEOS: Tudo sobre Campinas e regi\u00e3o<\/h2>\n<\/p>\n<p>   <a href=\"https:\/\/g1.globo.com\/sp\/campinas-regiao\/playlist\/videos-tudo-sobre-campinas-e-regiao.ghtml\">    50 v\u00eddeos      <\/a>   <\/p>\n<p> <a class href=\"https:\/\/g1.globo.com\/sp\/campinas-regiao\/\">Veja mais not\u00edcias da regi\u00e3o no g1 Campinas<\/a> <\/p>\n<ul>\n<li> <a href=\"https:\/\/g1.globo.com\/sp\/campinas-regiao\/cidade\/amparo-sp\/\" class=\"entities__list-itemLink\" data-track-click=\"Amparo\"> Amparo <\/a> <\/li>\n<\/ul>\n","protected":false},"excerpt":{"rendered":"<p>Justi\u00e7a decretou a fal\u00eancia da Shefa na \u00faltima quarta-feira Segundo o juiz, ind\u00edcios de fraudes durante o processo basearam a decis\u00e3o A atividade empresarial ser\u00e1 mantida at\u00e9 a liquida\u00e7\u00e3o do bloco Nova gestora da empresa afirma que decis\u00e3o permite &#x27;preserva\u00e7\u00e3o e valoriza\u00e7\u00e3o do ativo&#x27; Justi\u00e7a decretou a fal\u00eancia da Shefa na \u00faltima quarta-feira Segundo o [&hellip;]<\/p>\n","protected":false},"author":1,"featured_media":0,"comment_status":"closed","ping_status":"closed","sticky":false,"template":"","format":"standard","meta":{"footnotes":""},"categories":[],"tags":[],"class_list":["post-50922","post","type-post","status-publish","format-standard","hentry"],"_links":{"self":[{"href":"https:\/\/blog.corretoraideal.com.br\/index.php\/wp-json\/wp\/v2\/posts\/50922","targetHints":{"allow":["GET"]}}],"collection":[{"href":"https:\/\/blog.corretoraideal.com.br\/index.php\/wp-json\/wp\/v2\/posts"}],"about":[{"href":"https:\/\/blog.corretoraideal.com.br\/index.php\/wp-json\/wp\/v2\/types\/post"}],"author":[{"embeddable":true,"href":"https:\/\/blog.corretoraideal.com.br\/index.php\/wp-json\/wp\/v2\/users\/1"}],"replies":[{"embeddable":true,"href":"https:\/\/blog.corretoraideal.com.br\/index.php\/wp-json\/wp\/v2\/comments?post=50922"}],"version-history":[{"count":1,"href":"https:\/\/blog.corretoraideal.com.br\/index.php\/wp-json\/wp\/v2\/posts\/50922\/revisions"}],"predecessor-version":[{"id":50924,"href":"https:\/\/blog.corretoraideal.com.br\/index.php\/wp-json\/wp\/v2\/posts\/50922\/revisions\/50924"}],"wp:attachment":[{"href":"https:\/\/blog.corretoraideal.com.br\/index.php\/wp-json\/wp\/v2\/media?parent=50922"}],"wp:term":[{"taxonomy":"category","embeddable":true,"href":"https:\/\/blog.corretoraideal.com.br\/index.php\/wp-json\/wp\/v2\/categories?post=50922"},{"taxonomy":"post_tag","embeddable":true,"href":"https:\/\/blog.corretoraideal.com.br\/index.php\/wp-json\/wp\/v2\/tags?post=50922"}],"curies":[{"name":"wp","href":"https:\/\/api.w.org\/{rel}","templated":true}]}}