{"id":50929,"date":"2023-07-20T22:29:33","date_gmt":"2023-07-20T22:29:33","guid":{"rendered":"https:\/\/blog.corretoraideal.com.br\/?p=50929"},"modified":"2023-07-20T22:29:33","modified_gmt":"2023-07-20T22:29:33","slug":"lula-sanciona-projeto-que-incentiva-compras-de-produtos-de-agricultores-familiares-politica-g1","status":"publish","type":"post","link":"https:\/\/blog.corretoraideal.com.br\/index.php\/2023\/07\/20\/lula-sanciona-projeto-que-incentiva-compras-de-produtos-de-agricultores-familiares-politica-g1\/","title":{"rendered":"Lula sanciona projeto que incentiva compras de produtos de agricultores familiares | Pol\u00edtica | G1"},"content":{"rendered":"<p>      1 de 1&#013;O presidente Lula e a primeira-dama, Janja, durante cerim\u00f4nia no Planalto \u2014 Foto: Reprodu\u00e7\u00e3o\/TV BrasilGov    <\/p>\n<p> O presidente Lula e a primeira-dama, Janja, durante cerim\u00f4nia no Planalto \u2014 Foto: Reprodu\u00e7\u00e3o\/TV BrasilGov <\/p>\n<p> O presidente Luiz In\u00e1cio <a class href=\"https:\/\/g1.globo.com\/politica\/politico\/lula\/\">Lula<\/a> da Silva (<a class href=\"https:\/\/g1.globo.com\/politica\/partido\/pt\/\">PT<\/a>) sancionou nesta quinta-feira (20) a lei que retoma o Programa de Aquisi\u00e7\u00e3o de Alimentos (PAA), criado no primeiro mandato do petista. <\/p>\n<p> A nova lei, aprovada pelo Congresso, estabelece que pelo menos 30% do recurso reservado pelo governo para a compra de alimentos para \u00f3rg\u00e3os da administra\u00e7\u00e3o p\u00fablica federal dever\u00e1 ser gasto com produtos de agricultores familiares. <\/p>\n<p> O texto que deputados e senadores aprovaram prev\u00ea que governo federal, estados e munic\u00edpios possam comprar alimentos, sem licita\u00e7\u00e3o, de agricultores familiares, aquicultores, carcinicultores e piscicultores, desde que atendidas condi\u00e7\u00f5es, como: <\/p>\n<ul>\n<li>pre\u00e7os sejam compat\u00edveis com os pre\u00e7os vigentes no mercado;<\/li>\n<li>os alimentos adquiridos sejam de produ\u00e7\u00e3o pr\u00f3pria dos benefici\u00e1rios e cumpram os requisitos de controle de qualidade previstos na legisla\u00e7\u00e3o;<\/li>\n<li>e normas estabelecidas para compra espec\u00edfica de cada modalidade sejam observadas, na forma estabelecida pelo grupo gestor do programa.<\/li>\n<\/ul>\n<p> <strong>LEIA TAMB\u00c9M:<\/strong> <\/p>\n<ul>\n<li><a class href=\"https:\/\/g1.globo.com\/economia\/agronegocios\/noticia\/2022\/11\/12\/esvaziado-programa-federal-de-aquisicoes-de-alimentos-ve-doacoes-despencarem.ghtml\"><strong>Esvaziado, programa federal de aquisi\u00e7\u00f5es de alimentos v\u00ea doa\u00e7\u00f5es despencarem<\/strong><\/a><\/li>\n<\/ul>\n<p><h2>Acesso ao programa<\/h2>\n<\/p>\n<p> A proposta estabelece crit\u00e9rios de acesso ao programa para grupo priorit\u00e1rios, como: <\/p>\n<ul>\n<li>fam\u00edlias inclu\u00eddas no Cadastro \u00danico (Cad\u00danico) para programas sociais do governo federal;<\/li>\n<li>povos ind\u00edgenas;<\/li>\n<li>povos e comunidades tradicionais;<\/li>\n<li>assentados da reforma agr\u00e1ria;<\/li>\n<li>pescadores e pescadoras;<\/li>\n<li>negros;<\/li>\n<li>mulheres;<\/li>\n<li>juventude rural;<\/li>\n<li>idosos;<\/li>\n<li>pessoas com defici\u00eancia;<\/li>\n<li>e fam\u00edlias de pessoas com defici\u00eancia como dependentes.<\/li>\n<\/ul>\n<p><h2>Cozinha Solid\u00e1ria<\/h2>\n<\/p>\n<p> A lei sanciona tamb\u00e9m cria o Programa Cozinha Solid\u00e1ria, que visa fornecer alimenta\u00e7\u00e3o gratuita e de qualidade \u00e0 popula\u00e7\u00e3o em situa\u00e7\u00e3o de vulnerabilidade e risco social. O Minist\u00e9rio do Desenvolvimento Social deve organizar e estruturar o programa. <\/p>\n<p> O programa deve garantir espa\u00e7os &quot;sanitariamente adequados&quot; para a alimenta\u00e7\u00e3o, oferecida com regularidade e qualidade. O programa tamb\u00e9m deve apoiar cozinhas comunit\u00e1rias e coletivas. <\/p>\n<p> O texto que saiu do Congresso ainda prev\u00ea que pelo menos 30% do recurso para compra de alimentos no Cozinha Solid\u00e1ria seja usado com produtos de agricultores familiares, com prioridade para assentamentos da reforma agr\u00e1ria e comunidades ind\u00edgenas e quilombolas. <\/p>\n<p> O texto ainda alterou a nova Lei de Licita\u00e7\u00f5es, de 2021, para dispensar de licita\u00e7\u00e3o a contrata\u00e7\u00e3o de entidades privadas sem fins lucrativos para implementa\u00e7\u00e3o do Programa de Cozinhas Solid\u00e1rias e de cisternas ou outras tecnologias de acesso \u00e0 \u00e1gua e produ\u00e7\u00e3o de alimentos para beneficiar fam\u00edlias rurais de baixa renda atingidas pela seca. <\/p>\n<ul>\n<li> <a href=\"https:\/\/g1.globo.com\/tudo-sobre\/congresso-nacional\/\" class=\"entities__list-itemLink\" data-track-click=\"Congresso Nacional\"> Congresso Nacional <\/a> <\/li>\n<li> <a href=\"https:\/\/g1.globo.com\/politica\/politico\/lula\/\" class=\"entities__list-itemLink\" data-track-click=\"Lula\"> Lula <\/a> <\/li>\n<li> <a href=\"https:\/\/g1.globo.com\/politica\/partido\/pt\/\" class=\"entities__list-itemLink\" data-track-click=\"PT\"> PT <\/a> <\/li>\n<\/ul>\n","protected":false},"excerpt":{"rendered":"<p>1 de 1&#013;O presidente Lula e a primeira-dama, Janja, durante cerim\u00f4nia no Planalto \u2014 Foto: Reprodu\u00e7\u00e3o\/TV BrasilGov O presidente Lula e a primeira-dama, Janja, durante cerim\u00f4nia no Planalto \u2014 Foto: Reprodu\u00e7\u00e3o\/TV BrasilGov O presidente Luiz In\u00e1cio Lula da Silva (PT) sancionou nesta quinta-feira (20) a lei que retoma o Programa de Aquisi\u00e7\u00e3o de Alimentos (PAA), [&hellip;]<\/p>\n","protected":false},"author":1,"featured_media":0,"comment_status":"closed","ping_status":"closed","sticky":false,"template":"","format":"standard","meta":{"footnotes":""},"categories":[],"tags":[],"class_list":["post-50929","post","type-post","status-publish","format-standard","hentry"],"_links":{"self":[{"href":"https:\/\/blog.corretoraideal.com.br\/index.php\/wp-json\/wp\/v2\/posts\/50929","targetHints":{"allow":["GET"]}}],"collection":[{"href":"https:\/\/blog.corretoraideal.com.br\/index.php\/wp-json\/wp\/v2\/posts"}],"about":[{"href":"https:\/\/blog.corretoraideal.com.br\/index.php\/wp-json\/wp\/v2\/types\/post"}],"author":[{"embeddable":true,"href":"https:\/\/blog.corretoraideal.com.br\/index.php\/wp-json\/wp\/v2\/users\/1"}],"replies":[{"embeddable":true,"href":"https:\/\/blog.corretoraideal.com.br\/index.php\/wp-json\/wp\/v2\/comments?post=50929"}],"version-history":[{"count":1,"href":"https:\/\/blog.corretoraideal.com.br\/index.php\/wp-json\/wp\/v2\/posts\/50929\/revisions"}],"predecessor-version":[{"id":50931,"href":"https:\/\/blog.corretoraideal.com.br\/index.php\/wp-json\/wp\/v2\/posts\/50929\/revisions\/50931"}],"wp:attachment":[{"href":"https:\/\/blog.corretoraideal.com.br\/index.php\/wp-json\/wp\/v2\/media?parent=50929"}],"wp:term":[{"taxonomy":"category","embeddable":true,"href":"https:\/\/blog.corretoraideal.com.br\/index.php\/wp-json\/wp\/v2\/categories?post=50929"},{"taxonomy":"post_tag","embeddable":true,"href":"https:\/\/blog.corretoraideal.com.br\/index.php\/wp-json\/wp\/v2\/tags?post=50929"}],"curies":[{"name":"wp","href":"https:\/\/api.w.org\/{rel}","templated":true}]}}