{"id":50935,"date":"2023-07-21T01:31:07","date_gmt":"2023-07-21T01:31:07","guid":{"rendered":"https:\/\/blog.corretoraideal.com.br\/?p=50935"},"modified":"2023-07-21T01:31:07","modified_gmt":"2023-07-21T01:31:07","slug":"divulgada-a-lista-de-aprovados-em-prova-do-processo-de-escolha-de-conselheiro-tutelar-em-sao-joao-da-barra-norte-fluminense-g1","status":"publish","type":"post","link":"https:\/\/blog.corretoraideal.com.br\/index.php\/2023\/07\/21\/divulgada-a-lista-de-aprovados-em-prova-do-processo-de-escolha-de-conselheiro-tutelar-em-sao-joao-da-barra-norte-fluminense-g1\/","title":{"rendered":"Divulgada a lista de aprovados em prova do processo de escolha de conselheiro tutelar em S\u00e3o Jo\u00e3o da Barra | Norte Fluminense | G1"},"content":{"rendered":"<p>      1 de 1&#013;Elei\u00e7\u00f5es para o Conselho Tutelar acontecem em outubro. \u2014 Foto: Prefeitura de S\u00e3o Jo\u00e3o da Barra    <\/p>\n<p> Elei\u00e7\u00f5es para o Conselho Tutelar acontecem em outubro. \u2014 Foto: Prefeitura de S\u00e3o Jo\u00e3o da Barra <\/p>\n<p> A Comiss\u00e3o Especial do processo de escolha dos novos conselheiros tutelares de <a class href=\"https:\/\/g1.globo.com\/rj\/norte-fluminense\/cidade\/sao-joao-da-barra\/\">S\u00e3o Jo\u00e3o da Barra<\/a> publicou em Di\u00e1rio Oficial a rela\u00e7\u00e3o dos aprovados na prova de conhecimentos espec\u00edficos de car\u00e1ter eliminat\u00f3rio, realizada no dia 2 de julho, no Ciep-265 Professora Gladys Teixeira. <\/p>\n<p> Os aprovados est\u00e3o aptos a concorrer no processo eleitoral, no dia 1\u00ba de outubro, que ir\u00e1 definir os cinco nomes e suplentes para preencher as vagas do mandato de quatro anos. <\/p>\n<p> A carga hor\u00e1ria da fun\u00e7\u00e3o de conselheiro tutelar \u00e9 de 40 horas semanais e sal\u00e1rio mensal de R$ 1.785,30. <\/p>\n<p> Os candidatos eleitos dever\u00e3o participar de uma capacita\u00e7\u00e3o promovida pelo Conselho Municipal dos Direitos da Crian\u00e7a e do Adolescente. <\/p>\n<p> Para conferir o resultado, basta acessar o <a class href=\"https:\/\/sjb.rj.gov.br\/arquivos\/diario_oficial\/129_23_diario_oficial_eletronico_de_19_de_julho_de_2023-edicao_129.pdf\" target=\"_blank\" rel=\"noopener noreferrer\">link<\/a>. <\/p>\n<ul>\n<li> <a href=\"https:\/\/g1.globo.com\/rj\/norte-fluminense\/cidade\/sao-joao-da-barra\/\" class=\"entities__list-itemLink\" data-track-click=\"S\u00e3o Jo\u00e3o da Barra\"> S\u00e3o Jo\u00e3o da Barra <\/a> <\/li>\n<\/ul>\n","protected":false},"excerpt":{"rendered":"<p>1 de 1&#013;Elei\u00e7\u00f5es para o Conselho Tutelar acontecem em outubro. \u2014 Foto: Prefeitura de S\u00e3o Jo\u00e3o da Barra Elei\u00e7\u00f5es para o Conselho Tutelar acontecem em outubro. \u2014 Foto: Prefeitura de S\u00e3o Jo\u00e3o da Barra A Comiss\u00e3o Especial do processo de escolha dos novos conselheiros tutelares de S\u00e3o Jo\u00e3o da Barra publicou em Di\u00e1rio Oficial a [&hellip;]<\/p>\n","protected":false},"author":1,"featured_media":0,"comment_status":"closed","ping_status":"closed","sticky":false,"template":"","format":"standard","meta":{"footnotes":""},"categories":[],"tags":[],"class_list":["post-50935","post","type-post","status-publish","format-standard","hentry"],"_links":{"self":[{"href":"https:\/\/blog.corretoraideal.com.br\/index.php\/wp-json\/wp\/v2\/posts\/50935","targetHints":{"allow":["GET"]}}],"collection":[{"href":"https:\/\/blog.corretoraideal.com.br\/index.php\/wp-json\/wp\/v2\/posts"}],"about":[{"href":"https:\/\/blog.corretoraideal.com.br\/index.php\/wp-json\/wp\/v2\/types\/post"}],"author":[{"embeddable":true,"href":"https:\/\/blog.corretoraideal.com.br\/index.php\/wp-json\/wp\/v2\/users\/1"}],"replies":[{"embeddable":true,"href":"https:\/\/blog.corretoraideal.com.br\/index.php\/wp-json\/wp\/v2\/comments?post=50935"}],"version-history":[{"count":1,"href":"https:\/\/blog.corretoraideal.com.br\/index.php\/wp-json\/wp\/v2\/posts\/50935\/revisions"}],"predecessor-version":[{"id":50937,"href":"https:\/\/blog.corretoraideal.com.br\/index.php\/wp-json\/wp\/v2\/posts\/50935\/revisions\/50937"}],"wp:attachment":[{"href":"https:\/\/blog.corretoraideal.com.br\/index.php\/wp-json\/wp\/v2\/media?parent=50935"}],"wp:term":[{"taxonomy":"category","embeddable":true,"href":"https:\/\/blog.corretoraideal.com.br\/index.php\/wp-json\/wp\/v2\/categories?post=50935"},{"taxonomy":"post_tag","embeddable":true,"href":"https:\/\/blog.corretoraideal.com.br\/index.php\/wp-json\/wp\/v2\/tags?post=50935"}],"curies":[{"name":"wp","href":"https:\/\/api.w.org\/{rel}","templated":true}]}}