{"id":50938,"date":"2023-07-21T03:29:35","date_gmt":"2023-07-21T03:29:35","guid":{"rendered":"https:\/\/blog.corretoraideal.com.br\/?p=50938"},"modified":"2023-07-21T03:29:35","modified_gmt":"2023-07-21T03:29:35","slug":"desenrola-brasil-agencias-da-caixa-abrem-uma-hora-mais-cedo-nesta-sexta-feira-em-acao-para-renegociacao-de-dividas-economia-g1","status":"publish","type":"post","link":"https:\/\/blog.corretoraideal.com.br\/index.php\/2023\/07\/21\/desenrola-brasil-agencias-da-caixa-abrem-uma-hora-mais-cedo-nesta-sexta-feira-em-acao-para-renegociacao-de-dividas-economia-g1\/","title":{"rendered":"Desenrola Brasil: ag\u00eancias da Caixa abrem uma hora mais cedo nesta sexta-feira em a\u00e7\u00e3o para renegocia\u00e7\u00e3o de d\u00edvidas | Economia | G1"},"content":{"rendered":"<p>      1 de 1&#013;Caixa Econ\u00f4mica Federal, PIS\/Pasep \u2014 Foto: Marcelo Camargo\/Ag\u00eancia Brasil    <\/p>\n<p> Caixa Econ\u00f4mica Federal, PIS\/Pasep \u2014 Foto: Marcelo Camargo\/Ag\u00eancia Brasil <\/p>\n<p> A <a class href=\"https:\/\/g1.globo.com\/tudo-sobre\/caixa-economica-federal\/\">Caixa Econ\u00f4mica Federal<\/a> informou que todas as ag\u00eancias do banco no pa\u00eds v\u00e3o abrir uma hora mais cedo nesta sexta-feira (21). A medida \u00e9 para atender ao p\u00fablico contemplado na primeira etapa do <a class href=\"https:\/\/g1.globo.com\/economia\/noticia\/2023\/07\/14\/portaria-inicio-desenrola.ghtml\">Desenrola, programa de renegocia\u00e7\u00e3o de d\u00edvidas do governo federal<\/a>. <\/p>\n<p> De acordo com a Caixa, a antecipa\u00e7\u00e3o da abertura das ag\u00eancias ser\u00e1 de acordo com o hor\u00e1rio j\u00e1 praticado em cada regi\u00e3o. Ou seja, se em determinada cidade as ag\u00eancias come\u00e7am a operar \u00e0s 10h, o in\u00edcio ser\u00e1 \u00e0s 9h. Caso o hor\u00e1rio habitual seja \u00e0s 11h, a abertura ser\u00e1 \u00e0s 10h. E assim por diante. <\/p>\n<p> A institui\u00e7\u00e3o afirma que <strong>mais de 13 milh\u00f5es de seus clientes t\u00eam d\u00edvidas que podem ser renegociadas.<\/strong> <\/p>\n<p> Na primeira fase do Desenrola, pessoas com renda mensal de at\u00e9 <strong>R$ 20 mil<\/strong> podem renegociar suas d\u00edvidas diretamente com as institui\u00e7\u00f5es financeiras. Os d\u00e9bitos devem estar com registro ativo e terem sido inscritos nos cadastros de inadimplentes at\u00e9 31 de dezembro de 2022. <\/p>\n<ul>\n<li><a class href=\"https:\/\/g1.globo.com\/economia\/noticia\/2023\/07\/19\/nubank-adere-ao-desenrola-veja-bancos-que-estao-participando-do-programa-e-saiba-como-renegociar-suas-dividas.ghtml\">VEJA BANCOS QUE EST\u00c3O PARTICIPANDO DO PROGRAMA E SAIBA COMO RENEGOCIAR SUAS D\u00cdVIDAS<\/a><\/li>\n<\/ul>\n<p> Al\u00e9m da renegocia\u00e7\u00e3o,<strong> os bancos participantes do programa ter\u00e3o de &quot;limpar o nome&quot; de pessoas com d\u00edvidas de at\u00e9 R$ 100.<\/strong> <\/p>\n<p> Vale destacar, por\u00e9m, que <strong>a medida que limpa o nome dos clientes n\u00e3o significa um perd\u00e3o das d\u00edvidas.<\/strong> O d\u00e9bito continuar\u00e1 existindo, mas os bancos se comprometem, pelo programa, a n\u00e3o usar essa d\u00edvida para inserir os correntistas no cadastro negativo. <\/p>\n<p> O prazo para que as institui\u00e7\u00f5es terminem de dar baixa em seus sistemas, limpando os nomes dos endividados, \u00e9 o pr\u00f3ximo dia 28. <\/p>\n<p><h2>Condi\u00e7\u00f5es e outros canais para renegocia\u00e7\u00e3o:<\/h2>\n<\/p>\n<p> A Caixa informa que, entre as suas condi\u00e7\u00f5es, est\u00e3o descontos de at\u00e9 90% (sem cobran\u00e7a de IOF) para quita\u00e7\u00f5es \u00e0 vista e o parcelamento de d\u00edvidas de 12 a 96 meses. <\/p>\n<p> O banco tamb\u00e9m est\u00e1 promovendo, simultaneamente, uma campanha pr\u00f3pria denominada &quot;Tudo Em Dia Caixa&quot;, com oportunidades de renegocia\u00e7\u00e3o das d\u00edvidas, de pessoas f\u00edsica ou jur\u00eddica, com descontos de at\u00e9 90%. <\/p>\n<p> Os clientes da institui\u00e7\u00e3o podem negociar as d\u00edvidas por meio do: <\/p>\n<ul>\n<li>Site <a class href=\"https:\/\/www.caixa.gov.br\/voce\/negociacao\/Paginas\/default.aspx\" target=\"_blank\" rel=\"noopener noreferrer\">Caixa Desenrola<\/a>;<\/li>\n<li>WhatsApp 0800-104-0104;<\/li>\n<li>Telefones 4004-0104 para capitais e regi\u00f5es metropolitanas ou 0800-104-0104 para demais regi\u00f5es;<\/li>\n<li>App CAIXA Tem, na op\u00e7\u00e3o &quot;Desenrola Brasil&quot;.<\/li>\n<\/ul>\n<ul>\n<li> <a href=\"https:\/\/g1.globo.com\/tudo-sobre\/caixa-economica-federal\/\" class=\"entities__list-itemLink\" data-track-click=\"Caixa Econ\u00f4mica Federal\"> Caixa Econ\u00f4mica Federal <\/a> <\/li>\n<\/ul>\n","protected":false},"excerpt":{"rendered":"<p>1 de 1&#013;Caixa Econ\u00f4mica Federal, PIS\/Pasep \u2014 Foto: Marcelo Camargo\/Ag\u00eancia Brasil Caixa Econ\u00f4mica Federal, PIS\/Pasep \u2014 Foto: Marcelo Camargo\/Ag\u00eancia Brasil A Caixa Econ\u00f4mica Federal informou que todas as ag\u00eancias do banco no pa\u00eds v\u00e3o abrir uma hora mais cedo nesta sexta-feira (21). A medida \u00e9 para atender ao p\u00fablico contemplado na primeira etapa do Desenrola, [&hellip;]<\/p>\n","protected":false},"author":1,"featured_media":0,"comment_status":"closed","ping_status":"closed","sticky":false,"template":"","format":"standard","meta":{"footnotes":""},"categories":[],"tags":[],"class_list":["post-50938","post","type-post","status-publish","format-standard","hentry"],"_links":{"self":[{"href":"https:\/\/blog.corretoraideal.com.br\/index.php\/wp-json\/wp\/v2\/posts\/50938","targetHints":{"allow":["GET"]}}],"collection":[{"href":"https:\/\/blog.corretoraideal.com.br\/index.php\/wp-json\/wp\/v2\/posts"}],"about":[{"href":"https:\/\/blog.corretoraideal.com.br\/index.php\/wp-json\/wp\/v2\/types\/post"}],"author":[{"embeddable":true,"href":"https:\/\/blog.corretoraideal.com.br\/index.php\/wp-json\/wp\/v2\/users\/1"}],"replies":[{"embeddable":true,"href":"https:\/\/blog.corretoraideal.com.br\/index.php\/wp-json\/wp\/v2\/comments?post=50938"}],"version-history":[{"count":1,"href":"https:\/\/blog.corretoraideal.com.br\/index.php\/wp-json\/wp\/v2\/posts\/50938\/revisions"}],"predecessor-version":[{"id":50940,"href":"https:\/\/blog.corretoraideal.com.br\/index.php\/wp-json\/wp\/v2\/posts\/50938\/revisions\/50940"}],"wp:attachment":[{"href":"https:\/\/blog.corretoraideal.com.br\/index.php\/wp-json\/wp\/v2\/media?parent=50938"}],"wp:term":[{"taxonomy":"category","embeddable":true,"href":"https:\/\/blog.corretoraideal.com.br\/index.php\/wp-json\/wp\/v2\/categories?post=50938"},{"taxonomy":"post_tag","embeddable":true,"href":"https:\/\/blog.corretoraideal.com.br\/index.php\/wp-json\/wp\/v2\/tags?post=50938"}],"curies":[{"name":"wp","href":"https:\/\/api.w.org\/{rel}","templated":true}]}}