{"id":50945,"date":"2023-07-21T08:29:47","date_gmt":"2023-07-21T08:29:47","guid":{"rendered":"https:\/\/blog.corretoraideal.com.br\/?p=50945"},"modified":"2023-07-21T08:29:47","modified_gmt":"2023-07-21T08:29:47","slug":"25-mil-investidores-com-r-7568-bilhoes-de-patrimonio-entenda-o-que-sao-os-fundos-exclusivos-que-o-governo-quer-tributar-economia-g1","status":"publish","type":"post","link":"https:\/\/blog.corretoraideal.com.br\/index.php\/2023\/07\/21\/25-mil-investidores-com-r-7568-bilhoes-de-patrimonio-entenda-o-que-sao-os-fundos-exclusivos-que-o-governo-quer-tributar-economia-g1\/","title":{"rendered":"2,5 mil investidores com R$ 756,8 bilh\u00f5es de patrim\u00f4nio: entenda o que s\u00e3o os fundos exclusivos que o governo quer tributar | Economia | G1"},"content":{"rendered":"<p>                <img loading=\"lazy\" decoding=\"async\" class=\"aligncenter size-full wp-image-50947\" src=\"https:\/\/blog.corretoraideal.com.br\/wp-content\/uploads\/2023\/07\/entenda-o-que-sao-os-fundos-exclusivos-que-o-governo-quer-tributar.jpeg\" alt=\"Entenda o que s\u00e3o os fundos exclusivos que o governo quer tributar\" width=\"800\" height=\"400\" \/>      <\/p>\n<p> Entenda o que s\u00e3o os fundos exclusivos que o governo quer tributar <\/p>\n<p> O ministro da Fazenda, <a class href=\"https:\/\/g1.globo.com\/politica\/politico\/fernando-haddad\/\">Fernando Haddad<\/a>, anunciou na quarta-feira (19) que deve enviar ao Congresso um projeto para taxar fundos exclusivos, tamb\u00e9m conhecidos como \u201cfundos dos super-ricos\u201d. <\/p>\n<p> Conforme revelou a colunista Julia Duailibi em abril, a regra faz parte de uma s\u00e9rie de medidas para elevar a arrecada\u00e7\u00e3o p\u00fablica e viabilizar o arcabou\u00e7o fiscal. <a class href=\"https:\/\/g1.globo.com\/politica\/blog\/julia-duailibi\/post\/2023\/04\/03\/tributacao-de-fundos.ghtml\">A estimativa do governo \u00e9 a de arrecadar cerca de R$ 10 bilh\u00f5es com a tributa\u00e7\u00e3o<\/a> \u2014 8,54% do aumento previsto com essas medidas, de R$ 117 bilh\u00f5es. <\/p>\n<p> Os fundos exclusivos s\u00e3o investimentos feitos de forma personalizada. E para ter esse modelo de investimento \u00e9 preciso desembolsar no m\u00ednimo <strong>R$ 10 milh\u00f5es<\/strong>. Isso porque o cotista \u2014 que pode ser pessoa f\u00edsica ou jur\u00eddica \u2014 \u00e9 o \u00fanico respons\u00e1vel por custear a cria\u00e7\u00e3o e a manuten\u00e7\u00e3o dele. <\/p>\n<p> O gestor desses fundos pode alocar o dinheiro em produtos como a\u00e7\u00f5es, multimercado ou renda fixa. <\/p>\n<p>         1 de 2&#013;O ministro Fernando Haddad \u2014 Foto: Ueslei Marcelino\/Reuters    <\/p>\n<p> O ministro Fernando Haddad \u2014 Foto: Ueslei Marcelino\/Reuters <\/p>\n<p> Segundo o levantamento realizado pelo TradeMap, 2.568 fundos exclusivos com um \u00fanico cotista estavam registrados at\u00e9 a \u00faltima ter\u00e7a-feira (18), totalizando aproximadamente<strong> R$ 756,8 bilh\u00f5es<\/strong> investidos \u2014 valor que representa 12,3% do patrim\u00f4nio total de toda a ind\u00fastria de fundos e uma m\u00e9dia de <strong>R$ 294,7 milh\u00f5es<\/strong> por investidor. <\/p>\n<p> Al\u00e9m da participa\u00e7\u00e3o significativa no total da ind\u00fastria, o montante alocado nesse tipo de carteira tamb\u00e9m \u00e9 mais de seis vezes maior do que o total de recursos investidos em t\u00edtulos p\u00fablicos. <\/p>\n<p> Os \u00faltimos dados dispon\u00edveis indicam que, em maio, 2,2 milh\u00f5es de investidores alocavam recursos no Tesouro Direto, totalizando <strong>R$ 116,1 bilh\u00f5es<\/strong> \u2014 nesse caso, uma m\u00e9dia de R$ 52,7 mil por investidor. <\/p>\n<p> Na poupan\u00e7a, o saldo em maio era de R$ 961,5 bilh\u00f5es. Segundo o Fundo Garantidor de Cr\u00e9dito (FGC), haviam 240,3 milh\u00f5es de clientes, incluindo pessoas f\u00edsicas e jur\u00eddicas. <\/p>\n<p>         2 de 2&#013;Fundos exclusivos x Tesouro Direto \u2014 Foto: Arte\/g1    <\/p>\n<p> Fundos exclusivos x Tesouro Direto \u2014 Foto: Arte\/g1 <\/p>\n<p><h2>Os fundos exclusivos s\u00e3o tributados?<\/h2>\n<\/p>\n<p> Apesar de os fundos exclusivos pagarem imposto de renda sobre os rendimentos, essa cobran\u00e7a acontece apenas no momento do resgate. <\/p>\n<p> A incid\u00eancia do IR no fundo, por sua vez, acontece pela tabela regressiva \u2014 o que significa que quanto maior o tempo em que os recursos ficam alocados na carteira, menor \u00e9 a al\u00edquota paga pelos investidores, at\u00e9 chegar a um piso. <\/p>\n<p> Segundo sinalizado pelo governo, a ideia \u00e9 que esses fundos exclusivos sejam tributados no mesmo modelo que a maioria das carteiras abertas existentes no mercado, por meio de uma cobran\u00e7a peri\u00f3dica semestral \u2014 tamb\u00e9m conhecida como \u201ccome-cotas\u201d. <\/p>\n<p> Normalmente, essa cobran\u00e7a acontece sempre no \u00faltimo dia \u00fatil de maio e de novembro e o valor incide em 15% para os fundos de longo prazo e 20% para os de curto prazo. Nesse caso, o investidor s\u00f3 paga no resgate a diferen\u00e7a do valor do imposto devido e ainda n\u00e3o cobrado. <\/p>\n<p> A proposta de mudar a tributa\u00e7\u00e3o dos fundos dos \u201csuper-ricos\u201d n\u00e3o \u00e9 nova: a discuss\u00e3o vem desde 2017, ainda no governo de <a class href=\"https:\/\/g1.globo.com\/politica\/politico\/michel-temer\/\">Michel Temer<\/a>, e foi inclu\u00edda pelo ex-ministro da Economia, <a class href=\"https:\/\/g1.globo.com\/tudo-sobre\/paulo-guedes\/\">Paulo Guedes<\/a>, no projeto de reforma tribut\u00e1ria enviado ao Congresso em 2021. O tema, no entanto, n\u00e3o avan\u00e7ou. <\/p>\n<p><h2>Quem s\u00e3o esses investidores?<\/h2>\n<\/p>\n<p> Apesar de os dados sobre quem exatamente s\u00e3o esses investidores serem restritos, especialistas indicam que h\u00e1 um perfil que predomina entre aqueles que alocam recursos nessas carteiras. <\/p>\n<p> \u201c[As carteiras] podem ter mais ou menos risco, mas certamente esse fundo tem caracter\u00edsticas exclusivas de prazo, liquidez e rentabilidade, que s\u00e3o estruturadas com um objetivo espec\u00edfico e feitas justamente para aqueles investidores que t\u00eam uma capacidade financeira maior\u201d, afirma o professor da FIA Business School Carlos Honorato. <\/p>\n<p> O especialista destaca, ainda, que o principal motivo pelo qual esses investidores optam por fundos exclusivos est\u00e1 relacionado \u00e0 prote\u00e7\u00e3o de ativos e rentabilidade. <\/p>\n<p> \u201cA aloca\u00e7\u00e3o desses recursos visa basicamente a forma\u00e7\u00e3o de uma carteira de preserva\u00e7\u00e3o do valor [\u00ednvestido] e at\u00e9 de ganhos acima da infla\u00e7\u00e3o\u201d, diz o professor. <\/p>\n<p> \u201cEm uma certa medida, esses fundos s\u00e3o feitos n\u00e3o s\u00f3 para [o investidor] repassar uma heran\u00e7a necessariamente, mas tamb\u00e9m criam uma forma de aquela riqueza, heran\u00e7a ou valor atribu\u00eddo ao fundo em geral tenha uma rentabilidade maior do que a m\u00e9dia\u201d, completa Honorato. <\/p>\n<p><h2>Quando a mudan\u00e7a deve acontecer? <\/h2>\n<\/p>\n<p> Com o an\u00fancio do <a class href=\"https:\/\/g1.globo.com\/tudo-sobre\/ministerio-da-fazenda\/\">Minist\u00e9rio da Fazenda<\/a> de aumentar a arrecada\u00e7\u00e3o para viabilizar o arcabou\u00e7o fiscal, a pasta projetou diversas medidas para aumentar a receita. Uma delas \u2014 <a class href=\"https:\/\/g1.globo.com\/politica\/blog\/julia-duailibi\/post\/2023\/04\/03\/tributacao-de-fundos.ghtml\">que ficar\u00e1 para o segundo semestre<\/a> \u2014 \u00e9 a tributa\u00e7\u00e3o de fundos exclusivos. <\/p>\n<p> Fernando Haddad afirmou nesta quarta-feira que a pasta ir\u00e1 submeter altera\u00e7\u00f5es na tributa\u00e7\u00e3o de fundos exclusivos no Or\u00e7amento de 2024 para aprecia\u00e7\u00e3o do <a class href=\"https:\/\/g1.globo.com\/tudo-sobre\/congresso-nacional\/\">Congresso Nacional<\/a> em agosto. <\/p>\n<p> Em entrevista a jornalistas na sede do Minist\u00e9rio, Haddad disse que as altera\u00e7\u00f5es devem ser enviadas ao Congresso por meio de um projeto de lei. <\/p>\n<ul>\n<li> <a href=\"https:\/\/g1.globo.com\/tudo-sobre\/congresso-nacional\/\" class=\"entities__list-itemLink\" data-track-click=\"Congresso Nacional\"> Congresso Nacional <\/a> <\/li>\n<li> <a href=\"https:\/\/g1.globo.com\/politica\/politico\/fernando-haddad\/\" class=\"entities__list-itemLink\" data-track-click=\"Fernando Haddad\"> Fernando Haddad <\/a> <\/li>\n<li> <a href=\"https:\/\/g1.globo.com\/politica\/politico\/michel-temer\/\" class=\"entities__list-itemLink\" data-track-click=\"Michel Temer\"> Michel Temer <\/a> <\/li>\n<li> <a href=\"https:\/\/g1.globo.com\/tudo-sobre\/ministerio-da-fazenda\/\" class=\"entities__list-itemLink\" data-track-click=\"Minist\u00e9rio da Fazenda\"> Minist\u00e9rio da Fazenda <\/a> <\/li>\n<li> <a href=\"https:\/\/g1.globo.com\/tudo-sobre\/paulo-guedes\/\" class=\"entities__list-itemLink\" data-track-click=\"Paulo Guedes\"> Paulo Guedes <\/a> <\/li>\n<\/ul>\n","protected":false},"excerpt":{"rendered":"<p>Entenda o que s\u00e3o os fundos exclusivos que o governo quer tributar O ministro da Fazenda, Fernando Haddad, anunciou na quarta-feira (19) que deve enviar ao Congresso um projeto para taxar fundos exclusivos, tamb\u00e9m conhecidos como \u201cfundos dos super-ricos\u201d. Conforme revelou a colunista Julia Duailibi em abril, a regra faz parte de uma s\u00e9rie de [&hellip;]<\/p>\n","protected":false},"author":1,"featured_media":0,"comment_status":"closed","ping_status":"closed","sticky":false,"template":"","format":"standard","meta":{"footnotes":""},"categories":[],"tags":[],"class_list":["post-50945","post","type-post","status-publish","format-standard","hentry"],"_links":{"self":[{"href":"https:\/\/blog.corretoraideal.com.br\/index.php\/wp-json\/wp\/v2\/posts\/50945","targetHints":{"allow":["GET"]}}],"collection":[{"href":"https:\/\/blog.corretoraideal.com.br\/index.php\/wp-json\/wp\/v2\/posts"}],"about":[{"href":"https:\/\/blog.corretoraideal.com.br\/index.php\/wp-json\/wp\/v2\/types\/post"}],"author":[{"embeddable":true,"href":"https:\/\/blog.corretoraideal.com.br\/index.php\/wp-json\/wp\/v2\/users\/1"}],"replies":[{"embeddable":true,"href":"https:\/\/blog.corretoraideal.com.br\/index.php\/wp-json\/wp\/v2\/comments?post=50945"}],"version-history":[{"count":1,"href":"https:\/\/blog.corretoraideal.com.br\/index.php\/wp-json\/wp\/v2\/posts\/50945\/revisions"}],"predecessor-version":[{"id":50948,"href":"https:\/\/blog.corretoraideal.com.br\/index.php\/wp-json\/wp\/v2\/posts\/50945\/revisions\/50948"}],"wp:attachment":[{"href":"https:\/\/blog.corretoraideal.com.br\/index.php\/wp-json\/wp\/v2\/media?parent=50945"}],"wp:term":[{"taxonomy":"category","embeddable":true,"href":"https:\/\/blog.corretoraideal.com.br\/index.php\/wp-json\/wp\/v2\/categories?post=50945"},{"taxonomy":"post_tag","embeddable":true,"href":"https:\/\/blog.corretoraideal.com.br\/index.php\/wp-json\/wp\/v2\/tags?post=50945"}],"curies":[{"name":"wp","href":"https:\/\/api.w.org\/{rel}","templated":true}]}}