{"id":50953,"date":"2023-07-21T13:29:46","date_gmt":"2023-07-21T13:29:46","guid":{"rendered":"https:\/\/blog.corretoraideal.com.br\/?p=50953"},"modified":"2023-07-21T13:29:46","modified_gmt":"2023-07-21T13:29:46","slug":"ibovespa-abre-em-alta-nesta-sexta-e-caminha-para-semana-positiva-economia-g1","status":"publish","type":"post","link":"https:\/\/blog.corretoraideal.com.br\/index.php\/2023\/07\/21\/ibovespa-abre-em-alta-nesta-sexta-e-caminha-para-semana-positiva-economia-g1\/","title":{"rendered":"Ibovespa abre em alta nesta sexta, e caminha para semana positiva | Economia | G1"},"content":{"rendered":"<p>      1 de 1&#013;Ibovespa opera em baixa, puxado pelo exterior. \u2014 Foto: Freepik    <\/p>\n<p> Ibovespa opera em baixa, puxado pelo exterior. \u2014 Foto: Freepik <\/p>\n<p> O <a class href=\"https:\/\/g1.globo.com\/tudo-sobre\/ibovespa\/\">Ibovespa<\/a>, principal \u00edndice da bolsa de valores de S\u00e3o Paulo, a <a class href=\"https:\/\/g1.globo.com\/tudo-sobre\/bmf-bovespa\/\">B3<\/a>, opera em alta nesta sexta-feira (21). <\/p>\n<p> \u00c0s 10h05, o \u00edndice subia 0,20%, aos 118.322 pontos. <a class href=\"https:\/\/valor.globo.com\/valor-data\/\">Veja mais cota\u00e7\u00f5es<\/a>. <\/p>\n<p> No dia anterior, o Ibovespa fechou em alta de 0,45%, aos 118.083 pontos. Com o resultado, o \u00edndice passou a acumular:<strong> <\/strong> <\/p>\n<ul>\n<li><strong>alta de 0,32% na semana;<\/strong><\/li>\n<li><strong>estabilidade no m\u00eas;<\/strong><\/li>\n<li><strong>alta de 7,61% no ano.<\/strong><\/li>\n<\/ul>\n<p><h2><strong>O que est\u00e1 mexendo com os mercados?<\/strong><\/h2>\n<\/p>\n<p> Com recesso no Congresso e sem indicadores relevantes, o pa\u00eds tem mais um dia de agenda vazia e cota\u00e7\u00f5es flutuantes. O mercado permanece de olho nas perspectivas da agenda econ\u00f4mica brasileira, que deve ter todas as aten\u00e7\u00f5es no Senado Federal. Por l\u00e1, passa a reforma tribut\u00e1ria a partir de agosto. <\/p>\n<p> Os agentes est\u00e3o atentos, por enquanto, aos sinais de pr\u00f3ximos passos do Minist\u00e9rio da Fazenda. O ministro da Fazenda, Fernando Haddad, anunciou na quarta-feira (19) que deve enviar ao Congresso um projeto para taxar fundos exclusivos, tamb\u00e9m conhecidos como \u201cfundos dos super-ricos\u201d. <\/p>\n<p> Reportagem do g1 mostra que existem 2.568 fundos exclusivos com um \u00fanico cotista no Brasil, totalizando aproximadamente R$ 756,8 bilh\u00f5es investidos \u2014 valor que representa 12,3% do patrim\u00f4nio total de toda a ind\u00fastria de fundos e uma m\u00e9dia de R$ 294,7 milh\u00f5es por investidor. <\/p>\n<p> A estimativa do governo \u00e9 a de arrecadar cerca de R$ 10 bilh\u00f5es com a tributa\u00e7\u00e3o \u2014 8,54% do aumento previsto com essas medidas, de R$ 117 bilh\u00f5es. <\/p>\n<p> No notici\u00e1rio corporativo brasileiro, destaque para Localiza, que aprovou a cria\u00e7\u00e3o de um programa de recompra de at\u00e9 70 milh\u00f5es de suas a\u00e7\u00f5es, o equivalente a 8,3% do total em circula\u00e7\u00e3o. O programa ter\u00e1 a dura\u00e7\u00e3o de 12 meses, at\u00e9 o dia 22 de julho de 2024. <\/p>\n<p> A empresa diz que as a\u00e7\u00f5es adquiridas ser\u00e3o mantidas em tesouraria para aliena\u00e7\u00e3o e\/ou cancelamento e manuten\u00e7\u00e3o dos planos de incentivo de longo prazo. <\/p>\n<p> O mercado segue repercutindo a retomada vacilante da China. A Moody&#x27;s e a S&amp;P Global enviaram alertas severos sobre a maior empresa imobili\u00e1ria comercial da China, Dalian Wanda Group, na quinta-feira, aumentando a preocupa\u00e7\u00e3o de que o pa\u00eds possa estar prestes a sofrer sua maior inadimpl\u00eancia desde o caso da Evergrande. <\/p>\n<ul>\n<li> <a href=\"https:\/\/g1.globo.com\/tudo-sobre\/bmf-bovespa\/\" class=\"entities__list-itemLink\" data-track-click=\"B3\"> B3 <\/a> <\/li>\n<li> <a href=\"https:\/\/g1.globo.com\/tudo-sobre\/banco-central-do-brasil\/\" class=\"entities__list-itemLink\" data-track-click=\"Banco Central do Brasil\"> Banco Central do Brasil <\/a> <\/li>\n<li> <a href=\"https:\/\/g1.globo.com\/tudo-sobre\/estados-unidos\/\" class=\"entities__list-itemLink\" data-track-click=\"Estados Unidos\"> Estados Unidos <\/a> <\/li>\n<li> <a href=\"https:\/\/g1.globo.com\/tudo-sobre\/fed\/\" class=\"entities__list-itemLink\" data-track-click=\"FED\"> FED <\/a> <\/li>\n<li> <a href=\"https:\/\/g1.globo.com\/tudo-sobre\/ibge\/\" class=\"entities__list-itemLink\" data-track-click=\"IBGE\"> IBGE <\/a> <\/li>\n<li> <a href=\"https:\/\/g1.globo.com\/tudo-sobre\/ipca\/\" class=\"entities__list-itemLink\" data-track-click=\"IPCA\"> IPCA <\/a> <\/li>\n<li> <a href=\"https:\/\/g1.globo.com\/tudo-sobre\/ibovespa\/\" class=\"entities__list-itemLink\" data-track-click=\"Ibovespa\"> Ibovespa <\/a> <\/li>\n<li> <a href=\"https:\/\/g1.globo.com\/tudo-sobre\/petrobras\/\" class=\"entities__list-itemLink\" data-track-click=\"Petrobras\"> Petrobras <\/a> <\/li>\n<li> <a href=\"https:\/\/g1.globo.com\/tudo-sobre\/vale\/\" class=\"entities__list-itemLink\" data-track-click=\"Vale\"> Vale <\/a> <\/li>\n<\/ul>\n","protected":false},"excerpt":{"rendered":"<p>1 de 1&#013;Ibovespa opera em baixa, puxado pelo exterior. \u2014 Foto: Freepik Ibovespa opera em baixa, puxado pelo exterior. \u2014 Foto: Freepik O Ibovespa, principal \u00edndice da bolsa de valores de S\u00e3o Paulo, a B3, opera em alta nesta sexta-feira (21). \u00c0s 10h05, o \u00edndice subia 0,20%, aos 118.322 pontos. Veja mais cota\u00e7\u00f5es. No dia [&hellip;]<\/p>\n","protected":false},"author":1,"featured_media":0,"comment_status":"closed","ping_status":"closed","sticky":false,"template":"","format":"standard","meta":{"footnotes":""},"categories":[],"tags":[],"class_list":["post-50953","post","type-post","status-publish","format-standard","hentry"],"_links":{"self":[{"href":"https:\/\/blog.corretoraideal.com.br\/index.php\/wp-json\/wp\/v2\/posts\/50953","targetHints":{"allow":["GET"]}}],"collection":[{"href":"https:\/\/blog.corretoraideal.com.br\/index.php\/wp-json\/wp\/v2\/posts"}],"about":[{"href":"https:\/\/blog.corretoraideal.com.br\/index.php\/wp-json\/wp\/v2\/types\/post"}],"author":[{"embeddable":true,"href":"https:\/\/blog.corretoraideal.com.br\/index.php\/wp-json\/wp\/v2\/users\/1"}],"replies":[{"embeddable":true,"href":"https:\/\/blog.corretoraideal.com.br\/index.php\/wp-json\/wp\/v2\/comments?post=50953"}],"version-history":[{"count":1,"href":"https:\/\/blog.corretoraideal.com.br\/index.php\/wp-json\/wp\/v2\/posts\/50953\/revisions"}],"predecessor-version":[{"id":50955,"href":"https:\/\/blog.corretoraideal.com.br\/index.php\/wp-json\/wp\/v2\/posts\/50953\/revisions\/50955"}],"wp:attachment":[{"href":"https:\/\/blog.corretoraideal.com.br\/index.php\/wp-json\/wp\/v2\/media?parent=50953"}],"wp:term":[{"taxonomy":"category","embeddable":true,"href":"https:\/\/blog.corretoraideal.com.br\/index.php\/wp-json\/wp\/v2\/categories?post=50953"},{"taxonomy":"post_tag","embeddable":true,"href":"https:\/\/blog.corretoraideal.com.br\/index.php\/wp-json\/wp\/v2\/tags?post=50953"}],"curies":[{"name":"wp","href":"https:\/\/api.w.org\/{rel}","templated":true}]}}