{"id":50962,"date":"2023-07-21T16:29:40","date_gmt":"2023-07-21T16:29:40","guid":{"rendered":"https:\/\/blog.corretoraideal.com.br\/?p=50962"},"modified":"2023-07-21T16:29:40","modified_gmt":"2023-07-21T16:29:40","slug":"ex-governador-do-rio-garotinho-e-internado-com-pneumonia-em-campos-norte-fluminense-g1","status":"publish","type":"post","link":"https:\/\/blog.corretoraideal.com.br\/index.php\/2023\/07\/21\/ex-governador-do-rio-garotinho-e-internado-com-pneumonia-em-campos-norte-fluminense-g1\/","title":{"rendered":"Ex-governador do Rio, Garotinho \u00e9 internado com pneumonia em Campos | Norte Fluminense | G1"},"content":{"rendered":"<p>      1 de 1&#013;Garotinho enfrenta um quadro de pneumonia em hospital de Campos \u2014 Foto: Reprodu\u00e7\u00e3o\/JN    <\/p>\n<p> Garotinho enfrenta um quadro de pneumonia em hospital de Campos \u2014 Foto: Reprodu\u00e7\u00e3o\/JN <\/p>\n<p> O ex-governador do Rio de Janeiro, Anthony <a class href=\"https:\/\/g1.globo.com\/politica\/politico\/garotinho\/\">Garotinho<\/a> (<a class href=\"https:\/\/g1.globo.com\/politica\/partido\/uniao-brasil\/\">Uni\u00e3o Brasil<\/a>), de 63 anos, foi internado com quadro de pneumonia na manh\u00e3 desta sexta-feira (21) em <a class href=\"https:\/\/g1.globo.com\/rj\/norte-fluminense\/cidade\/campos-dos-goytacazes\/\">Campos dos Goytacazes<\/a>, no Norte Fluminense. <\/p>\n<p> A mulher dele, Rosinha <a class href=\"https:\/\/g1.globo.com\/politica\/politico\/garotinho\/\">Garotinho<\/a>, confirmou ao <a class href=\"https:\/\/g1.globo.com\/\"><strong>g1 <\/strong><\/a>que ele estava se tratando em casa, mas o quadro piorou e precisou ser internado no Hospital da Unimed, tamb\u00e9m na cidade de Campos. <\/p>\n<p> Segundo ela, Garotinho encontra-se no quarto, l\u00facido e com quadro de sa\u00fade est\u00e1vel. <\/p>\n<p> &quot;O Garotinho est\u00e1 bem. Ele teve uma pneumonia em casa. Mas, o tratamento n\u00e3o deu resultado. Ent\u00e3o, ele teve que vim pro hospital, porque a pneumonia evoluiu. Ele est\u00e1 tomando medicamento venoso e dever\u00e1 ficar no hospital at\u00e9 domingo, quando ele far\u00e1 outra tomografia. Dentro do quadro, ele est\u00e1 bem&quot;, disse Rosinha ao <strong>g1<\/strong>. <\/p>\n<p> Rosinha explicou ainda que a previs\u00e3o \u00e9 dele continuar o tratamento em casa ap\u00f3s ter alta do hospital, mas que tudo seguir\u00e1 sendo avaliado pelo m\u00e9dico. <\/p>\n<p> O <strong>g1 <\/strong>tamb\u00e9m fez contato com o Hospital da Unimed e aguarda retorno. <\/p>\n<ul>\n<li> <a href=\"https:\/\/g1.globo.com\/rj\/norte-fluminense\/cidade\/campos-dos-goytacazes\/\" class=\"entities__list-itemLink\" data-track-click=\"Campos dos Goytacazes\"> Campos dos Goytacazes <\/a> <\/li>\n<li> <a href=\"https:\/\/g1.globo.com\/politica\/politico\/garotinho\/\" class=\"entities__list-itemLink\" data-track-click=\"Garotinho\"> Garotinho <\/a> <\/li>\n<li> <a href=\"https:\/\/g1.globo.com\/politica\/partido\/uniao-brasil\/\" class=\"entities__list-itemLink\" data-track-click=\"Uni\u00e3o Brasil\"> Uni\u00e3o Brasil <\/a> <\/li>\n<\/ul>\n","protected":false},"excerpt":{"rendered":"<p>1 de 1&#013;Garotinho enfrenta um quadro de pneumonia em hospital de Campos \u2014 Foto: Reprodu\u00e7\u00e3o\/JN Garotinho enfrenta um quadro de pneumonia em hospital de Campos \u2014 Foto: Reprodu\u00e7\u00e3o\/JN O ex-governador do Rio de Janeiro, Anthony Garotinho (Uni\u00e3o Brasil), de 63 anos, foi internado com quadro de pneumonia na manh\u00e3 desta sexta-feira (21) em Campos dos [&hellip;]<\/p>\n","protected":false},"author":1,"featured_media":0,"comment_status":"closed","ping_status":"closed","sticky":false,"template":"","format":"standard","meta":{"footnotes":""},"categories":[],"tags":[],"class_list":["post-50962","post","type-post","status-publish","format-standard","hentry"],"_links":{"self":[{"href":"https:\/\/blog.corretoraideal.com.br\/index.php\/wp-json\/wp\/v2\/posts\/50962","targetHints":{"allow":["GET"]}}],"collection":[{"href":"https:\/\/blog.corretoraideal.com.br\/index.php\/wp-json\/wp\/v2\/posts"}],"about":[{"href":"https:\/\/blog.corretoraideal.com.br\/index.php\/wp-json\/wp\/v2\/types\/post"}],"author":[{"embeddable":true,"href":"https:\/\/blog.corretoraideal.com.br\/index.php\/wp-json\/wp\/v2\/users\/1"}],"replies":[{"embeddable":true,"href":"https:\/\/blog.corretoraideal.com.br\/index.php\/wp-json\/wp\/v2\/comments?post=50962"}],"version-history":[{"count":1,"href":"https:\/\/blog.corretoraideal.com.br\/index.php\/wp-json\/wp\/v2\/posts\/50962\/revisions"}],"predecessor-version":[{"id":50964,"href":"https:\/\/blog.corretoraideal.com.br\/index.php\/wp-json\/wp\/v2\/posts\/50962\/revisions\/50964"}],"wp:attachment":[{"href":"https:\/\/blog.corretoraideal.com.br\/index.php\/wp-json\/wp\/v2\/media?parent=50962"}],"wp:term":[{"taxonomy":"category","embeddable":true,"href":"https:\/\/blog.corretoraideal.com.br\/index.php\/wp-json\/wp\/v2\/categories?post=50962"},{"taxonomy":"post_tag","embeddable":true,"href":"https:\/\/blog.corretoraideal.com.br\/index.php\/wp-json\/wp\/v2\/tags?post=50962"}],"curies":[{"name":"wp","href":"https:\/\/api.w.org\/{rel}","templated":true}]}}