{"id":50975,"date":"2023-07-21T21:32:55","date_gmt":"2023-07-21T21:32:55","guid":{"rendered":"https:\/\/blog.corretoraideal.com.br\/?p=50975"},"modified":"2023-07-21T21:32:55","modified_gmt":"2023-07-21T21:32:55","slug":"homem-e-encontrado-morto-com-marcas-de-violencia-no-bairro-flamboyant-em-campos-norte-fluminense-g1","status":"publish","type":"post","link":"https:\/\/blog.corretoraideal.com.br\/index.php\/2023\/07\/21\/homem-e-encontrado-morto-com-marcas-de-violencia-no-bairro-flamboyant-em-campos-norte-fluminense-g1\/","title":{"rendered":"Homem \u00e9 encontrado morto com marcas de viol\u00eancia no bairro Flamboyant, em Campos | Norte Fluminense | G1"},"content":{"rendered":"\n<p> Um homem, ainda n\u00e3o identificado, foi encontrado morto na manh\u00e3 desta sexta-feira (21) no bairro Flamboyant , em <a class href=\"https:\/\/g1.globo.com\/rj\/norte-fluminense\/cidade\/campos-dos-goytacazes\/\">Campos dos Goytacazes<\/a>, no Norte Fluminense. <\/p>\n<p> O Corpo de Bombeiros foi acionado por volta das 5h, mas quando chegou ao local o homem j\u00e1 estava sem vida. De acordo com a Pol\u00edcia Militar, o homem estava na rua Osvaldo Tavares com ferimentos na cabe\u00e7a e nariz quebrado. <\/p>\n<p> O corpo foi levado pro Instituto m\u00e9dico legal (IML) da cidade e local passou por per\u00edcia. Ainda de acordo com a Pol\u00edcia Civil, h\u00e1 suspeita de que a v\u00edtima tenha sido espancada at\u00e9 a morte. <\/p>\n<p> O caso est\u00e1 sendo investigado pela delegacia do Centro de Campos. <\/p>\n<ul>\n<li> <a href=\"https:\/\/g1.globo.com\/rj\/norte-fluminense\/cidade\/campos-dos-goytacazes\/\" class=\"entities__list-itemLink\" data-track-click=\"Campos dos Goytacazes\"> Campos dos Goytacazes <\/a> <\/li>\n<\/ul>\n","protected":false},"excerpt":{"rendered":"<p>Um homem, ainda n\u00e3o identificado, foi encontrado morto na manh\u00e3 desta sexta-feira (21) no bairro Flamboyant , em Campos dos Goytacazes, no Norte Fluminense. O Corpo de Bombeiros foi acionado por volta das 5h, mas quando chegou ao local o homem j\u00e1 estava sem vida. De acordo com a Pol\u00edcia Militar, o homem estava na [&hellip;]<\/p>\n","protected":false},"author":1,"featured_media":0,"comment_status":"closed","ping_status":"closed","sticky":false,"template":"","format":"standard","meta":{"footnotes":""},"categories":[],"tags":[],"class_list":["post-50975","post","type-post","status-publish","format-standard","hentry"],"_links":{"self":[{"href":"https:\/\/blog.corretoraideal.com.br\/index.php\/wp-json\/wp\/v2\/posts\/50975","targetHints":{"allow":["GET"]}}],"collection":[{"href":"https:\/\/blog.corretoraideal.com.br\/index.php\/wp-json\/wp\/v2\/posts"}],"about":[{"href":"https:\/\/blog.corretoraideal.com.br\/index.php\/wp-json\/wp\/v2\/types\/post"}],"author":[{"embeddable":true,"href":"https:\/\/blog.corretoraideal.com.br\/index.php\/wp-json\/wp\/v2\/users\/1"}],"replies":[{"embeddable":true,"href":"https:\/\/blog.corretoraideal.com.br\/index.php\/wp-json\/wp\/v2\/comments?post=50975"}],"version-history":[{"count":1,"href":"https:\/\/blog.corretoraideal.com.br\/index.php\/wp-json\/wp\/v2\/posts\/50975\/revisions"}],"predecessor-version":[{"id":50977,"href":"https:\/\/blog.corretoraideal.com.br\/index.php\/wp-json\/wp\/v2\/posts\/50975\/revisions\/50977"}],"wp:attachment":[{"href":"https:\/\/blog.corretoraideal.com.br\/index.php\/wp-json\/wp\/v2\/media?parent=50975"}],"wp:term":[{"taxonomy":"category","embeddable":true,"href":"https:\/\/blog.corretoraideal.com.br\/index.php\/wp-json\/wp\/v2\/categories?post=50975"},{"taxonomy":"post_tag","embeddable":true,"href":"https:\/\/blog.corretoraideal.com.br\/index.php\/wp-json\/wp\/v2\/tags?post=50975"}],"curies":[{"name":"wp","href":"https:\/\/api.w.org\/{rel}","templated":true}]}}