{"id":50978,"date":"2023-07-21T23:30:48","date_gmt":"2023-07-21T23:30:48","guid":{"rendered":"https:\/\/blog.corretoraideal.com.br\/?p=50978"},"modified":"2023-07-21T23:30:48","modified_gmt":"2023-07-21T23:30:48","slug":"governo-facilita-condicoes-para-trabalhador-pedir-beneficio-de-afastamento-por-doenca-economia-g1","status":"publish","type":"post","link":"https:\/\/blog.corretoraideal.com.br\/index.php\/2023\/07\/21\/governo-facilita-condicoes-para-trabalhador-pedir-beneficio-de-afastamento-por-doenca-economia-g1\/","title":{"rendered":"Governo facilita condi\u00e7\u00f5es para trabalhador pedir benef\u00edcio de afastamento por doen\u00e7a | Economia | G1"},"content":{"rendered":"\n<p> O governo aumentou nesta sexta-feira (21), de 90 para 180 dias, o per\u00edodo do afastamento tempor\u00e1rio por doen\u00e7a que \u00e9 feito de forma remota sem precisar agendar per\u00edcia m\u00e9dica junto ao Instituto Nacional de Seguro Social (<a class href=\"https:\/\/g1.globo.com\/tudo-sobre\/inss\/\">INSS<\/a>). <\/p>\n<p> Antes, a solicita\u00e7\u00e3o de aux\u00edlio-doen\u00e7a apenas com o atestado e de forma remota s\u00f3 poderia ser feita nas localidades em que o tempo de espera para a realiza\u00e7\u00e3o da per\u00edcia fosse superior a 30 dias. E o benef\u00edcio s\u00f3 poderia ser concedido por 90 dias. <\/p>\n<p> As novas condi\u00e7\u00f5es para solicitar o aux\u00edlio foram publicadas em portaria conjunta do Minist\u00e9rio da Previd\u00eancia Social e do INSS. <\/p>\n<p> Segundo o minist\u00e9rio, a medida \u201cse soma \u00e0s iniciativas adotadas para acabar com as filas de agendamentos para a realiza\u00e7\u00e3o da per\u00edcia m\u00e9dica\u201d. <\/p>\n<p> Agora, o trabalhador poder\u00e1 solicitar o benef\u00edcio por at\u00e9 6 meses, por meio dos seguintes canais de atendimento: <\/p>\n<ul>\n<li>aplicativo e site &#x27;Meu INSS\u2019;<\/li>\n<li>central de atendimento, pelo n\u00famero 135;<\/li>\n<li>ag\u00eancias da Previd\u00eancia Social;<\/li>\n<li>entidades com conv\u00eanio.<\/li>\n<\/ul>\n<p> O trabalhador ter\u00e1 que apresentar documenta\u00e7\u00e3o m\u00e9dica ou odontol\u00f3gica, contendo as informa\u00e7\u00f5es: <\/p>\n<ul>\n<li>nome completo;<\/li>\n<li>data de emiss\u00e3o da documenta\u00e7\u00e3o, que n\u00e3o poder\u00e1 ser superior a 90 dias da data do requerimento;<\/li>\n<li>diagn\u00f3stico por extenso ou o c\u00f3digo da Classifica\u00e7\u00e3o Internacional de Doen\u00e7as (CID);<\/li>\n<li>assinatura do m\u00e9dico;<\/li>\n<li>data de in\u00edcio do repouso ou do afastamento das atividades de trabalho;<\/li>\n<li>prazo estimado do afastamento, em dias.<\/li>\n<\/ul>\n<p> No caso de incapacidade tempor\u00e1ria por acidente, o trabalhador ter\u00e1 que apresentar a Comunica\u00e7\u00e3o de Acidente de Trabalho (CAT) emitida pelo empregador. <\/p>\n<p> Quando o benef\u00edcio n\u00e3o puder ser concedido por causa do n\u00e3o atendimento dos requisitos ou por ultrapassar o prazo m\u00e1ximo de 180 dias, o trabalhador dever\u00e1 fazer uma per\u00edcia m\u00e9dica no INSS. <\/p>\n<p> Quem j\u00e1 tiver exame marcado poder\u00e1 optar por fazer a solicita\u00e7\u00e3o de forma remota, desde que respeite o prazo de 30 dias entre a data do agendamento e data de solicita\u00e7\u00e3o remota. <\/p>\n<ul>\n<li> <a href=\"https:\/\/g1.globo.com\/tudo-sobre\/inss\/\" class=\"entities__list-itemLink\" data-track-click=\"INSS\"> INSS <\/a> <\/li>\n<\/ul>\n","protected":false},"excerpt":{"rendered":"<p>O governo aumentou nesta sexta-feira (21), de 90 para 180 dias, o per\u00edodo do afastamento tempor\u00e1rio por doen\u00e7a que \u00e9 feito de forma remota sem precisar agendar per\u00edcia m\u00e9dica junto ao Instituto Nacional de Seguro Social (INSS). Antes, a solicita\u00e7\u00e3o de aux\u00edlio-doen\u00e7a apenas com o atestado e de forma remota s\u00f3 poderia ser feita nas [&hellip;]<\/p>\n","protected":false},"author":1,"featured_media":0,"comment_status":"closed","ping_status":"closed","sticky":false,"template":"","format":"standard","meta":{"footnotes":""},"categories":[],"tags":[],"class_list":["post-50978","post","type-post","status-publish","format-standard","hentry"],"_links":{"self":[{"href":"https:\/\/blog.corretoraideal.com.br\/index.php\/wp-json\/wp\/v2\/posts\/50978","targetHints":{"allow":["GET"]}}],"collection":[{"href":"https:\/\/blog.corretoraideal.com.br\/index.php\/wp-json\/wp\/v2\/posts"}],"about":[{"href":"https:\/\/blog.corretoraideal.com.br\/index.php\/wp-json\/wp\/v2\/types\/post"}],"author":[{"embeddable":true,"href":"https:\/\/blog.corretoraideal.com.br\/index.php\/wp-json\/wp\/v2\/users\/1"}],"replies":[{"embeddable":true,"href":"https:\/\/blog.corretoraideal.com.br\/index.php\/wp-json\/wp\/v2\/comments?post=50978"}],"version-history":[{"count":1,"href":"https:\/\/blog.corretoraideal.com.br\/index.php\/wp-json\/wp\/v2\/posts\/50978\/revisions"}],"predecessor-version":[{"id":50980,"href":"https:\/\/blog.corretoraideal.com.br\/index.php\/wp-json\/wp\/v2\/posts\/50978\/revisions\/50980"}],"wp:attachment":[{"href":"https:\/\/blog.corretoraideal.com.br\/index.php\/wp-json\/wp\/v2\/media?parent=50978"}],"wp:term":[{"taxonomy":"category","embeddable":true,"href":"https:\/\/blog.corretoraideal.com.br\/index.php\/wp-json\/wp\/v2\/categories?post=50978"},{"taxonomy":"post_tag","embeddable":true,"href":"https:\/\/blog.corretoraideal.com.br\/index.php\/wp-json\/wp\/v2\/tags?post=50978"}],"curies":[{"name":"wp","href":"https:\/\/api.w.org\/{rel}","templated":true}]}}