{"id":50985,"date":"2023-07-22T02:29:34","date_gmt":"2023-07-22T02:29:34","guid":{"rendered":"https:\/\/blog.corretoraideal.com.br\/?p=50985"},"modified":"2023-07-22T02:29:34","modified_gmt":"2023-07-22T02:29:34","slug":"pf-prende-homem-que-aparece-em-imagens-derrubando-grades-e-invadindo-o-predio-do-stf-jornal-nacional-g1","status":"publish","type":"post","link":"https:\/\/blog.corretoraideal.com.br\/index.php\/2023\/07\/22\/pf-prende-homem-que-aparece-em-imagens-derrubando-grades-e-invadindo-o-predio-do-stf-jornal-nacional-g1\/","title":{"rendered":"PF prende homem que aparece em imagens derrubando grades e invadindo o pr\u00e9dio do STF | Jornal Nacional | G1"},"content":{"rendered":"\n<p> A <a class href=\"https:\/\/g1.globo.com\/tudo-sobre\/policia-federal\/\">Pol\u00edcia Federal<\/a> prendeu, na quinta-feira (20), em <a class href=\"https:\/\/g1.globo.com\/rj\/norte-fluminense\/cidade\/campos-dos-goytacazes\/\">Campos dos Goytacazes<\/a>, no <a class href=\"https:\/\/g1.globo.com\/rj\/rio-de-janeiro\/cidade\/rio-de-janeiro\/\">Rio de Janeiro<\/a>, o comerciante Diego Ventura. Em imagens do site UOL, Ventura aparece com outros v\u00e2ndalos derrubando grades e invadindo o pr\u00e9dio do <a class href=\"https:\/\/g1.globo.com\/tudo-sobre\/supremo-tribunal-federal\/\">STF &#8211; Supremo Tribunal Federal<\/a> no <a class href=\"https:\/\/g1.globo.com\/df\/distrito-federal\/noticia\/2023\/01\/08\/o-dia-em-que-bolsonaristas-invadiram-o-congresso-o-planalto-e-o-stf-como-isso-aconteceu-e-quais-as-consequencias.ghtml\">dia 8 de janeiro<\/a>. <\/p>\n<p> Diego Ventura j\u00e1 tinha sido detido na v\u00e9spera do Natal, quando seguia com um grupo armado com facas para o STF. A ordem de pris\u00e3o foi dada pelo ministro <a class href=\"https:\/\/g1.globo.com\/tudo-sobre\/alexandre-de-moraes\/\">Alexandre de Moraes<\/a>, no inqu\u00e9rito que investiga os ataques golpistas. <\/p>\n<p> <strong>LEIA TAMB\u00c9M<\/strong> <\/p>\n<ul>\n<li><a class href=\"https:\/\/g1.globo.com\/rj\/rio-de-janeiro\/noticia\/2023\/07\/21\/policia-federal-prende-homem-apontado-como-lider-de-ataques-golpistas-em-brasilia.ghtml\"><strong>Pol\u00edcia Federal prende homem apontado como um dos chefes de ataques golpistas em Bras\u00edlia<\/strong><\/a><\/li>\n<\/ul>\n<ul> <\/ul>\n","protected":false},"excerpt":{"rendered":"<p>A Pol\u00edcia Federal prendeu, na quinta-feira (20), em Campos dos Goytacazes, no Rio de Janeiro, o comerciante Diego Ventura. Em imagens do site UOL, Ventura aparece com outros v\u00e2ndalos derrubando grades e invadindo o pr\u00e9dio do STF &#8211; Supremo Tribunal Federal no dia 8 de janeiro. Diego Ventura j\u00e1 tinha sido detido na v\u00e9spera do [&hellip;]<\/p>\n","protected":false},"author":1,"featured_media":0,"comment_status":"closed","ping_status":"closed","sticky":false,"template":"","format":"standard","meta":{"footnotes":""},"categories":[],"tags":[],"class_list":["post-50985","post","type-post","status-publish","format-standard","hentry"],"_links":{"self":[{"href":"https:\/\/blog.corretoraideal.com.br\/index.php\/wp-json\/wp\/v2\/posts\/50985","targetHints":{"allow":["GET"]}}],"collection":[{"href":"https:\/\/blog.corretoraideal.com.br\/index.php\/wp-json\/wp\/v2\/posts"}],"about":[{"href":"https:\/\/blog.corretoraideal.com.br\/index.php\/wp-json\/wp\/v2\/types\/post"}],"author":[{"embeddable":true,"href":"https:\/\/blog.corretoraideal.com.br\/index.php\/wp-json\/wp\/v2\/users\/1"}],"replies":[{"embeddable":true,"href":"https:\/\/blog.corretoraideal.com.br\/index.php\/wp-json\/wp\/v2\/comments?post=50985"}],"version-history":[{"count":1,"href":"https:\/\/blog.corretoraideal.com.br\/index.php\/wp-json\/wp\/v2\/posts\/50985\/revisions"}],"predecessor-version":[{"id":50987,"href":"https:\/\/blog.corretoraideal.com.br\/index.php\/wp-json\/wp\/v2\/posts\/50985\/revisions\/50987"}],"wp:attachment":[{"href":"https:\/\/blog.corretoraideal.com.br\/index.php\/wp-json\/wp\/v2\/media?parent=50985"}],"wp:term":[{"taxonomy":"category","embeddable":true,"href":"https:\/\/blog.corretoraideal.com.br\/index.php\/wp-json\/wp\/v2\/categories?post=50985"},{"taxonomy":"post_tag","embeddable":true,"href":"https:\/\/blog.corretoraideal.com.br\/index.php\/wp-json\/wp\/v2\/tags?post=50985"}],"curies":[{"name":"wp","href":"https:\/\/api.w.org\/{rel}","templated":true}]}}