{"id":50988,"date":"2023-07-22T04:29:52","date_gmt":"2023-07-22T04:29:52","guid":{"rendered":"https:\/\/blog.corretoraideal.com.br\/?p=50988"},"modified":"2023-07-22T04:29:52","modified_gmt":"2023-07-22T04:29:52","slug":"ministerio-da-agricultura-orienta-que-estados-declarem-emergencia-zoossanitaria-por-causa-de-gripe-aviaria-agronegocios-g1","status":"publish","type":"post","link":"https:\/\/blog.corretoraideal.com.br\/index.php\/2023\/07\/22\/ministerio-da-agricultura-orienta-que-estados-declarem-emergencia-zoossanitaria-por-causa-de-gripe-aviaria-agronegocios-g1\/","title":{"rendered":"Minist\u00e9rio da Agricultura orienta que estados declarem emerg\u00eancia zoossanit\u00e1ria por causa de gripe avi\u00e1ria | Agroneg\u00f3cios | G1"},"content":{"rendered":"<p>      1 de 1&#013;Um foco de gripe avi\u00e1ria foi descoberto em cisnes e em duas fazendas de aves no sudeste da Rep\u00fablica Tcheca \u2014 Foto: Stefan Wermuth\/Reuters    <\/p>\n<p> Um foco de gripe avi\u00e1ria foi descoberto em cisnes e em duas fazendas de aves no sudeste da Rep\u00fablica Tcheca \u2014 Foto: Stefan Wermuth\/Reuters <\/p>\n<p> O Minist\u00e9rio da Agricultura<a class href=\"https:\/\/g1.globo.com\/tudo-sobre\/ministerio-da-agricultura\/\"> e Pecu\u00e1ria (Mapa)<\/a> orientou, nesta sexta-feira (21), que os estados declarem emerg\u00eancia zoossanit\u00e1ria por causa de gripe avi\u00e1ria. Em n\u00edvel nacional, o governo j\u00e1 havia anunciado a medida por meio de portaria publicada no Di\u00e1rio Oficial da Uni\u00e3o (DOU) de 22 de maio. <\/p>\n<p> Segundo a nota, para que as medidas de enfrentamento \u00e0 gripe avi\u00e1ria sejam efetivadas, \u00e9 necess\u00e1rio que os estados assumam a mesma medida, para refor\u00e7ar o alerta nas localidades onde n\u00e3o h\u00e1 qualquer registro de foco da doen\u00e7a. <\/p>\n<p> A ocorr\u00eancia de um caso em ave comercial afetaria todo o pa\u00eds, aponta o comunicado. <\/p>\n<p> O Brasil \u00e9 l\u00edder nas exporta\u00e7\u00f5es de carne de frango, respondendo por 35% do mercado global. \u00c9 tamb\u00e9m um dos \u00fanicos pa\u00edses que ainda se mant\u00e9m com o status de livre da Influenza Avi\u00e1ria de Alta Patogenicidade (Gripe Avi\u00e1ria) em aves comerciais, que chegam at\u00e9 a mesa do consumidor, conforme protocolo da Organiza\u00e7\u00e3o Mundial de Sa\u00fade Animal (OMSA). <\/p>\n<p> At\u00e9 a noite desta sexta-feira, o pa\u00eds j\u00e1 identificou 67 focos de gripe avi\u00e1ria em 7 estados. Dois focos serem em cria\u00e7\u00e3o de subsist\u00eancia (para consumo pr\u00f3prio) e 65 em aves silvestres. <\/p>\n<ul>\n<li><strong>LEIA TAMB\u00c9M:<\/strong> <a class href=\"https:\/\/g1.globo.com\/economia\/agronegocios\/noticia\/2023\/05\/23\/o-que-e-o-estado-de-emergencia-zoossanitaria-por-gripe-aviaria-decretado-pelo-ministerio-da-agricultura.ghtml\">O que significa estado emerg\u00eancia zoossanit\u00e1ria?<\/a><\/li>\n<\/ul>\n<p> Nesta quinta-feira (20), o ministro da Agricultura e Pecu\u00e1ria, Carlos F\u00e1varo, se reuniu com governadores e representantes dos estados e Distrito Federal e orientou que os governadores declarem o estado de emerg\u00eancia zoosanit\u00e1ria e reforcem as a\u00e7\u00f5es de conten\u00e7\u00e3o e impe\u00e7am o avan\u00e7o da doen\u00e7a. <\/p>\n<p> Tamb\u00e9m na quinta-feira, <a class href=\"https:\/\/g1.globo.com\/sc\/santa-catarina\/noticia\/2023\/07\/20\/sc-declara-estado-de-emergencia-zoossanitaria-por-causa-da-gripe-aviaria.ghtml\">o governo de Santa Catarina declarou estado de emerg\u00eancia zoossanit\u00e1ria<\/a> ap\u00f3s registrar o primeiro caso da doen\u00e7a em uma galinha no pa\u00eds. A ave era criada para consumo pr\u00f3prio. <\/p>\n<p><h2>O que muda no estado de emerg\u00eancia zoossanit\u00e1ria <\/h2>\n<\/p>\n<p> Ao declarar emerg\u00eancia zoossanit\u00e1ria, o governo consegue agilizar processos para combater a doen\u00e7a. Exemplos: contratar funcion\u00e1rio por tempo determinado, reduzir a burocracia para comprar equipamentos ou deslocar servidores de um estado para o outro, explica o presidente da Associa\u00e7\u00e3o Brasileira de Prote\u00edna Animal (ABPA), Ricardo Santin. <\/p>\n<p> Isso porque possibilita a mobiliza\u00e7\u00e3o de verbas da Uni\u00e3o e a articula\u00e7\u00e3o com outros minist\u00e9rios e organiza\u00e7\u00f5es governamentais nas tr\u00eas inst\u00e2ncias: federal, estadual e municipal, bem como n\u00e3o governamentais. <\/p>\n<p> O pedido para que os estados fa\u00e7am a mesma coisa ocorre porque a medida \u00e9 requisito para que eles possam acessar e disponibilizar os recursos a serem aplicados nas a\u00e7\u00f5es necess\u00e1rias, como assegurar a for\u00e7a de trabalho, log\u00edstica, recursos materiais e tecnol\u00f3gicos para a conten\u00e7\u00e3o da gripe avi\u00e1ria, informa nota. <\/p>\n<p> <strong>Saiba tamb\u00e9m: <\/strong> <\/p>\n<ul>\n<li><strong>Gripe avi\u00e1ria: <\/strong><a class href=\"https:\/\/g1.globo.com\/es\/espirito-santo\/noticia\/2023\/05\/21\/gripe-aviaria-o-que-se-sabe-sobre-a-doenca-no-brasil-ate-agora.ghtml\">como humanos pegam? Quantas pessoas j\u00e1 foram infectadas? Tire d\u00favidas<\/a><\/li>\n<\/ul>\n<p>                       <img loading=\"lazy\" decoding=\"async\" class=\"aligncenter size-full wp-image-50990\" src=\"https:\/\/blog.corretoraideal.com.br\/wp-content\/uploads\/2023\/07\/gripe-aviaria-o-que-ja-se-sabe-sobre-os-primeiros-casos-no-brasil-1.jpeg\" alt=\"Gripe Avi\u00e1ria: o que j\u00e1 se sabe sobre os primeiros casos no Brasil\" width=\"800\" height=\"400\" \/>      <\/p>\n<p> Gripe Avi\u00e1ria: o que j\u00e1 se sabe sobre os primeiros casos no Brasil <\/p>\n<ul>\n<li> <a href=\"https:\/\/g1.globo.com\/topico\/distrito-federal\" class=\"entities__list-itemLink\" data-track-click=\"Distrito Federal\"> Distrito Federal <\/a> <\/li>\n<li> <a href=\"https:\/\/g1.globo.com\/tudo-sobre\/ministerio-da-agricultura\/\" class=\"entities__list-itemLink\" data-track-click=\"Minist\u00e9rio da Agricultura\"> Minist\u00e9rio da Agricultura <\/a> <\/li>\n<\/ul>\n","protected":false},"excerpt":{"rendered":"<p>1 de 1&#013;Um foco de gripe avi\u00e1ria foi descoberto em cisnes e em duas fazendas de aves no sudeste da Rep\u00fablica Tcheca \u2014 Foto: Stefan Wermuth\/Reuters Um foco de gripe avi\u00e1ria foi descoberto em cisnes e em duas fazendas de aves no sudeste da Rep\u00fablica Tcheca \u2014 Foto: Stefan Wermuth\/Reuters O Minist\u00e9rio da Agricultura e [&hellip;]<\/p>\n","protected":false},"author":1,"featured_media":0,"comment_status":"closed","ping_status":"closed","sticky":false,"template":"","format":"standard","meta":{"footnotes":""},"categories":[],"tags":[],"class_list":["post-50988","post","type-post","status-publish","format-standard","hentry"],"_links":{"self":[{"href":"https:\/\/blog.corretoraideal.com.br\/index.php\/wp-json\/wp\/v2\/posts\/50988","targetHints":{"allow":["GET"]}}],"collection":[{"href":"https:\/\/blog.corretoraideal.com.br\/index.php\/wp-json\/wp\/v2\/posts"}],"about":[{"href":"https:\/\/blog.corretoraideal.com.br\/index.php\/wp-json\/wp\/v2\/types\/post"}],"author":[{"embeddable":true,"href":"https:\/\/blog.corretoraideal.com.br\/index.php\/wp-json\/wp\/v2\/users\/1"}],"replies":[{"embeddable":true,"href":"https:\/\/blog.corretoraideal.com.br\/index.php\/wp-json\/wp\/v2\/comments?post=50988"}],"version-history":[{"count":1,"href":"https:\/\/blog.corretoraideal.com.br\/index.php\/wp-json\/wp\/v2\/posts\/50988\/revisions"}],"predecessor-version":[{"id":50991,"href":"https:\/\/blog.corretoraideal.com.br\/index.php\/wp-json\/wp\/v2\/posts\/50988\/revisions\/50991"}],"wp:attachment":[{"href":"https:\/\/blog.corretoraideal.com.br\/index.php\/wp-json\/wp\/v2\/media?parent=50988"}],"wp:term":[{"taxonomy":"category","embeddable":true,"href":"https:\/\/blog.corretoraideal.com.br\/index.php\/wp-json\/wp\/v2\/categories?post=50988"},{"taxonomy":"post_tag","embeddable":true,"href":"https:\/\/blog.corretoraideal.com.br\/index.php\/wp-json\/wp\/v2\/tags?post=50988"}],"curies":[{"name":"wp","href":"https:\/\/api.w.org\/{rel}","templated":true}]}}