{"id":50992,"date":"2023-07-22T05:29:49","date_gmt":"2023-07-22T05:29:49","guid":{"rendered":"https:\/\/blog.corretoraideal.com.br\/?p=50992"},"modified":"2023-07-22T05:29:49","modified_gmt":"2023-07-22T05:29:49","slug":"primeira-fabrica-do-carro-voador-da-embraer-no-brasil-sera-em-taubate-no-interior-de-sp-vale-do-paraiba-e-regiao-g1","status":"publish","type":"post","link":"https:\/\/blog.corretoraideal.com.br\/index.php\/2023\/07\/22\/primeira-fabrica-do-carro-voador-da-embraer-no-brasil-sera-em-taubate-no-interior-de-sp-vale-do-paraiba-e-regiao-g1\/","title":{"rendered":"Primeira f\u00e1brica do &#039;carro voador&#039; da Embraer no Brasil ser\u00e1 em Taubat\u00e9, no interior de SP | Vale do Para\u00edba e Regi\u00e3o | G1"},"content":{"rendered":"<p>      1 de 5&#013;Conceito de eVTOL da Eve, empresa da Embraer \u2014 Foto: Divulga\u00e7\u00e3o\/Eve    <\/p>\n<p> Conceito de eVTOL da Eve, empresa da Embraer \u2014 Foto: Divulga\u00e7\u00e3o\/Eve <\/p>\n<p> A fabricante de aeronaves Eve Air Mobility, controlada pela <a class href=\"https:\/\/g1.globo.com\/tudo-sobre\/embraer\/\">Embraer<\/a>, anunciou que os &#x27;eVTOLs\u2019 (sigla em ingl\u00eas para &quot;ve\u00edculo el\u00e9trico de pouso de decolagem vertical&quot;), conhecidos &#x27;como carros voadores&#x27;, ser\u00e3o produzidos em Taubat\u00e9, no interior de S\u00e3o Paulo. <\/p>\n<p> <strong>O an\u00fancio foi feito nesta quinta-feira (20), data do anivers\u00e1rio de 150 anos do nascimento de Santos Dumont.<\/strong> <\/p>\n<p> Os carros voadores ser\u00e3o fabricados em uma unidade j\u00e1 existente da Embraer na cidade e que ser\u00e1 ampliada para receber a linha de produ\u00e7\u00e3o do eVTOLs . Os primeiros modelos devem sair da f\u00e1brica a partir de 2026. <\/p>\n<p>                   <img loading=\"lazy\" decoding=\"async\" class=\"aligncenter size-full wp-image-50994\" src=\"https:\/\/blog.corretoraideal.com.br\/wp-content\/uploads\/2023\/07\/prototipo-de-carro-voador-devera-ser-lancado-em-2026-1.jpeg\" alt=\"Prot\u00f3tipo de carro voador dever\u00e1 ser lan\u00e7ado em 2026\" width=\"800\" height=\"400\" \/>      <\/p>\n<p> Prot\u00f3tipo de carro-voador dever\u00e1 ser lan\u00e7ado em 2026 <\/p>\n<p> Apesar do an\u00fancio, a Eve e Embraer informaram que a amplia\u00e7\u00e3o na f\u00e1brica ainda est\u00e1 sujeita a aprova\u00e7\u00e3o final das autoridades. <\/p>\n<p>&quot;O local se beneficia de uma log\u00edstica estrat\u00e9gica, oferecendo f\u00e1cil acesso por meio de rodovias e proximidade de uma linha ferrovi\u00e1ria. Outra vantagem significativa \u00e9 a localiza\u00e7\u00e3o pr\u00f3xima \u00e0 sede da Embraer em S\u00e3o Jos\u00e9 dos Campos e da equipe de engenharia e recursos humanos da Eve, o que facilitar\u00e1 o desenvolvimento e a sustentabilidade de novos processos de produ\u00e7\u00e3o, aumentando a agilidade e a competitividade da empresa&quot;, diz comunicado.<\/p>\n<ul>\n<li><a class href=\"https:\/\/g1.globo.com\/inovacao\/noticia\/2021\/09\/26\/corrida-pelo-carro-voador-o-que-e-o-veiculo-que-embraer-gol-e-azul-querem-nos-ceus-do-brasil.ghtml\">Corrida pelo &#x27;carro voador&#x27;; entenda<\/a><\/li>\n<\/ul>\n<p> Ainda n\u00e3o h\u00e1 detalhes sobre contrata\u00e7\u00f5es futuras para produ\u00e7\u00e3o dos carros voadores. <\/p>\n<p> Por nota, a Prefeitura de Taubat\u00e9 afirmou que a iniciativa trar\u00e1 benef\u00edcios para a cidade, &quot;como a gera\u00e7\u00e3o de empregos qualificados, investimentos em pesquisa e desenvolvimento, al\u00e9m de uma maior visibilidade no cen\u00e1rio tecnol\u00f3gico nacional e internacional&quot;. <\/p>\n<p> Acrescentou ainda que ir\u00e1 trabalhar com a Embraer para garantir que as etapas do projeto sejam conduzidas com efici\u00eancia e responsabilidade. <\/p>\n<p> A Cetesb informou que ainda n\u00e3o recebeu solicita\u00e7\u00f5es de licen\u00e7a ambiental espec\u00edfica para a atividade ou expans\u00e3o no local. <\/p>\n<p> A Embraer informou que tem uma carteira de encomendas de 2,8 mil eVTOLs, o que representa mais de US$ 8 bilh\u00f5es em vendas, para clientes operadores de helic\u00f3pteros, companhias a\u00e9reas, empresas de leasing e plataformas de voos compartilhados. S\u00e3o 28 clientes. <\/p>\n<p>         2 de 5&#013;Primeira f\u00e1brica do &#039;carro voador&#039; da Embraer no Brasil ser\u00e1 em Taubat\u00e9, no interior de SP \u2014 Foto: Embraer\/Divulga\u00e7\u00e3o    <\/p>\n<p> Primeira f\u00e1brica do &#039;carro voador&#039; da Embraer no Brasil ser\u00e1 em Taubat\u00e9, no interior de SP \u2014 Foto: Embraer\/Divulga\u00e7\u00e3o <\/p>\n<p><h2>&#x27;Carros voadores&#x27; em 2026 <\/h2>\n<\/p>\n<p> No \u00faltimo m\u00eas, a Eve, controlada pela <strong>Embraer<\/strong>, anunciou uma parceria com uma empresa a\u00e9rea americana para operar o transporte urbano com os \u2018carros voadores\u2019 em S\u00e3o Francisco, nos Estados Unidos. <\/p>\n<p> A Eve e a United Airlines v\u00e3o atuar em colabora\u00e7\u00e3o para viabilizar a opera\u00e7\u00e3o dos &#x27;eVTOLs\u2019 na ba\u00eda. O objetivo \u00e9 garantir que o ecossistema adequado esteja em vigor para introduzir os voos dos &#x27;carros voadores&#x27;. <\/p>\n<p>         3 de 5&#013;Embraer anuncia parceria com a\u00e9rea para carro voador operar transporte urbano nos EUA \u2014 Foto: Divulga\u00e7\u00e3o\/Embraer    <\/p>\n<p> Embraer anuncia parceria com a\u00e9rea para carro voador operar transporte urbano nos EUA \u2014 Foto: Divulga\u00e7\u00e3o\/Embraer <\/p>\n<p> A expectativa \u00e9 de que o chamado eVTOL receba certifica\u00e7\u00e3o em 2026, mas fa\u00e7a um voo de teste em escala real ainda at\u00e9 2024. Ainda ser\u00e3o definidas \u00e1reas de origem e destino das viagens, al\u00e9m da rede de rodas de mobilidade urbana a\u00e9rea. <\/p>\n<p> Em 2022, a United Airlines j\u00e1 havia anunciado um investimento de R$ 15 milh\u00f5es na Eve e um acordo para compra condicional de at\u00e9 400 carros voadores, como parte de uma estrat\u00e9gia de investir em tecnologias de ponta. <\/p>\n<p><h2>O que s\u00e3o os &#x27;carros voadores&#x27;?<\/h2>\n<\/p>\n<p> Os eVTOLs oferecer\u00e3o aos clientes uma forma r\u00e1pida, econ\u00f4mica e sem emiss\u00e3o de carbono para chegar a aeroportos e se deslocar em ambientes urbanos. <\/p>\n<p> O ve\u00edculo \u00e9 100% el\u00e9trico e possui um alcance de 60 milhas (100 quil\u00f4metros), que permite uma variedade de miss\u00f5es de mobilidade a\u00e9rea. <\/p>\n<p> Em rela\u00e7\u00e3o \u00e0 Ba\u00eda de S\u00e3o Francisco, a Embraer informou que, al\u00e9m de oferecer um novo modelo de transporte, os carros voadores v\u00e3o ter um impacto econ\u00f4mico positivo, gerando empregos. <\/p>\n<p>         4 de 5&#013;Conceito da \u00e1rea interna do eVTOL mostra cidade do Rio de Janeiro, mas primeiros testes na cidade usar\u00e3o helic\u00f3pteros \u2014 Foto: Divulga\u00e7\u00e3o\/Embraer    <\/p>\n<p> Conceito da \u00e1rea interna do eVTOL mostra cidade do Rio de Janeiro, mas primeiros testes na cidade usar\u00e3o helic\u00f3pteros \u2014 Foto: Divulga\u00e7\u00e3o\/Embraer <\/p>\n<p>         5 de 5&#013;As diferen\u00e7as entre helic\u00f3ptero, eVTOL e avi\u00e3o el\u00e9trico \u2014 Foto: Daniel Ivanaskas\/Arte g1    <\/p>\n<p> As diferen\u00e7as entre helic\u00f3ptero, eVTOL e avi\u00e3o el\u00e9trico \u2014 Foto: Daniel Ivanaskas\/Arte g1 <\/p>\n<p><h2>Veja mais not\u00edcias do Vale do Para\u00edba e regi\u00e3o bragantina<\/h2>\n<\/p>\n<p>   <a href=\"https:\/\/g1.globo.com\/sp\/vale-do-paraiba-regiao\/playlist\/videos-tudo-sobre-o-vale-do-paraiba-e-regiao-bragantina.ghtml\">    50 v\u00eddeos      <\/a>   <\/p>\n<ul>\n<li> <a href=\"https:\/\/g1.globo.com\/tudo-sobre\/embraer\/\" class=\"entities__list-itemLink\" data-track-click=\"Embraer\"> Embraer <\/a> <\/li>\n<\/ul>\n","protected":false},"excerpt":{"rendered":"<p>1 de 5&#013;Conceito de eVTOL da Eve, empresa da Embraer \u2014 Foto: Divulga\u00e7\u00e3o\/Eve Conceito de eVTOL da Eve, empresa da Embraer \u2014 Foto: Divulga\u00e7\u00e3o\/Eve A fabricante de aeronaves Eve Air Mobility, controlada pela Embraer, anunciou que os &#x27;eVTOLs\u2019 (sigla em ingl\u00eas para &quot;ve\u00edculo el\u00e9trico de pouso de decolagem vertical&quot;), conhecidos &#x27;como carros voadores&#x27;, ser\u00e3o produzidos [&hellip;]<\/p>\n","protected":false},"author":1,"featured_media":0,"comment_status":"closed","ping_status":"closed","sticky":false,"template":"","format":"standard","meta":{"footnotes":""},"categories":[],"tags":[],"class_list":["post-50992","post","type-post","status-publish","format-standard","hentry"],"_links":{"self":[{"href":"https:\/\/blog.corretoraideal.com.br\/index.php\/wp-json\/wp\/v2\/posts\/50992","targetHints":{"allow":["GET"]}}],"collection":[{"href":"https:\/\/blog.corretoraideal.com.br\/index.php\/wp-json\/wp\/v2\/posts"}],"about":[{"href":"https:\/\/blog.corretoraideal.com.br\/index.php\/wp-json\/wp\/v2\/types\/post"}],"author":[{"embeddable":true,"href":"https:\/\/blog.corretoraideal.com.br\/index.php\/wp-json\/wp\/v2\/users\/1"}],"replies":[{"embeddable":true,"href":"https:\/\/blog.corretoraideal.com.br\/index.php\/wp-json\/wp\/v2\/comments?post=50992"}],"version-history":[{"count":1,"href":"https:\/\/blog.corretoraideal.com.br\/index.php\/wp-json\/wp\/v2\/posts\/50992\/revisions"}],"predecessor-version":[{"id":50995,"href":"https:\/\/blog.corretoraideal.com.br\/index.php\/wp-json\/wp\/v2\/posts\/50992\/revisions\/50995"}],"wp:attachment":[{"href":"https:\/\/blog.corretoraideal.com.br\/index.php\/wp-json\/wp\/v2\/media?parent=50992"}],"wp:term":[{"taxonomy":"category","embeddable":true,"href":"https:\/\/blog.corretoraideal.com.br\/index.php\/wp-json\/wp\/v2\/categories?post=50992"},{"taxonomy":"post_tag","embeddable":true,"href":"https:\/\/blog.corretoraideal.com.br\/index.php\/wp-json\/wp\/v2\/tags?post=50992"}],"curies":[{"name":"wp","href":"https:\/\/api.w.org\/{rel}","templated":true}]}}