{"id":50996,"date":"2023-07-22T07:29:48","date_gmt":"2023-07-22T07:29:48","guid":{"rendered":"https:\/\/blog.corretoraideal.com.br\/?p=50996"},"modified":"2023-07-22T07:29:48","modified_gmt":"2023-07-22T07:29:48","slug":"policia-identifica-corpo-encontrado-com-marcas-de-violencia-no-bairro-flamboyant-em-campos-norte-fluminense-g1","status":"publish","type":"post","link":"https:\/\/blog.corretoraideal.com.br\/index.php\/2023\/07\/22\/policia-identifica-corpo-encontrado-com-marcas-de-violencia-no-bairro-flamboyant-em-campos-norte-fluminense-g1\/","title":{"rendered":"Pol\u00edcia identifica corpo encontrado com marcas de viol\u00eancia no bairro Flamboyant, em Campos | Norte Fluminense | G1"},"content":{"rendered":"<p>      1 de 1&#013;Carro em que a v\u00edtima estava era alugado e foi localizado na tarde desta sexta (21) \u2014 Foto: Rhyann Souza    <\/p>\n<p> Carro em que a v\u00edtima estava era alugado e foi localizado na tarde desta sexta (21) \u2014 Foto: Rhyann Souza <\/p>\n<p> A Pol\u00edcia Civil de <a class href=\"https:\/\/g1.globo.com\/rj\/norte-fluminense\/cidade\/campos-dos-goytacazes\/\">Campos dos Goytacazes<\/a>, no Norte Fluminense,<a class href=\"https:\/\/g1.globo.com\/rj\/norte-fluminense\/noticia\/2023\/07\/21\/homem-e-encontrado-morto-com-marcas-de-violencia-no-bairro-flamboyant-em-campos.ghtml\"> identificou o corpo do homem encontrado com marcas de viol\u00eancia na manh\u00e3 desta sexta-feira (21)<\/a> no bairro Flamboyant . <\/p>\n<p> A v\u00edtima identificada como Evandro Gon\u00e7alves Barreto, de 40 anos, foi encontrada sem vida, por volta das 5h, na rua Osvaldo Tavares. O corpo foi levado pro Instituto M\u00e9dico Legal (IML) e o local passou por per\u00edcia m\u00e9dica. <\/p>\n<p> Amigos da v\u00edtima disseram que ele seria motorista de aplicativo. <\/p>\n<p> No in\u00edcio da tarde desta sexta (21), a pol\u00edcia localizou os dois suspeitos que teriam participado do crime. Eles foram encontrados na rua Manoel Luiz Braga, no Parque Vera Cruz, subdistrito de Guarus e estavam com o carro alugado da v\u00edtima. Eles foram presos ap\u00f3s confessarem o crime. <\/p>\n<p> O ve\u00edculo foi levado pra delegacia do Centro da cidade e vai passar por per\u00edcia. <\/p>\n<p> Ainda segundo a pol\u00edcia, al\u00e9m do ve\u00edculo, cart\u00f5es e o celular da v\u00edtima tamb\u00e9m foram encontrados com os suspeitos. <\/p>\n<p> De acordo com informa\u00e7\u00e3o da Pol\u00edcia Civil e Militar, os dois suspeitos teriam entrado no carro da v\u00edtima e come\u00e7aram uma luta corporal com a v\u00edtima. Al\u00e9m desses dois homens, o pai de um desses suspeitos tamb\u00e9m foi encaminhado para a Delegacia do Centro de Campos para ser ouvido. <\/p>\n<p> O caso est\u00e1 sendo investigado pela 134\u00b0 DP. <\/p>\n<p> De acordo com informa\u00e7\u00e3o da Pol\u00edcia Civil e Militar, os dois suspeitos, que confessaram o crime , depois de terem entrado no carro da v\u00edtima, come\u00e7aram uma luta corporal com ele. Al\u00e9m desses dois homens, o pai de um desses suspeitos tamb\u00e9m foi encaminhado para a Delegacia do Centro de Campos para ser ouvido. <\/p>\n<p> Os dois homens foram encontrados no bairro do Fund\u00e3o, no subdistrito de Guarus, em Campos, na tarde de hoje. De acordo com a pol\u00edcia, uma per\u00edcia ser\u00e1 feita no carro branco em que a v\u00edtima trabalhava. O autom\u00f3vel est\u00e1 no Delegacia do Centro de Campos. <\/p>\n<ul>\n<li> <a href=\"https:\/\/g1.globo.com\/rj\/norte-fluminense\/cidade\/campos-dos-goytacazes\/\" class=\"entities__list-itemLink\" data-track-click=\"Campos dos Goytacazes\"> Campos dos Goytacazes <\/a> <\/li>\n<\/ul>\n","protected":false},"excerpt":{"rendered":"<p>1 de 1&#013;Carro em que a v\u00edtima estava era alugado e foi localizado na tarde desta sexta (21) \u2014 Foto: Rhyann Souza Carro em que a v\u00edtima estava era alugado e foi localizado na tarde desta sexta (21) \u2014 Foto: Rhyann Souza A Pol\u00edcia Civil de Campos dos Goytacazes, no Norte Fluminense, identificou o corpo [&hellip;]<\/p>\n","protected":false},"author":1,"featured_media":0,"comment_status":"closed","ping_status":"closed","sticky":false,"template":"","format":"standard","meta":{"footnotes":""},"categories":[],"tags":[],"class_list":["post-50996","post","type-post","status-publish","format-standard","hentry"],"_links":{"self":[{"href":"https:\/\/blog.corretoraideal.com.br\/index.php\/wp-json\/wp\/v2\/posts\/50996","targetHints":{"allow":["GET"]}}],"collection":[{"href":"https:\/\/blog.corretoraideal.com.br\/index.php\/wp-json\/wp\/v2\/posts"}],"about":[{"href":"https:\/\/blog.corretoraideal.com.br\/index.php\/wp-json\/wp\/v2\/types\/post"}],"author":[{"embeddable":true,"href":"https:\/\/blog.corretoraideal.com.br\/index.php\/wp-json\/wp\/v2\/users\/1"}],"replies":[{"embeddable":true,"href":"https:\/\/blog.corretoraideal.com.br\/index.php\/wp-json\/wp\/v2\/comments?post=50996"}],"version-history":[{"count":1,"href":"https:\/\/blog.corretoraideal.com.br\/index.php\/wp-json\/wp\/v2\/posts\/50996\/revisions"}],"predecessor-version":[{"id":50998,"href":"https:\/\/blog.corretoraideal.com.br\/index.php\/wp-json\/wp\/v2\/posts\/50996\/revisions\/50998"}],"wp:attachment":[{"href":"https:\/\/blog.corretoraideal.com.br\/index.php\/wp-json\/wp\/v2\/media?parent=50996"}],"wp:term":[{"taxonomy":"category","embeddable":true,"href":"https:\/\/blog.corretoraideal.com.br\/index.php\/wp-json\/wp\/v2\/categories?post=50996"},{"taxonomy":"post_tag","embeddable":true,"href":"https:\/\/blog.corretoraideal.com.br\/index.php\/wp-json\/wp\/v2\/tags?post=50996"}],"curies":[{"name":"wp","href":"https:\/\/api.w.org\/{rel}","templated":true}]}}