{"id":50999,"date":"2023-07-22T09:29:38","date_gmt":"2023-07-22T09:29:38","guid":{"rendered":"https:\/\/blog.corretoraideal.com.br\/?p=50999"},"modified":"2023-07-22T09:29:38","modified_gmt":"2023-07-22T09:29:38","slug":"conheca-o-pig-pablo-de-arrascaeta-mini-porco-do-rio-que-vai-a-praia-passeia-no-shopping-e-vive-em-um-hotel-canino-rio-de-janeiro-g1","status":"publish","type":"post","link":"https:\/\/blog.corretoraideal.com.br\/index.php\/2023\/07\/22\/conheca-o-pig-pablo-de-arrascaeta-mini-porco-do-rio-que-vai-a-praia-passeia-no-shopping-e-vive-em-um-hotel-canino-rio-de-janeiro-g1\/","title":{"rendered":"Conhe\u00e7a o Pig Pablo de Arrascaeta, mini porco do Rio que vai \u00e0 praia, passeia no shopping e vive em um hotel canino | Rio de Janeiro | G1"},"content":{"rendered":"<p>                <img loading=\"lazy\" decoding=\"async\" class=\"aligncenter size-full wp-image-51001\" src=\"https:\/\/blog.corretoraideal.com.br\/wp-content\/uploads\/2023\/07\/conheca-o.jpeg\" alt=\"Conhe\u00e7a o \" width=\"800\" height=\"400\" \/>      <\/p>\n<p> Conhe\u00e7a o &#8216;Pig Pablo de Arrascaeta&#8217;, mini porco que mora em um hotel canino no Rio <\/p>\n<p> Um adestrador uruguaio que vive no <a class href=\"https:\/\/g1.globo.com\/rj\/rio-de-janeiro\/cidade\/rio-de-janeiro\/\">Rio de Janeiro<\/a> atrai olhares curiosos por onde anda. \u00c9 que al\u00e9m de passear sempre com v\u00e1rios cachorros, Jos\u00e9 Garcia \u00e9 tutor de um mini porco. Super d\u00f3cil, o animal encanta as pessoas onde passa. Al\u00e9m disso, o pequeno suino tem nome de craque. <\/p>\n<p> <strong>Pig Pablo Arrascaeta<\/strong> \u00e9 um mini porco da ra\u00e7a de abate e tem 7 meses. O animal atende a comandos, vive como um pet, \u00e9 carinhoso e adora passear. <\/p>\n<p> Entre os seus passeios, ele costuma ir a shoppings e at\u00e9 para a praia. O porquinho vive h\u00e1 5 meses em um hotel Amor Canino que \u00e9 gerenciado pelo seu tutor, o adestrador Jos\u00e9 Garcia. <\/p>\n<p> Curiosamente, o pet <strong>ajuda outros animais <\/strong>que s\u00e3o medrosos ou violentos, conforme explica o especialista em comportamento animal. <\/p>\n<p> \u201cO Pablo \u00e9 um animal passivo, ele \u00e9 muito estabilizado, ent\u00e3o os c\u00e3es que s\u00e3o violentos, ele acaba ajudando a acalmar. Enquanto os animais que s\u00e3o mais medrosos, o Pablo ajuda dando carinho, ficando por perto. Ele \u00e9 muito carinhoso\u201d, explica Jos\u00e9. <\/p>\n<p>         1 de 3&#013;Adestrador domestica mini porco no Rio \u2014 Foto: Arquivo pessoal    <\/p>\n<p> Adestrador domestica mini porco no Rio \u2014 Foto: Arquivo pessoal <\/p>\n<p> Al\u00e9m disso, o pr\u00f3prio porco \u00e9 adestrado e responde a comandos como \u201cvem, senta, gira\u201d e atende pelo pr\u00f3prio nome. Segundo Jos\u00e9, a ideia do nome nasceu da admira\u00e7\u00e3o ao jogador de futebol Pablo Arrascaeta, que atualmente joga no Flamengo, time carioca. <\/p>\n<p> Tanto o adestrador quanto Arrascaeta s\u00e3o uruguaios. <\/p>\n<p> Jos\u00e9 era tutor de tr\u00eas cachorros, mas quando uma delas morreu aos 5 anos de vida, ele n\u00e3o pensava em adotar mais animais. Foi quando durante a pandemia ele se interessou ap\u00f3s ver estudos indicando a alta intelig\u00eancia dos porcos entre os animais. <\/p>\n<p> Nessa \u00e9poca, ele j\u00e1 trabalhava com c\u00e3es havia alguns anos. Jos\u00e9 explica que, alguns casos, h\u00e1 cachorros que atacam seus pr\u00f3prios donos, ou at\u00e9 mesmo crian\u00e7as. O trabalho dele \u00e9 reabilitar esses animais para o conv\u00edvio social. <\/p>\n<p> No in\u00edcio, o pr\u00f3prio porco tinha alguns medos, mas com os ensinamentos logo ele se soltou e se tornou um animal carinhoso. <\/p>\n<p>         2 de 3&#013;Mini porco passeia junto com cachorros no Rio \u2014 Foto: Arquivo pessoal    <\/p>\n<p> Mini porco passeia junto com cachorros no Rio \u2014 Foto: Arquivo pessoal <\/p>\n<p> Convivendo com cerca de 10 c\u00e3es por dia, ou mais, o Pig Pablo tem uma rotina bem agitada. Ele passeia todos os dias, seja na Tijuca ou na Zona Sul. Em outros momentos ele vai ao shopping, no ver\u00e3o vai \u00e0 praia e nos parquinhos ele \u00e9 a sensa\u00e7\u00e3o. <\/p>\n<p> Segundo Jos\u00e9 contou ao g1, muitas pessoas costumam parar e pedir fotos. <\/p>\n<p> \u201cA primeira vez que eu sa\u00ed com ele na rua, fomos ao Village Mall, um dos shoppings mais caros do Rio. Eu ainda estava no estacionamento quando parou uma Ferrari e uma mulher desceu e disse: \u2018eu posso tirar uma foto do seu porquinho?\u2019, lembra o tutor. <\/p>\n<p> Em outra situa\u00e7\u00e3o, o animal parou o tr\u00e2nsito na Zona Sul. <\/p>\n<p> \u201cEu estava passeando com ele e v\u00e1rios c\u00e3es quando me para um \u00f4nibus em um cruzamento no Catete. O motorista parou e abriu a porta para tirar foto, enquanto v\u00e1rios passageiros filmavam tamb\u00e9m. O tr\u00e2nsito todo parado e ele ali sendo filmado\u201d, brinca o homem. <\/p>\n<p>         3 de 3&#013;Pig Pablo de Arrascaeta comendo manga na praia do Rio \u2014 Foto: Arquivo pessoal    <\/p>\n<p> Pig Pablo de Arrascaeta comendo manga na praia do Rio \u2014 Foto: Arquivo pessoal <\/p>\n<p> Para o adestrador, a conviv\u00eancia do porco com os cachorros tem sido fundamental, mas ele toma alguns cuidados. <\/p>\n<p> \u201cO Pablo \u00e9 um animal passivo, indefeso, ele nunca vai revidar. Claro que eu n\u00e3o posso ser irrespons\u00e1vel e deixar ele com um animal violento, porque pode ter algum problema. Os animais que ainda est\u00e3o sendo adestrados ficam separados\u201d, refor\u00e7a ele. <\/p>\n<p> Jos\u00e9 deixa ainda uma dica para os tutores de animais que s\u00e3o medrosos ou agressivos. <\/p>\n<p> \u201cUma dica \u00e9 nunca acreditar que seu animal \u00e9 assim porque ele \u00e9. Do jeito certo, ele muda. Algumas pessoas justificam com desculpas do tipo \u201cah, ele \u00e9 assim porque era de rua\u201d ou \u201cele ficou assim depois que foi atacado\u201d. Os animais podem ser educados\u201d, destaca o adestrador. <\/p>\n<p> *estagi\u00e1ria sob supervis\u00e3o de Jo\u00e3o Ricardo Gon\u00e7alves <\/p>\n<ul>\n<li> <a href=\"https:\/\/g1.globo.com\/rj\/rio-de-janeiro\/cidade\/rio-de-janeiro\/\" class=\"entities__list-itemLink\" data-track-click=\"Rio de Janeiro\"> Rio de Janeiro <\/a> <\/li>\n<\/ul>\n","protected":false},"excerpt":{"rendered":"<p>Conhe\u00e7a o &#8216;Pig Pablo de Arrascaeta&#8217;, mini porco que mora em um hotel canino no Rio Um adestrador uruguaio que vive no Rio de Janeiro atrai olhares curiosos por onde anda. \u00c9 que al\u00e9m de passear sempre com v\u00e1rios cachorros, Jos\u00e9 Garcia \u00e9 tutor de um mini porco. Super d\u00f3cil, o animal encanta as pessoas [&hellip;]<\/p>\n","protected":false},"author":1,"featured_media":0,"comment_status":"closed","ping_status":"closed","sticky":false,"template":"","format":"standard","meta":{"footnotes":""},"categories":[],"tags":[],"class_list":["post-50999","post","type-post","status-publish","format-standard","hentry"],"_links":{"self":[{"href":"https:\/\/blog.corretoraideal.com.br\/index.php\/wp-json\/wp\/v2\/posts\/50999","targetHints":{"allow":["GET"]}}],"collection":[{"href":"https:\/\/blog.corretoraideal.com.br\/index.php\/wp-json\/wp\/v2\/posts"}],"about":[{"href":"https:\/\/blog.corretoraideal.com.br\/index.php\/wp-json\/wp\/v2\/types\/post"}],"author":[{"embeddable":true,"href":"https:\/\/blog.corretoraideal.com.br\/index.php\/wp-json\/wp\/v2\/users\/1"}],"replies":[{"embeddable":true,"href":"https:\/\/blog.corretoraideal.com.br\/index.php\/wp-json\/wp\/v2\/comments?post=50999"}],"version-history":[{"count":1,"href":"https:\/\/blog.corretoraideal.com.br\/index.php\/wp-json\/wp\/v2\/posts\/50999\/revisions"}],"predecessor-version":[{"id":51002,"href":"https:\/\/blog.corretoraideal.com.br\/index.php\/wp-json\/wp\/v2\/posts\/50999\/revisions\/51002"}],"wp:attachment":[{"href":"https:\/\/blog.corretoraideal.com.br\/index.php\/wp-json\/wp\/v2\/media?parent=50999"}],"wp:term":[{"taxonomy":"category","embeddable":true,"href":"https:\/\/blog.corretoraideal.com.br\/index.php\/wp-json\/wp\/v2\/categories?post=50999"},{"taxonomy":"post_tag","embeddable":true,"href":"https:\/\/blog.corretoraideal.com.br\/index.php\/wp-json\/wp\/v2\/tags?post=50999"}],"curies":[{"name":"wp","href":"https:\/\/api.w.org\/{rel}","templated":true}]}}