{"id":51003,"date":"2023-07-22T10:29:43","date_gmt":"2023-07-22T10:29:43","guid":{"rendered":"https:\/\/blog.corretoraideal.com.br\/?p=51003"},"modified":"2023-07-22T10:29:43","modified_gmt":"2023-07-22T10:29:43","slug":"whatsapp-volta-a-funcionar-apos-queda-global-na-tarde-desta-quarta-feira-tecnologia-g1","status":"publish","type":"post","link":"https:\/\/blog.corretoraideal.com.br\/index.php\/2023\/07\/22\/whatsapp-volta-a-funcionar-apos-queda-global-na-tarde-desta-quarta-feira-tecnologia-g1\/","title":{"rendered":"WhatsApp volta a funcionar ap\u00f3s queda global na tarde desta quarta-feira | Tecnologia | G1"},"content":{"rendered":"<p>      1 de 4&#013;whatsapp \u2014 Foto: Dado Ruvic\/Reuters    <\/p>\n<p> whatsapp \u2014 Foto: Dado Ruvic\/Reuters <\/p>\n<p> O <a class href=\"https:\/\/g1.globo.com\/tudo-sobre\/whatsapp\/\">WhatsApp<\/a> voltou a funcionar ap\u00f3s queda global na tarde desta quarta-feira (19). Por volta das 17 horas, usu\u00e1rios n\u00e3o conseguiam mais enviar mensagens tanto na vers\u00e3o Web quanto no aplicativo. Cerca de meia hora depois, o app retomou o funcionamento. <\/p>\n<p> No <a class href=\"https:\/\/g1.globo.com\/tudo-sobre\/twitter\/\">Twitter<\/a>, h\u00e1 relatos de que aparecia a mensagem &quot;conectando&quot; quando a mensagem seria enviada, juntamente a um rel\u00f3gio. <\/p>\n<p>         2 de 4&#013;WhatsApp parou de enviar mensagens na tarde desta quarta (19) \u2014 Foto: WhatsApp\/Divulga\u00e7\u00e3o    <\/p>\n<p> WhatsApp parou de enviar mensagens na tarde desta quarta (19) \u2014 Foto: WhatsApp\/Divulga\u00e7\u00e3o <\/p>\n<p> <strong>LEIA TAMB\u00c9M<\/strong> <\/p>\n<ul>\n<li><strong>Desenrola Brasil:<\/strong><a class href=\"https:\/\/g1.globo.com\/tecnologia\/noticia\/2023\/07\/19\/desenrola-brasil-golpes-usam-chatbot-e-falso-atendimento-personalizado-no-whatsapp.ghtml\"><strong> <\/strong>golpes usam chatbot e falso atendimento personalizado no WhatsApp<\/a><\/li>\n<\/ul>\n<p> No Downdetector, que re\u00fane falhas de sites e aplicativos, houve um pico de 44 mil reclama\u00e7\u00f5es de usu\u00e1rios do WhatsApp. <\/p>\n<p> A falha tamb\u00e9m foi observada em outros pa\u00edses, como o <a class href=\"https:\/\/g1.globo.com\/tudo-sobre\/reino-unido\/\">Reino Unido<\/a>, com 177 mil reclama\u00e7\u00f5es, Estados Unidos, com 34 mil reclama\u00e7\u00f5es, e Fran\u00e7a, com 209 mil reclama\u00e7\u00f5es. <\/p>\n<p>         3 de 4&#013;No Downdetector, que re\u00fane falhas de sites e aplicativos, houve um pico de 44 mil reclama\u00e7\u00f5es de usu\u00e1rios do WhatsApp. \u2014 Foto: Reprodu\u00e7\u00e3o    <\/p>\n<p> No Downdetector, que re\u00fane falhas de sites e aplicativos, houve um pico de 44 mil reclama\u00e7\u00f5es de usu\u00e1rios do WhatsApp. \u2014 Foto: Reprodu\u00e7\u00e3o <\/p>\n<p> J\u00e1 no Twitter, mais de 419 mil publica\u00e7\u00f5es citam o WhatsApp. <\/p>\n<p>         4 de 4&#013;Mais de 400 mil publica\u00e7\u00f5es citam o WhatsApp no Twitter \u2014 Foto: Reprodu\u00e7\u00e3o\/Twitter    <\/p>\n<p> Mais de 400 mil publica\u00e7\u00f5es citam o WhatsApp no Twitter \u2014 Foto: Reprodu\u00e7\u00e3o\/Twitter <\/p>\n<p> Ao <a class href=\"https:\/\/g1.globo.com\/\"><strong>g1<\/strong><\/a> a <a class href=\"https:\/\/g1.globo.com\/tudo-sobre\/meta\/\">Meta<\/a>, empresa que controla o aplicativo, afirmou que j\u00e1 resolveu o problema. Mas n\u00e3o explicou o que teria causado a falha. <\/p>\n<p> <strong>Leia tamb\u00e9m:<\/strong> <\/p>\n<ul>\n<li><strong>WhatsApp inst\u00e1vel: <\/strong><a class href=\"https:\/\/g1.globo.com\/tecnologia\/noticia\/2022\/10\/25\/whatsapp-instavel-como-funcionam-as-alternativas-sms-telegram-twitter-e-outros.ghtml\">como funcionam as alternativas SMS, Telegram, Twitter e outras<\/a><\/li>\n<li><strong>O que \u00e9 o Telegram?<\/strong> <a class href=\"https:\/\/g1.globo.com\/tecnologia\/noticia\/2023\/04\/27\/o-que-e-o-telegram-saiba-como-funciona-o-aplicativo.ghtml\">Saiba como funciona o aplicativo<\/a><\/li>\n<\/ul>\n<p><h2>Veja tamb\u00e9m<\/h2>\n<\/p>\n<p>                   <img loading=\"lazy\" decoding=\"async\" class=\"aligncenter size-full wp-image-51005\" src=\"https:\/\/blog.corretoraideal.com.br\/wp-content\/uploads\/2023\/07\/whatsapp-libera-nova-protecao-contra-roubo-de-conta-veja-como-funciona-2.jpeg\" alt=\"WhatsApp libera nova prote\u00e7\u00e3o contra roubo de conta; veja como funciona\" width=\"800\" height=\"400\" \/>      <\/p>\n<p> WhatsApp libera nova prote\u00e7\u00e3o contra roubo de conta; veja como funciona <\/p>\n<p>                    <img loading=\"lazy\" decoding=\"async\" class=\"aligncenter size-full wp-image-51006\" src=\"https:\/\/blog.corretoraideal.com.br\/wp-content\/uploads\/2023\/07\/whatsapp-veja-como-tirar-o.jpeg\" alt=\"WhatsApp: veja como tirar o \" width=\"800\" height=\"400\" \/>      <\/p>\n<p> WhatsApp: veja como tirar o &#8216;online&#8217; do status e aprenda a &#8216;sair de fininho&#8217; dos grupos <\/p>\n<p>                    <img loading=\"lazy\" decoding=\"async\" class=\"aligncenter size-full wp-image-51007\" src=\"https:\/\/blog.corretoraideal.com.br\/wp-content\/uploads\/2023\/07\/17-de-julho-dia-mundial-do-emoji-2.jpeg\" alt=\"17 de julho: dia mundial do emoji\" width=\"800\" height=\"400\" \/>      <\/p>\n<p> 17 de julho: dia mundial do emoji <\/p>\n<p>                    <img loading=\"lazy\" decoding=\"async\" class=\"aligncenter size-full wp-image-51008\" src=\"https:\/\/blog.corretoraideal.com.br\/wp-content\/uploads\/2023\/07\/bard-do-google-mente-sobre-codigo-fonte-de-urnas-e-depois-muda-versao.jpeg\" alt=\"Bard, do Google, mente sobre c\u00f3digo fonte de urnas e depois muda vers\u00e3o\" width=\"800\" height=\"400\" \/>      <\/p>\n<p> Bard, do Google, mente sobre c\u00f3digo-fonte de urnas e depois muda vers\u00e3o <\/p>\n<p>                    <img loading=\"lazy\" decoding=\"async\" class=\"aligncenter size-full wp-image-51009\" src=\"https:\/\/blog.corretoraideal.com.br\/wp-content\/uploads\/2023\/07\/imagem22-07-2023-10-07-42.jpeg\" alt=\"imagem22-07-2023-10-07-42\" width=\"800\" height=\"400\" \/>      <\/p>\n<p> &#8216;Threads&#8217;: veja os memes sobre o lan\u00e7amento da nova rede social <\/p>\n<ul>\n<li> <a href=\"https:\/\/g1.globo.com\/tudo-sobre\/meta\/\" class=\"entities__list-itemLink\" data-track-click=\"Meta\"> Meta <\/a> <\/li>\n<li> <a href=\"https:\/\/g1.globo.com\/tudo-sobre\/reino-unido\/\" class=\"entities__list-itemLink\" data-track-click=\"Reino Unido\"> Reino Unido <\/a> <\/li>\n<li> <a href=\"https:\/\/g1.globo.com\/tudo-sobre\/twitter\/\" class=\"entities__list-itemLink\" data-track-click=\"Twitter\"> Twitter <\/a> <\/li>\n<li> <a href=\"https:\/\/g1.globo.com\/tudo-sobre\/whatsapp\/\" class=\"entities__list-itemLink\" data-track-click=\"WhatsApp\"> WhatsApp <\/a> <\/li>\n<\/ul>\n","protected":false},"excerpt":{"rendered":"<p>1 de 4&#013;whatsapp \u2014 Foto: Dado Ruvic\/Reuters whatsapp \u2014 Foto: Dado Ruvic\/Reuters O WhatsApp voltou a funcionar ap\u00f3s queda global na tarde desta quarta-feira (19). Por volta das 17 horas, usu\u00e1rios n\u00e3o conseguiam mais enviar mensagens tanto na vers\u00e3o Web quanto no aplicativo. Cerca de meia hora depois, o app retomou o funcionamento. No Twitter, [&hellip;]<\/p>\n","protected":false},"author":1,"featured_media":0,"comment_status":"closed","ping_status":"closed","sticky":false,"template":"","format":"standard","meta":{"footnotes":""},"categories":[],"tags":[],"class_list":["post-51003","post","type-post","status-publish","format-standard","hentry"],"_links":{"self":[{"href":"https:\/\/blog.corretoraideal.com.br\/index.php\/wp-json\/wp\/v2\/posts\/51003","targetHints":{"allow":["GET"]}}],"collection":[{"href":"https:\/\/blog.corretoraideal.com.br\/index.php\/wp-json\/wp\/v2\/posts"}],"about":[{"href":"https:\/\/blog.corretoraideal.com.br\/index.php\/wp-json\/wp\/v2\/types\/post"}],"author":[{"embeddable":true,"href":"https:\/\/blog.corretoraideal.com.br\/index.php\/wp-json\/wp\/v2\/users\/1"}],"replies":[{"embeddable":true,"href":"https:\/\/blog.corretoraideal.com.br\/index.php\/wp-json\/wp\/v2\/comments?post=51003"}],"version-history":[{"count":1,"href":"https:\/\/blog.corretoraideal.com.br\/index.php\/wp-json\/wp\/v2\/posts\/51003\/revisions"}],"predecessor-version":[{"id":51010,"href":"https:\/\/blog.corretoraideal.com.br\/index.php\/wp-json\/wp\/v2\/posts\/51003\/revisions\/51010"}],"wp:attachment":[{"href":"https:\/\/blog.corretoraideal.com.br\/index.php\/wp-json\/wp\/v2\/media?parent=51003"}],"wp:term":[{"taxonomy":"category","embeddable":true,"href":"https:\/\/blog.corretoraideal.com.br\/index.php\/wp-json\/wp\/v2\/categories?post=51003"},{"taxonomy":"post_tag","embeddable":true,"href":"https:\/\/blog.corretoraideal.com.br\/index.php\/wp-json\/wp\/v2\/tags?post=51003"}],"curies":[{"name":"wp","href":"https:\/\/api.w.org\/{rel}","templated":true}]}}