{"id":51011,"date":"2023-07-22T12:30:08","date_gmt":"2023-07-22T12:30:08","guid":{"rendered":"https:\/\/blog.corretoraideal.com.br\/?p=51011"},"modified":"2023-07-22T12:30:08","modified_gmt":"2023-07-22T12:30:08","slug":"policia-civil-faz-operacao-contra-crimes-ciberneticos-em-macae-norte-fluminense-g1","status":"publish","type":"post","link":"https:\/\/blog.corretoraideal.com.br\/index.php\/2023\/07\/22\/policia-civil-faz-operacao-contra-crimes-ciberneticos-em-macae-norte-fluminense-g1\/","title":{"rendered":"Pol\u00edcia Civil faz opera\u00e7\u00e3o contra crimes cibern\u00e9ticos em Maca\u00e9 | Norte Fluminense | G1"},"content":{"rendered":"<p>      1 de 2&#013;CDs, DVDs, computador, celular e um caderno de anota\u00e7\u00f5es foram apreendidos na casa de um menor de idade em Maca\u00e9 \u2014 Foto: Ascom delegacia de Maca\u00e9    <\/p>\n<p> CDs, DVDs, computador, celular e um caderno de anota\u00e7\u00f5es foram apreendidos na casa de um menor de idade em Maca\u00e9 \u2014 Foto: Ascom delegacia de Maca\u00e9 <\/p>\n<p> A Pol\u00edcia Civil cumpriu na manh\u00e3 desta sexta-feira (21) cinco mandados de busca e apreens\u00e3o e dois mandados de interna\u00e7\u00e3o provis\u00f3ria em quatro estados, sendo um deles no estado do Rio, na cidade de <a class href=\"https:\/\/g1.globo.com\/rj\/regiao-dos-lagos\/cidade\/macae\/\">Maca\u00e9<\/a>, no Norte Fluminense. <\/p>\n<p> A a\u00e7\u00e3o faz parte da &quot;Opera\u00e7\u00e3o Pessinus&quot;, realizada pelo Minist\u00e9rio da Justi\u00e7a, pela Pol\u00edcia Civil do Estado do Piau\u00ed e pelo Grupo de Investiga\u00e7\u00e3o de Crimes Cibern\u00e9ticos (CyberGaeco) do Minist\u00e9rio P\u00fablico de Santa Catarina, nos estados do Piau\u00ed, Rio de Janeiro, Mato Grosso e Santa Catarina. <\/p>\n<p> O objetivo da a a\u00e7\u00e3o \u00e9 combater crimes cibern\u00e9ticos como constrangimento ilegal, amea\u00e7a, viol\u00eancia psicol\u00f3gica contra a mulher, estupro de vulner\u00e1vel, entre outros crimes. <\/p>\n<p> O grupo de investiga\u00e7\u00e3o vinculados ao MP de Santa Catarina conseguiu localizar perfis em redes sociais que, segundo a investiga\u00e7\u00e3o, expressavam a inten\u00e7\u00e3o de praticar viol\u00eancia contra pessoas incluindo estupro, mutila\u00e7\u00f5es, massacres em estabelecimentos de ensino e culto e enaltecimento a s\u00edmbolos ligados ao nazismo. <\/p>\n<p><h2>A\u00e7\u00e3o em Maca\u00e9<\/h2>\n<\/p>\n<p> Em Maca\u00e9, o mandado foi cumprido no bairro Aroeira. Durante a a\u00e7\u00e3o, Policiais Civis da delegacia da cidade apreenderam na casa de um menor de 16 anos, cds, dvds, computador, celular e um caderno com anota\u00e7\u00f5es que v\u00e3o ajudar nas investiga\u00e7\u00f5es. <\/p>\n<p>         2 de 2&#013;Em Maca\u00e9, material foi levado para a delegacia e vai passar por per\u00edcia \u2014 Foto: Ascom delegacia de Maca\u00e9    <\/p>\n<p> Em Maca\u00e9, material foi levado para a delegacia e vai passar por per\u00edcia \u2014 Foto: Ascom delegacia de Maca\u00e9 <\/p>\n<p> O material foi levado para a delegacia da cidade e vai passar por per\u00edcia para verificar o conte\u00fado. O menor foi encaminhado para a delegacia de Maca\u00e9 para prestar depoimento. O jovem foi acompanhado da m\u00e3e. <\/p>\n<p> Os mandados tamb\u00e9m est\u00e3o sendo cumpridos nas cidades de Ilha Grande\/PI; Bigua\u00e7u\/SC; Lucas do Rio Verde\/MT. <\/p>\n<ul>\n<li> <a href=\"https:\/\/g1.globo.com\/rj\/regiao-dos-lagos\/cidade\/macae\/\" class=\"entities__list-itemLink\" data-track-click=\"Maca\u00e9\"> Maca\u00e9 <\/a> <\/li>\n<\/ul>\n","protected":false},"excerpt":{"rendered":"<p>1 de 2&#013;CDs, DVDs, computador, celular e um caderno de anota\u00e7\u00f5es foram apreendidos na casa de um menor de idade em Maca\u00e9 \u2014 Foto: Ascom delegacia de Maca\u00e9 CDs, DVDs, computador, celular e um caderno de anota\u00e7\u00f5es foram apreendidos na casa de um menor de idade em Maca\u00e9 \u2014 Foto: Ascom delegacia de Maca\u00e9 A [&hellip;]<\/p>\n","protected":false},"author":1,"featured_media":0,"comment_status":"closed","ping_status":"closed","sticky":false,"template":"","format":"standard","meta":{"footnotes":""},"categories":[],"tags":[],"class_list":["post-51011","post","type-post","status-publish","format-standard","hentry"],"_links":{"self":[{"href":"https:\/\/blog.corretoraideal.com.br\/index.php\/wp-json\/wp\/v2\/posts\/51011","targetHints":{"allow":["GET"]}}],"collection":[{"href":"https:\/\/blog.corretoraideal.com.br\/index.php\/wp-json\/wp\/v2\/posts"}],"about":[{"href":"https:\/\/blog.corretoraideal.com.br\/index.php\/wp-json\/wp\/v2\/types\/post"}],"author":[{"embeddable":true,"href":"https:\/\/blog.corretoraideal.com.br\/index.php\/wp-json\/wp\/v2\/users\/1"}],"replies":[{"embeddable":true,"href":"https:\/\/blog.corretoraideal.com.br\/index.php\/wp-json\/wp\/v2\/comments?post=51011"}],"version-history":[{"count":1,"href":"https:\/\/blog.corretoraideal.com.br\/index.php\/wp-json\/wp\/v2\/posts\/51011\/revisions"}],"predecessor-version":[{"id":51013,"href":"https:\/\/blog.corretoraideal.com.br\/index.php\/wp-json\/wp\/v2\/posts\/51011\/revisions\/51013"}],"wp:attachment":[{"href":"https:\/\/blog.corretoraideal.com.br\/index.php\/wp-json\/wp\/v2\/media?parent=51011"}],"wp:term":[{"taxonomy":"category","embeddable":true,"href":"https:\/\/blog.corretoraideal.com.br\/index.php\/wp-json\/wp\/v2\/categories?post=51011"},{"taxonomy":"post_tag","embeddable":true,"href":"https:\/\/blog.corretoraideal.com.br\/index.php\/wp-json\/wp\/v2\/tags?post=51011"}],"curies":[{"name":"wp","href":"https:\/\/api.w.org\/{rel}","templated":true}]}}