{"id":51020,"date":"2023-07-22T17:29:54","date_gmt":"2023-07-22T17:29:54","guid":{"rendered":"https:\/\/blog.corretoraideal.com.br\/?p=51020"},"modified":"2023-07-22T17:29:54","modified_gmt":"2023-07-22T17:29:54","slug":"tres-homens-sao-presos-com-drogas-durante-operacao-em-santo-antonio-de-padua-no-rj-norte-fluminense-g1","status":"publish","type":"post","link":"https:\/\/blog.corretoraideal.com.br\/index.php\/2023\/07\/22\/tres-homens-sao-presos-com-drogas-durante-operacao-em-santo-antonio-de-padua-no-rj-norte-fluminense-g1\/","title":{"rendered":"Tr\u00eas homens s\u00e3o presos com drogas durante opera\u00e7\u00e3o em Santo Ant\u00f4nio de P\u00e1dua, no RJ | Norte Fluminense | G1"},"content":{"rendered":"\n<p> Tr\u00eas homens foram presos suspeitos de envolvimento com o tr\u00e1fico de drogas em <a class href=\"https:\/\/g1.globo.com\/rj\/regiao-serrana\/cidade\/santo-antonio-de-padua\/\">Santo Ant\u00f4nio de P\u00e1dua<\/a>, no Noroeste Fluminense. Ele foram detidos durante a opera\u00e7\u00e3o Conc\u00f3rdia nesta sexta-feira (21). <\/p>\n<p> A a\u00e7\u00e3o foi em sete bairros da cidade e foi realizada por policiais militares do 36\u00b0 Batalh\u00e3o da cidade. <\/p>\n<p> De acordo com o comandante, tenente-coronel Marcelo de Castro Corbage, o objetivo \u00e9 aumentar a visibilidade das a\u00e7\u00f5es de seguran\u00e7a e reduzir os crimes na regi\u00e3o. As a\u00e7\u00f5es foram realizadas nos bairros Tavares, Cidade Nova, Cehab, S\u00e3o Luiz, Dezessete, Aeroporto e Farol. <\/p>\n<p> &quot;A opera\u00e7\u00e3o Conc\u00f3rdia contou com 50 policiais militares e 17 viaturas. Vamos cada vez mais intensificar os trabalhos para garantir a seguran\u00e7a p\u00fablica na nossa regi\u00e3o&quot;, disse Marcelo Corbage. <\/p>\n<p> Durante a a\u00e7\u00e3o, policias apreenderam 461 pinos de coca\u00edna, 75 tabletes de maconha, 638 comprimidos de ecstasy, R$ 220 em dinheiro, tr\u00eas aparelhos celulares, uma balan\u00e7a de precis\u00e3o e materiais para embalar as drogas. <\/p>\n<p> Os tr\u00eas suspeitos foram levados para a delegacia de Santo Ant\u00f4nio de P\u00e1dua e ficar\u00e3o \u00e0 disposi\u00e7\u00e3o da Justi\u00e7a. <\/p>\n<ul>\n<li> <a href=\"https:\/\/g1.globo.com\/rj\/regiao-serrana\/cidade\/santo-antonio-de-padua\/\" class=\"entities__list-itemLink\" data-track-click=\"Santo Ant\u00f4nio de P\u00e1dua\"> Santo Ant\u00f4nio de P\u00e1dua <\/a> <\/li>\n<\/ul>\n","protected":false},"excerpt":{"rendered":"<p>Tr\u00eas homens foram presos suspeitos de envolvimento com o tr\u00e1fico de drogas em Santo Ant\u00f4nio de P\u00e1dua, no Noroeste Fluminense. Ele foram detidos durante a opera\u00e7\u00e3o Conc\u00f3rdia nesta sexta-feira (21). A a\u00e7\u00e3o foi em sete bairros da cidade e foi realizada por policiais militares do 36\u00b0 Batalh\u00e3o da cidade. De acordo com o comandante, tenente-coronel [&hellip;]<\/p>\n","protected":false},"author":1,"featured_media":0,"comment_status":"closed","ping_status":"closed","sticky":false,"template":"","format":"standard","meta":{"footnotes":""},"categories":[],"tags":[],"class_list":["post-51020","post","type-post","status-publish","format-standard","hentry"],"_links":{"self":[{"href":"https:\/\/blog.corretoraideal.com.br\/index.php\/wp-json\/wp\/v2\/posts\/51020","targetHints":{"allow":["GET"]}}],"collection":[{"href":"https:\/\/blog.corretoraideal.com.br\/index.php\/wp-json\/wp\/v2\/posts"}],"about":[{"href":"https:\/\/blog.corretoraideal.com.br\/index.php\/wp-json\/wp\/v2\/types\/post"}],"author":[{"embeddable":true,"href":"https:\/\/blog.corretoraideal.com.br\/index.php\/wp-json\/wp\/v2\/users\/1"}],"replies":[{"embeddable":true,"href":"https:\/\/blog.corretoraideal.com.br\/index.php\/wp-json\/wp\/v2\/comments?post=51020"}],"version-history":[{"count":1,"href":"https:\/\/blog.corretoraideal.com.br\/index.php\/wp-json\/wp\/v2\/posts\/51020\/revisions"}],"predecessor-version":[{"id":51022,"href":"https:\/\/blog.corretoraideal.com.br\/index.php\/wp-json\/wp\/v2\/posts\/51020\/revisions\/51022"}],"wp:attachment":[{"href":"https:\/\/blog.corretoraideal.com.br\/index.php\/wp-json\/wp\/v2\/media?parent=51020"}],"wp:term":[{"taxonomy":"category","embeddable":true,"href":"https:\/\/blog.corretoraideal.com.br\/index.php\/wp-json\/wp\/v2\/categories?post=51020"},{"taxonomy":"post_tag","embeddable":true,"href":"https:\/\/blog.corretoraideal.com.br\/index.php\/wp-json\/wp\/v2\/tags?post=51020"}],"curies":[{"name":"wp","href":"https:\/\/api.w.org\/{rel}","templated":true}]}}