{"id":51030,"date":"2023-07-22T22:29:48","date_gmt":"2023-07-22T22:29:48","guid":{"rendered":"https:\/\/blog.corretoraideal.com.br\/?p=51030"},"modified":"2023-07-22T22:29:48","modified_gmt":"2023-07-22T22:29:48","slug":"garotinho-segue-internado-com-pneumonia-em-campos-e-fara-nova-avaliacao-neste-domingo-norte-fluminense-g1","status":"publish","type":"post","link":"https:\/\/blog.corretoraideal.com.br\/index.php\/2023\/07\/22\/garotinho-segue-internado-com-pneumonia-em-campos-e-fara-nova-avaliacao-neste-domingo-norte-fluminense-g1\/","title":{"rendered":"Garotinho segue internado com pneumonia em Campos e far\u00e1 nova avalia\u00e7\u00e3o neste domingo | Norte Fluminense | G1"},"content":{"rendered":"<p>      1 de 2&#013;Ex-governador do Rio postou foto ao lado de Rosinha dentro do hospital que est\u00e1 internado em Campos \u2014 Foto: ,Anthony Garotinho\/Rede social    <\/p>\n<p> Ex-governador do Rio postou foto ao lado de Rosinha dentro do hospital que est\u00e1 internado em Campos \u2014 Foto: ,Anthony Garotinho\/Rede social <\/p>\n<p> O ex-governador do Rio de Janeiro, Anthony Garotinho (Uni\u00e3o Brasil), de 63 anos, continua internado com quadro de pneumonia em <a class href=\"https:\/\/g1.globo.com\/rj\/norte-fluminense\/cidade\/campos-dos-goytacazes\/\">Campos dos Goytacazes<\/a>, no Norte Fluminense. Por uma rede social, ele informou que passar\u00e1 por uma nova avalia\u00e7\u00e3o neste domingo (23). <\/p>\n<p> Ele <a class href=\"https:\/\/g1.globo.com\/rj\/norte-fluminense\/noticia\/2023\/07\/21\/ex-governador-do-rio-garotinho-e-internado-em-campos.ghtml\">foi internado no Hospital da Unimed na manh\u00e3 de sexta-feira (21)<\/a> depois que o quadro dele piorou. Ele estava sendo tratado em casa antes de ir para o hospital, como informou a mulher dele, Rosinha Garotinho ao<strong> g1<\/strong>. <\/p>\n<p> Atrav\u00e9s de uma rede social, Garotinho publicou uma foto ao lado de Rosinha e disse que caso o quadro de pneumonia tenha regredido, ser\u00e1 liberado para dar continuidade ao tratamento venoso em casa. <\/p>\n<p>         2 de 2&#013;Anthony Garotinho segue internado em um hospital particular em Campos \u2014 Foto: Marcos Serra Lima\/ G1    <\/p>\n<p> Anthony Garotinho segue internado em um hospital particular em Campos \u2014 Foto: Marcos Serra Lima\/ G1 <\/p>\n<p> &quot;Na quinta-feira dei entrada com 50% do pulm\u00e3o direito comprometido. Agrade\u00e7o a Deus, a todas as mensagens de carinho que tenho recebido, aos funcion\u00e1rios da Unimed, aos m\u00e9dicos Dr. Alexandre S\u00e1, que me acompanham e, ao Dr. Ricardo Madeira, que me internou e \u00e9 um amigo de muitos anos&quot;, disse Garotinho. <\/p>\n<p> Ele tamb\u00e9m agradeceu a mulher, Rosinha Garotinho, por estar como plantonista 24 horas. <\/p>\n<ul>\n<li> <a href=\"https:\/\/g1.globo.com\/rj\/norte-fluminense\/cidade\/campos-dos-goytacazes\/\" class=\"entities__list-itemLink\" data-track-click=\"Campos dos Goytacazes\"> Campos dos Goytacazes <\/a> <\/li>\n<\/ul>\n","protected":false},"excerpt":{"rendered":"<p>1 de 2&#013;Ex-governador do Rio postou foto ao lado de Rosinha dentro do hospital que est\u00e1 internado em Campos \u2014 Foto: ,Anthony Garotinho\/Rede social Ex-governador do Rio postou foto ao lado de Rosinha dentro do hospital que est\u00e1 internado em Campos \u2014 Foto: ,Anthony Garotinho\/Rede social O ex-governador do Rio de Janeiro, Anthony Garotinho (Uni\u00e3o [&hellip;]<\/p>\n","protected":false},"author":1,"featured_media":0,"comment_status":"closed","ping_status":"closed","sticky":false,"template":"","format":"standard","meta":{"footnotes":""},"categories":[],"tags":[],"class_list":["post-51030","post","type-post","status-publish","format-standard","hentry"],"_links":{"self":[{"href":"https:\/\/blog.corretoraideal.com.br\/index.php\/wp-json\/wp\/v2\/posts\/51030","targetHints":{"allow":["GET"]}}],"collection":[{"href":"https:\/\/blog.corretoraideal.com.br\/index.php\/wp-json\/wp\/v2\/posts"}],"about":[{"href":"https:\/\/blog.corretoraideal.com.br\/index.php\/wp-json\/wp\/v2\/types\/post"}],"author":[{"embeddable":true,"href":"https:\/\/blog.corretoraideal.com.br\/index.php\/wp-json\/wp\/v2\/users\/1"}],"replies":[{"embeddable":true,"href":"https:\/\/blog.corretoraideal.com.br\/index.php\/wp-json\/wp\/v2\/comments?post=51030"}],"version-history":[{"count":1,"href":"https:\/\/blog.corretoraideal.com.br\/index.php\/wp-json\/wp\/v2\/posts\/51030\/revisions"}],"predecessor-version":[{"id":51032,"href":"https:\/\/blog.corretoraideal.com.br\/index.php\/wp-json\/wp\/v2\/posts\/51030\/revisions\/51032"}],"wp:attachment":[{"href":"https:\/\/blog.corretoraideal.com.br\/index.php\/wp-json\/wp\/v2\/media?parent=51030"}],"wp:term":[{"taxonomy":"category","embeddable":true,"href":"https:\/\/blog.corretoraideal.com.br\/index.php\/wp-json\/wp\/v2\/categories?post=51030"},{"taxonomy":"post_tag","embeddable":true,"href":"https:\/\/blog.corretoraideal.com.br\/index.php\/wp-json\/wp\/v2\/tags?post=51030"}],"curies":[{"name":"wp","href":"https:\/\/api.w.org\/{rel}","templated":true}]}}