{"id":51037,"date":"2023-07-23T03:29:50","date_gmt":"2023-07-23T03:29:50","guid":{"rendered":"https:\/\/blog.corretoraideal.com.br\/?p=51037"},"modified":"2023-07-23T03:29:50","modified_gmt":"2023-07-23T03:29:50","slug":"policiais-militares-salvam-bebe-de-27-dias-que-se-engastou-com-leite-materno-em-campos-no-rj-norte-fluminense-g1","status":"publish","type":"post","link":"https:\/\/blog.corretoraideal.com.br\/index.php\/2023\/07\/23\/policiais-militares-salvam-bebe-de-27-dias-que-se-engastou-com-leite-materno-em-campos-no-rj-norte-fluminense-g1\/","title":{"rendered":"Policiais militares salvam beb\u00ea de 27 dias que se engastou com leite materno em Campos, no RJ | Norte Fluminense | G1"},"content":{"rendered":"\n<p> Policiais militares salvaram um beb\u00ea de 27 dias que se engasgou na noite desta sexta-feira (21), no bairro Aeroporto, em <a class href=\"https:\/\/g1.globo.com\/rj\/norte-fluminense\/cidade\/campos-dos-goytacazes\/\">Campos dos Goytacazes<\/a>, no Norte Fluminense. <\/p>\n<p> Os agentes estavam na quadra do bairro quando foram chamados por moradores informando que a crian\u00e7a tinha se engasgado com o leite materno. <\/p>\n<p> Segundo a Pol\u00edcia Militar, a m\u00e3e estava em desespero e os policias usaram as t\u00e9cnicas necess\u00e1rias para salvar o beb\u00ea. <\/p>\n<p> Depois que fizeram a manobra de Heimlich, a crian\u00e7a foi levada para o Hospital Ferreira Machado onde foi atendida e ficou em observa\u00e7\u00e3o. <\/p>\n<ul>\n<li> <a href=\"https:\/\/g1.globo.com\/rj\/norte-fluminense\/cidade\/campos-dos-goytacazes\/\" class=\"entities__list-itemLink\" data-track-click=\"Campos dos Goytacazes\"> Campos dos Goytacazes <\/a> <\/li>\n<\/ul>\n","protected":false},"excerpt":{"rendered":"<p>Policiais militares salvaram um beb\u00ea de 27 dias que se engasgou na noite desta sexta-feira (21), no bairro Aeroporto, em Campos dos Goytacazes, no Norte Fluminense. Os agentes estavam na quadra do bairro quando foram chamados por moradores informando que a crian\u00e7a tinha se engasgado com o leite materno. Segundo a Pol\u00edcia Militar, a m\u00e3e [&hellip;]<\/p>\n","protected":false},"author":1,"featured_media":0,"comment_status":"closed","ping_status":"closed","sticky":false,"template":"","format":"standard","meta":{"footnotes":""},"categories":[],"tags":[],"class_list":["post-51037","post","type-post","status-publish","format-standard","hentry"],"_links":{"self":[{"href":"https:\/\/blog.corretoraideal.com.br\/index.php\/wp-json\/wp\/v2\/posts\/51037","targetHints":{"allow":["GET"]}}],"collection":[{"href":"https:\/\/blog.corretoraideal.com.br\/index.php\/wp-json\/wp\/v2\/posts"}],"about":[{"href":"https:\/\/blog.corretoraideal.com.br\/index.php\/wp-json\/wp\/v2\/types\/post"}],"author":[{"embeddable":true,"href":"https:\/\/blog.corretoraideal.com.br\/index.php\/wp-json\/wp\/v2\/users\/1"}],"replies":[{"embeddable":true,"href":"https:\/\/blog.corretoraideal.com.br\/index.php\/wp-json\/wp\/v2\/comments?post=51037"}],"version-history":[{"count":1,"href":"https:\/\/blog.corretoraideal.com.br\/index.php\/wp-json\/wp\/v2\/posts\/51037\/revisions"}],"predecessor-version":[{"id":51039,"href":"https:\/\/blog.corretoraideal.com.br\/index.php\/wp-json\/wp\/v2\/posts\/51037\/revisions\/51039"}],"wp:attachment":[{"href":"https:\/\/blog.corretoraideal.com.br\/index.php\/wp-json\/wp\/v2\/media?parent=51037"}],"wp:term":[{"taxonomy":"category","embeddable":true,"href":"https:\/\/blog.corretoraideal.com.br\/index.php\/wp-json\/wp\/v2\/categories?post=51037"},{"taxonomy":"post_tag","embeddable":true,"href":"https:\/\/blog.corretoraideal.com.br\/index.php\/wp-json\/wp\/v2\/tags?post=51037"}],"curies":[{"name":"wp","href":"https:\/\/api.w.org\/{rel}","templated":true}]}}