{"id":51049,"date":"2023-07-23T08:30:31","date_gmt":"2023-07-23T08:30:31","guid":{"rendered":"https:\/\/blog.corretoraideal.com.br\/?p=51049"},"modified":"2023-07-23T08:30:31","modified_gmt":"2023-07-23T08:30:31","slug":"quissama-tera-expediente-especial-nas-reparticoes-publicas-nos-dias-de-jogos-da-selecao-feminina-na-copa-do-mundo-norte-fluminense-g1","status":"publish","type":"post","link":"https:\/\/blog.corretoraideal.com.br\/index.php\/2023\/07\/23\/quissama-tera-expediente-especial-nas-reparticoes-publicas-nos-dias-de-jogos-da-selecao-feminina-na-copa-do-mundo-norte-fluminense-g1\/","title":{"rendered":"Quissam\u00e3 ter\u00e1 expediente especial nas reparti\u00e7\u00f5es p\u00fablicas nos dias de jogos da sele\u00e7\u00e3o feminina na Copa do Mundo | Norte Fluminense | G1"},"content":{"rendered":"<p>      1 de 2&#013;Quissam\u00e3 ter\u00e1 hor\u00e1rio diferenciado nas reparti\u00e7\u00f5es p\u00fablicas durante os jogos da sele\u00e7\u00e3o feminina na Copa do Mundo \u2014 Foto: Prefeitura    <\/p>\n<p> Quissam\u00e3 ter\u00e1 hor\u00e1rio diferenciado nas reparti\u00e7\u00f5es p\u00fablicas durante os jogos da sele\u00e7\u00e3o feminina na Copa do Mundo \u2014 Foto: Prefeitura <\/p>\n<p> A Prefeitura de <a class href=\"https:\/\/g1.globo.com\/rj\/norte-fluminense\/cidade\/quissama\/\">Quissam\u00e3<\/a>, no Norte Fluminense, publicou, na edi\u00e7\u00e3o desta sexta-feira (21) do Di\u00e1rio Oficial do Munic\u00edpio, o Decreto N\u00b0 11.451 que autoriza as reparti\u00e7\u00f5es p\u00fablicas da cidade a funcionarem em hor\u00e1rios especiais durante os jogos da sele\u00e7\u00e3o feminina na Copa do Mundo. <\/p>\n<p> Na primeira fase, <a class href=\"https:\/\/ge.globo.com\/futebol\/copa-do-mundo-feminina\/noticia\/2023\/07\/20\/escalacao-da-selecao-brasileira-marta-no-banco-e-disputa-no-meio-campo-para-estreia-na-copa-2.ghtml\">ser\u00e3o tr\u00eas jogos da equipe do Brasil<\/a>: Brasil x Panam\u00e1 na segunda-feira (24), \u00e0s 8h; Brasil x Fran\u00e7a, no dia 29 de julho, \u00e0s 7h; e Brasil x Jamaica, no dia 2 de agosto, \u00e0s 7h. <\/p>\n<p>         2 de 2&#013;Pia Sundhage, em treino do Brasil na Austr\u00e1lia para Copa do Mundo Feminina \u2014 Foto: Thais Magalh\u00e3es\/CBF    <\/p>\n<p> Pia Sundhage, em treino do Brasil na Austr\u00e1lia para Copa do Mundo Feminina \u2014 Foto: Thais Magalh\u00e3es\/CBF <\/p>\n<p> De acordo com o decreto, nos dias em que os jogos ocorrerem at\u00e9 7h30, o expediente ser\u00e1 de 11h \u00e0s 17h; J\u00e1 nos dias em que os jogos ocorrerem \u00e0s 8h, o expediente ser\u00e1 de 12h \u00e0s 17h. <\/p>\n<p> Nas reparti\u00e7\u00f5es em que as atividades n\u00e3o possam ser suspensas, em virtude de exig\u00eancias t\u00e9cnicas ou por interesse p\u00fablico, o decreto define que o expediente ser\u00e1 normal, entretanto, sob a responsabilidade da chefia de cada setor. <\/p>\n<p> &quot;A decis\u00e3o de adotar o hor\u00e1rio especial de funcionamento durante os jogos da Sele\u00e7\u00e3o Brasileira \u00e9 em reconhecimento a import\u00e2ncia do esporte como ferramenta de empoderamento e inclus\u00e3o&quot;, disse a Prefeitura explicando ainda que, por meio da iniciativa, busca &quot;incentivar a valoriza\u00e7\u00e3o e o reconhecimento das jogadoras brasileiras, que representam o pa\u00eds com garra e talento nesta competi\u00e7\u00e3o de renome internacional&quot;. <\/p>\n<ul>\n<li> <a href=\"https:\/\/g1.globo.com\/rj\/norte-fluminense\/cidade\/quissama\/\" class=\"entities__list-itemLink\" data-track-click=\"Quissam\u00e3\"> Quissam\u00e3 <\/a> <\/li>\n<\/ul>\n","protected":false},"excerpt":{"rendered":"<p>1 de 2&#013;Quissam\u00e3 ter\u00e1 hor\u00e1rio diferenciado nas reparti\u00e7\u00f5es p\u00fablicas durante os jogos da sele\u00e7\u00e3o feminina na Copa do Mundo \u2014 Foto: Prefeitura Quissam\u00e3 ter\u00e1 hor\u00e1rio diferenciado nas reparti\u00e7\u00f5es p\u00fablicas durante os jogos da sele\u00e7\u00e3o feminina na Copa do Mundo \u2014 Foto: Prefeitura A Prefeitura de Quissam\u00e3, no Norte Fluminense, publicou, na edi\u00e7\u00e3o desta sexta-feira (21) [&hellip;]<\/p>\n","protected":false},"author":1,"featured_media":0,"comment_status":"closed","ping_status":"closed","sticky":false,"template":"","format":"standard","meta":{"footnotes":""},"categories":[],"tags":[],"class_list":["post-51049","post","type-post","status-publish","format-standard","hentry"],"_links":{"self":[{"href":"https:\/\/blog.corretoraideal.com.br\/index.php\/wp-json\/wp\/v2\/posts\/51049","targetHints":{"allow":["GET"]}}],"collection":[{"href":"https:\/\/blog.corretoraideal.com.br\/index.php\/wp-json\/wp\/v2\/posts"}],"about":[{"href":"https:\/\/blog.corretoraideal.com.br\/index.php\/wp-json\/wp\/v2\/types\/post"}],"author":[{"embeddable":true,"href":"https:\/\/blog.corretoraideal.com.br\/index.php\/wp-json\/wp\/v2\/users\/1"}],"replies":[{"embeddable":true,"href":"https:\/\/blog.corretoraideal.com.br\/index.php\/wp-json\/wp\/v2\/comments?post=51049"}],"version-history":[{"count":1,"href":"https:\/\/blog.corretoraideal.com.br\/index.php\/wp-json\/wp\/v2\/posts\/51049\/revisions"}],"predecessor-version":[{"id":51051,"href":"https:\/\/blog.corretoraideal.com.br\/index.php\/wp-json\/wp\/v2\/posts\/51049\/revisions\/51051"}],"wp:attachment":[{"href":"https:\/\/blog.corretoraideal.com.br\/index.php\/wp-json\/wp\/v2\/media?parent=51049"}],"wp:term":[{"taxonomy":"category","embeddable":true,"href":"https:\/\/blog.corretoraideal.com.br\/index.php\/wp-json\/wp\/v2\/categories?post=51049"},{"taxonomy":"post_tag","embeddable":true,"href":"https:\/\/blog.corretoraideal.com.br\/index.php\/wp-json\/wp\/v2\/tags?post=51049"}],"curies":[{"name":"wp","href":"https:\/\/api.w.org\/{rel}","templated":true}]}}