{"id":51052,"date":"2023-07-23T10:30:05","date_gmt":"2023-07-23T10:30:05","guid":{"rendered":"https:\/\/blog.corretoraideal.com.br\/?p=51052"},"modified":"2023-07-23T10:30:05","modified_gmt":"2023-07-23T10:30:05","slug":"producao-de-gengibre-anima-produtores-do-sudeste-paulista-nosso-campo-g1","status":"publish","type":"post","link":"https:\/\/blog.corretoraideal.com.br\/index.php\/2023\/07\/23\/producao-de-gengibre-anima-produtores-do-sudeste-paulista-nosso-campo-g1\/","title":{"rendered":"Produ\u00e7\u00e3o de gengibre anima produtores do Sudeste Paulista | Nosso Campo | G1"},"content":{"rendered":"<p>      1 de 1&#013;Produ\u00e7\u00e3o de gengibre anima produtores do Sudeste Paulista \u2014 Foto: TV TEM\/Reprodu\u00e7\u00e3o    <\/p>\n<p> Produ\u00e7\u00e3o de gengibre anima produtores do Sudeste Paulista \u2014 Foto: TV TEM\/Reprodu\u00e7\u00e3o <\/p>\n<p> O gengibre \u00e9 uma planta origin\u00e1ria da \u00c1sia e \u00e9 amplamente utilizado na culin\u00e1ria. A produ\u00e7\u00e3o \u00e9 forte na regi\u00e3o pr\u00f3xima \u00e0 Grande S\u00e3o Paulo, que \u00e9 o maior mercado consumidor desse produto. <a class href=\"https:\/\/g1.globo.com\/sp\/itapetininga-regiao\/cidade\/tapirai-sp\/\">Tapira\u00ed (SP)<\/a>, por exemplo, \u00e9 conhecida como a &quot;Capital do Gengibre&quot; do estado de S\u00e3o Paulo, com 60% da produ\u00e7\u00e3o do estado saindo dessa regi\u00e3o. <\/p>\n<p> A \u00e1rea cultivada com gengibre na cidade abrange mais de 200 hectares, e a maior parte da produ\u00e7\u00e3o \u00e9 realizada por pequenos agricultores. <\/p>\n<p> O clima favor\u00e1vel, a qualidade do solo e a disponibilidade de \u00e1gua s\u00e3o fatores que contribuem para o cultivo bem-sucedido, por\u00e9m, o relevo \u00edngreme exige um esfor\u00e7o extra dos produtores, que fazem a colheita de forma manual. <\/p>\n<p> <strong>Veja a reportagem exibida no programa em 23\/07\/2023:<\/strong> <\/p>\n<p>                   <img loading=\"lazy\" decoding=\"async\" class=\"aligncenter size-full wp-image-51054\" src=\"https:\/\/blog.corretoraideal.com.br\/wp-content\/uploads\/2023\/07\/producao-de-gengibre-anima-produtores-do-sudeste-paulista-1.jpeg\" alt=\"Produ\u00e7\u00e3o de gengibre anima produtores do Sudeste Paulista\" width=\"800\" height=\"400\" \/>      <\/p>\n<p> Produ\u00e7\u00e3o de gengibre anima produtores do Sudeste Paulista <\/p>\n<p> Alguns produtores locais destinam parte da produ\u00e7\u00e3o para a obten\u00e7\u00e3o de sementes, atendendo \u00e0s suas pr\u00f3prias necessidades e, ainda, vendendo o excedente para outros agricultores da regi\u00e3o. A chuva em boa quantidade durante o per\u00edodo de plantio tem favorecido o rendimento, com alguns produtores alcan\u00e7ando at\u00e9 quatro mil caixas de gengibre por hectare. <\/p>\n<p> Al\u00e9m da qualidade do produto, o produtor de gengibre tamb\u00e9m se beneficia com o bom pre\u00e7o de comercializa\u00e7\u00e3o, que \u00e9 o melhor dos \u00faltimos tr\u00eas anos. <\/p>\n<p> No in\u00edcio do ano, uma caixa com 18 quilos de gengibre era comercializada a R$ 70 em Tapira\u00ed, depois houve uma queda no pre\u00e7o, chegando a R$ 50, mas agora o valor m\u00e9dio est\u00e1 em torno de R$ 100. <\/p>\n<p><h2>V\u00cdDEOS: reveja as reportagens do Nosso Campo<\/h2>\n<\/p>\n<p>   <a href=\"https:\/\/g1.globo.com\/sp\/sorocaba-jundiai\/nosso-campo\/playlist\/videos-veja-as-reportagens-do-nosso-campo.ghtml\">    50 v\u00eddeos      <\/a>   <\/p>\n<p> <strong>Acesse + <\/strong><a class href=\"https:\/\/redeglobo.globo.com\/sp\/tvtem\/\"><strong>TV TEM<\/strong><\/a><strong> | <\/strong><a class href=\"https:\/\/redeglobo.globo.com\/sp\/tvtem\/sorocaba-e-regiao\/programacao\/?region=sorocaba-e-regiao#20170330527359https:\/\/redeglobo.globo.com\/sp\/tvtem\/sorocaba-e-regiao\/programacao\/?region=sorocaba-e-regiao#20170330527359\"><strong>Programa\u00e7\u00e3o <\/strong><\/a><strong>| <\/strong><a class href=\"https:\/\/redeglobo.globo.com\/sp\/tvtem\/noticia\/videos-acesse-os-catalogos-dos-programas-da-tv-tem.ghtml\"><strong>V\u00eddeos <\/strong><\/a><strong>| <\/strong><a class href=\"https:\/\/redeglobo.globo.com\/sp\/tvtem\/noticia\/pela-web-confira-os-enderecos-oficiais-da-tv-tem-nas-redes-sociais.ghtml\"><strong>Redes sociais<\/strong><\/a> <\/p>\n<ul>\n<li> <a href=\"https:\/\/g1.globo.com\/sp\/itapetininga-regiao\/cidade\/tapirai-sp\/\" class=\"entities__list-itemLink\" data-track-click=\"Tapira\u00ed\"> Tapira\u00ed <\/a> <\/li>\n<\/ul>\n","protected":false},"excerpt":{"rendered":"<p>1 de 1&#013;Produ\u00e7\u00e3o de gengibre anima produtores do Sudeste Paulista \u2014 Foto: TV TEM\/Reprodu\u00e7\u00e3o Produ\u00e7\u00e3o de gengibre anima produtores do Sudeste Paulista \u2014 Foto: TV TEM\/Reprodu\u00e7\u00e3o O gengibre \u00e9 uma planta origin\u00e1ria da \u00c1sia e \u00e9 amplamente utilizado na culin\u00e1ria. A produ\u00e7\u00e3o \u00e9 forte na regi\u00e3o pr\u00f3xima \u00e0 Grande S\u00e3o Paulo, que \u00e9 o maior [&hellip;]<\/p>\n","protected":false},"author":1,"featured_media":0,"comment_status":"closed","ping_status":"closed","sticky":false,"template":"","format":"standard","meta":{"footnotes":""},"categories":[],"tags":[],"class_list":["post-51052","post","type-post","status-publish","format-standard","hentry"],"_links":{"self":[{"href":"https:\/\/blog.corretoraideal.com.br\/index.php\/wp-json\/wp\/v2\/posts\/51052","targetHints":{"allow":["GET"]}}],"collection":[{"href":"https:\/\/blog.corretoraideal.com.br\/index.php\/wp-json\/wp\/v2\/posts"}],"about":[{"href":"https:\/\/blog.corretoraideal.com.br\/index.php\/wp-json\/wp\/v2\/types\/post"}],"author":[{"embeddable":true,"href":"https:\/\/blog.corretoraideal.com.br\/index.php\/wp-json\/wp\/v2\/users\/1"}],"replies":[{"embeddable":true,"href":"https:\/\/blog.corretoraideal.com.br\/index.php\/wp-json\/wp\/v2\/comments?post=51052"}],"version-history":[{"count":1,"href":"https:\/\/blog.corretoraideal.com.br\/index.php\/wp-json\/wp\/v2\/posts\/51052\/revisions"}],"predecessor-version":[{"id":51055,"href":"https:\/\/blog.corretoraideal.com.br\/index.php\/wp-json\/wp\/v2\/posts\/51052\/revisions\/51055"}],"wp:attachment":[{"href":"https:\/\/blog.corretoraideal.com.br\/index.php\/wp-json\/wp\/v2\/media?parent=51052"}],"wp:term":[{"taxonomy":"category","embeddable":true,"href":"https:\/\/blog.corretoraideal.com.br\/index.php\/wp-json\/wp\/v2\/categories?post=51052"},{"taxonomy":"post_tag","embeddable":true,"href":"https:\/\/blog.corretoraideal.com.br\/index.php\/wp-json\/wp\/v2\/tags?post=51052"}],"curies":[{"name":"wp","href":"https:\/\/api.w.org\/{rel}","templated":true}]}}