{"id":51056,"date":"2023-07-23T13:30:05","date_gmt":"2023-07-23T13:30:05","guid":{"rendered":"https:\/\/blog.corretoraideal.com.br\/?p=51056"},"modified":"2023-07-23T13:30:05","modified_gmt":"2023-07-23T13:30:05","slug":"policia-federal-prende-homem-apontado-como-um-dos-chefes-de-ataques-golpistas-em-brasilia-rio-de-janeiro-g1","status":"publish","type":"post","link":"https:\/\/blog.corretoraideal.com.br\/index.php\/2023\/07\/23\/policia-federal-prende-homem-apontado-como-um-dos-chefes-de-ataques-golpistas-em-brasilia-rio-de-janeiro-g1\/","title":{"rendered":"Pol\u00edcia Federal prende homem apontado como um dos chefes de ataques golpistas em Bras\u00edlia | Rio de Janeiro | G1"},"content":{"rendered":"<p>                <img loading=\"lazy\" decoding=\"async\" class=\"aligncenter size-full wp-image-51058\" src=\"https:\/\/blog.corretoraideal.com.br\/wp-content\/uploads\/2023\/07\/policia-federal-prende-homem-apontado-como-um-dos-chefes-de-ataques-golpistas-em-brasilia-1.jpeg\" alt=\"Pol\u00edcia Federal prende homem apontado como um dos chefes de ataques golpistas em Bras\u00edlia\" width=\"800\" height=\"400\" \/>      <\/p>\n<p> Pol\u00edcia Federal prende homem apontado como um dos chefes de ataques golpistas em Bras\u00edlia <\/p>\n<p> A Pol\u00edcia Federal (PF) prendeu nesta quinta-feira (20), em <a class href=\"https:\/\/g1.globo.com\/rj\/norte-fluminense\/cidade\/campos-dos-goytacazes\/\">Campos dos Goytacazes<\/a>, no Norte-Fluminense, um comerciante apontado como um dos chefes da invas\u00e3o ao Supremo Tribunal Federal (<a class href=\"https:\/\/g1.globo.com\/tudo-sobre\/supremo-tribunal-federal\/\">STF<\/a>), <a class href=\"https:\/\/g1.globo.com\/df\/distrito-federal\/noticia\/2023\/01\/08\/o-dia-em-que-bolsonaristas-invadiram-o-congresso-o-planalto-e-o-stf-como-isso-aconteceu-e-quais-as-consequencias.ghtml\">nos atos golpistas de 8 de janeiro, <\/a>em <a class href=\"https:\/\/g1.globo.com\/df\/distrito-federal\/cidade\/brasilia\/\">Bras\u00edlia<\/a>. <\/p>\n<p> <strong>Diego Ventura<\/strong> teve a pris\u00e3o preventiva determinada pelo ministro <a class href=\"https:\/\/g1.globo.com\/tudo-sobre\/alexandre-de-moraes\/\">Alexandre de Moraes<\/a>. O homem foi preso \u00e0 noite, durante um evento denominado &quot;Assembleia Nacional da Direita Brasileira&quot;. <\/p>\n<ul>\n<li><a class href=\"https:\/\/api.whatsapp.com\/send?text=https:\/\/g1.globo.com\/rj\/rio-de-janeiro\/noticia\/2023\/07\/21\/policia-federal-prende-homem-apontado-como-lider-de-ataques-golpistas-em-brasilia.ghtml?utm_source%3Dwhatsapp%26utm_medium%3Dshare-engagement%26utm_campaign%3Dte-materias\" target=\"_blank\" rel=\"noopener noreferrer\">Compartilhe no WhatsApp<\/a><\/li>\n<li><a class href=\"https:\/\/telegram.me\/share\/url?url=https:\/\/g1.globo.com\/rj\/rio-de-janeiro\/noticia\/2023\/07\/21\/policia-federal-prende-homem-apontado-como-lider-de-ataques-golpistas-em-brasilia.ghtml?utm_source%3Dwhatsapp%26utm_medium%3Dshare-engagement%26utm_campaign%3Dte-materias\" target=\"_blank\" rel=\"noopener noreferrer\">Compartilhe no Telegram<\/a><\/li>\n<\/ul>\n<p> ? <a class href=\"https:\/\/chat.whatsapp.com\/EViqwivnFEjDxEUxX5TzAr\" target=\"_blank\" rel=\"noopener noreferrer\">O g1 Rio agora est\u00e1 no Comunidades WhatsApp. Clique aqui para participar e para receber as not\u00edcias do Grande Rio direto no seu celular!<\/a> <\/p>\n<p> Al\u00e9m disso, a PF cumpriu tr\u00eas mandados expedidos pelo STF: um de pris\u00e3o, um de busca pessoal e um de busca e apreens\u00e3o. O aparelho celular de Diego foi apreendido. <\/p>\n<p>                   <img loading=\"lazy\" decoding=\"async\" class=\"aligncenter size-full wp-image-51059\" src=\"https:\/\/blog.corretoraideal.com.br\/wp-content\/uploads\/2023\/07\/stf-tem-maioria-para-tornar-reus-mais-131-acusados-por-atos-golpistas-do-8-de-janeiro.jpeg\" alt=\"STF tem maioria para tornar r\u00e9us mais 131 acusados por atos golpistas do 8 de janeiro\" width=\"800\" height=\"400\" \/>      <\/p>\n<p> STF tem maioria para tornar r\u00e9us mais 131 acusados por atos golpistas do 8 de janeiro <\/p>\n<p><h2>Chefe em quartel<\/h2>\n<\/p>\n<p> Ventura era chefe de um grupo de extrema direita presente no acampamento do quartel-general do Ex\u00e9rcito em Bras\u00edlia. <\/p>\n<p> No final de dezembro, ele chegou a ser detido pela Pol\u00edcia Militar do Distrito Federal quando seguia para a sede do STF portando itens como estilingues, r\u00e1dios comunicadores e faca, mas foi solto no mesmo dia. <\/p>\n<p> O comerciante foi filmado ao lado de fora do STF, chutando grades de conten\u00e7\u00e3o antes do in\u00edcio da invas\u00e3o. Ele tamb\u00e9m aparece em imagens dentro do pr\u00e9dio depredado. <\/p>\n<p> <a class href=\"https:\/\/g1.globo.com\/df\/distrito-federal\/noticia\/2023\/01\/11\/pf-prende-mulher-apontada-como-organizadora-de-atos-terroristas-em-brasilia.ghtml\">Ana Priscila Azevedo<\/a>, outra lideran\u00e7a que estava com ele, foi presa em 10 de janeiro, mas Ventura conseguiu escapar. <\/p>\n<p> Segundo a Pol\u00edcia Federal, a pris\u00e3o de Ventura foi mais um desdobramento da <a class href=\"https:\/\/g1.globo.com\/df\/distrito-federal\/noticia\/2023\/01\/20\/pf-faz-operacao-em-5-estados-e-no-df-contra-financiadores-e-participantes-de-atos-terroristas-em-brasilia.ghtml\">&#x27;Opera\u00e7\u00e3o Lesa P\u00e1tria&#x27;, que come\u00e7ou em 20 de janeiro<\/a>, com o objetivo de identificar pessoas que participaram, financiaram ou ajudaram os ataques em Bras\u00edlia. <\/p>\n<ul>\n<li> <a href=\"https:\/\/g1.globo.com\/tudo-sobre\/alexandre-de-moraes\/\" class=\"entities__list-itemLink\" data-track-click=\"Alexandre de Moraes\"> Alexandre de Moraes <\/a> <\/li>\n<li> <a href=\"https:\/\/g1.globo.com\/df\/distrito-federal\/cidade\/brasilia\/\" class=\"entities__list-itemLink\" data-track-click=\"Bras\u00edlia\"> Bras\u00edlia <\/a> <\/li>\n<li> <a href=\"https:\/\/g1.globo.com\/rj\/norte-fluminense\/cidade\/campos-dos-goytacazes\/\" class=\"entities__list-itemLink\" data-track-click=\"Campos dos Goytacazes\"> Campos dos Goytacazes <\/a> <\/li>\n<li> <a href=\"https:\/\/g1.globo.com\/tudo-sobre\/supremo-tribunal-federal\/\" class=\"entities__list-itemLink\" data-track-click=\"STF - Supremo Tribunal Federal\"> STF &#8211; Supremo Tribunal Federal <\/a> <\/li>\n<\/ul>\n","protected":false},"excerpt":{"rendered":"<p>Pol\u00edcia Federal prende homem apontado como um dos chefes de ataques golpistas em Bras\u00edlia A Pol\u00edcia Federal (PF) prendeu nesta quinta-feira (20), em Campos dos Goytacazes, no Norte-Fluminense, um comerciante apontado como um dos chefes da invas\u00e3o ao Supremo Tribunal Federal (STF), nos atos golpistas de 8 de janeiro, em Bras\u00edlia. Diego Ventura teve a [&hellip;]<\/p>\n","protected":false},"author":1,"featured_media":0,"comment_status":"closed","ping_status":"closed","sticky":false,"template":"","format":"standard","meta":{"footnotes":""},"categories":[],"tags":[],"class_list":["post-51056","post","type-post","status-publish","format-standard","hentry"],"_links":{"self":[{"href":"https:\/\/blog.corretoraideal.com.br\/index.php\/wp-json\/wp\/v2\/posts\/51056","targetHints":{"allow":["GET"]}}],"collection":[{"href":"https:\/\/blog.corretoraideal.com.br\/index.php\/wp-json\/wp\/v2\/posts"}],"about":[{"href":"https:\/\/blog.corretoraideal.com.br\/index.php\/wp-json\/wp\/v2\/types\/post"}],"author":[{"embeddable":true,"href":"https:\/\/blog.corretoraideal.com.br\/index.php\/wp-json\/wp\/v2\/users\/1"}],"replies":[{"embeddable":true,"href":"https:\/\/blog.corretoraideal.com.br\/index.php\/wp-json\/wp\/v2\/comments?post=51056"}],"version-history":[{"count":1,"href":"https:\/\/blog.corretoraideal.com.br\/index.php\/wp-json\/wp\/v2\/posts\/51056\/revisions"}],"predecessor-version":[{"id":51060,"href":"https:\/\/blog.corretoraideal.com.br\/index.php\/wp-json\/wp\/v2\/posts\/51056\/revisions\/51060"}],"wp:attachment":[{"href":"https:\/\/blog.corretoraideal.com.br\/index.php\/wp-json\/wp\/v2\/media?parent=51056"}],"wp:term":[{"taxonomy":"category","embeddable":true,"href":"https:\/\/blog.corretoraideal.com.br\/index.php\/wp-json\/wp\/v2\/categories?post=51056"},{"taxonomy":"post_tag","embeddable":true,"href":"https:\/\/blog.corretoraideal.com.br\/index.php\/wp-json\/wp\/v2\/tags?post=51056"}],"curies":[{"name":"wp","href":"https:\/\/api.w.org\/{rel}","templated":true}]}}