{"id":51068,"date":"2023-07-23T18:30:26","date_gmt":"2023-07-23T18:30:26","guid":{"rendered":"https:\/\/blog.corretoraideal.com.br\/?p=51068"},"modified":"2023-07-23T18:30:26","modified_gmt":"2023-07-23T18:30:26","slug":"fundacao-da-infancia-e-juventude-de-campos-abre-inscricoes-para-cursos-norte-fluminense-g1","status":"publish","type":"post","link":"https:\/\/blog.corretoraideal.com.br\/index.php\/2023\/07\/23\/fundacao-da-infancia-e-juventude-de-campos-abre-inscricoes-para-cursos-norte-fluminense-g1\/","title":{"rendered":"Funda\u00e7\u00e3o da Inf\u00e2ncia e Juventude de Campos abre inscri\u00e7\u00f5es para cursos | Norte Fluminense | G1"},"content":{"rendered":"\n<p> A Funda\u00e7\u00e3o Municipal da Inf\u00e2ncia e Juventude de Campos (FMIJ) abriu 500 vagas de cursos livres para adolescentes e jovens, entre 12 e 29 anos. As inscri\u00e7\u00f5es poder\u00e3o ser feitas entre os dias 24 e 28 de julho. <\/p>\n<p> Para efetuar a inscri\u00e7\u00e3o, haver\u00e1 atendimento na modalidade presencial, das 09h \u00e0s 16h, na sede da Funda\u00e7\u00e3o, situada na Avenida Rui Barbosa, n\u00famero 553, no bairro da Lapa. <\/p>\n<p> Para jovens da faixa et\u00e1ria dos 18 aos 29 anos interessados no Programa Qualifica Polo, as inscri\u00e7\u00f5es ser\u00e3o feitas por meio da internet. <\/p>\n<p> Para o programa Esporte Cidad\u00e3o, destinado para adolescentes da faixa et\u00e1ria dos 12 aos 17 anos, v\u00e3o ser disponibilizadas vagas limitadas nos turnos da manh\u00e3 e tarde nas seguintes modalidades: V\u00f4lei; Taekwondo; Futsal; Recrea\u00e7\u00e3o; Jiu-Jitsu e Futev\u00f4lei. <\/p>\n<p> J\u00e1 para o programa Qualifica Jovem, que contempla jovens na mesma faixa et\u00e1ria (dos 12 aos 17 anos) v\u00e3o ser disponibilizadas vagas limitadas nos turnos da manh\u00e3 e da tarde, nas seguintes modalidades: Barbearia; Sal\u00e3o de Cabelereiro; Design de Sobrancelhas; Design de Unhas; Inform\u00e1tica B\u00e1sica; e Inform\u00e1tica Avan\u00e7ada. <\/p>\n<p> E para quem quer participar do curso para Guarda Mirim, a FMIJ disponibiliza vagas para adolescentes dos 15 aos 17 anos, com vagas limitadas nos turnos da manh\u00e3 e tarde. <\/p>\n<p> Para o Programa Semeando Arte, que contempla adolescentes dos 13 aos 17 anos. Ser\u00e3o disponibilizadas vagas limitadas nos turnos da manh\u00e3 e tarde para cursos nas seguintes modalidades: Oficina de Teatro; Oficina de Dan\u00e7a; e Oficina de M\u00fasica. <\/p>\n<p> Por fim, o Qualifica Polo, destinado aos jovens da faixa et\u00e1ria dos 18 a 29 anos, as inscri\u00e7\u00f5es ser\u00e3o feitas na modalidade online e os cursos v\u00e3o ser na modalidade EAD (Ensino \u00e0 Dist\u00e2ncia) por meio da internet. <\/p>\n<p> As vagas v\u00e3o ser limitadas nos turnos da manh\u00e3, tarde e noite nas seguintes modalidades: Inform\u00e1tica b\u00e1sica; Fotografia digital; No\u00e7\u00f5es B\u00e1sicas de Administrativo e Recursos Humanos. <\/p>\n<p> A diretora de Servi\u00e7os e Programas, Carla Brito, informa que o menor de idade deve comparecer acompanhado por um respons\u00e1vel, ambos munidos dos documentos pessoais, comprovante de resid\u00eancia de declara\u00e7\u00e3o de escolaridade. <\/p>\n<p> \u201cPara participar de qualquer um dos programas ou servi\u00e7os ofertados pela Funda\u00e7\u00e3o, \u00e9 necess\u00e1rio que o adolescente ou o jovem esteja devidamente matriculado e frequentando as aulas. Por isso, precisamos da declara\u00e7\u00e3o da unidade escolar\u201d, pontua Carla Brito. <\/p>\n<ul>\n<li> <a href=\"https:\/\/g1.globo.com\/rj\/norte-fluminense\/cidade\/campos-dos-goytacazes\/\" class=\"entities__list-itemLink\" data-track-click=\"Campos dos Goytacazes\"> Campos dos Goytacazes <\/a> <\/li>\n<\/ul>\n","protected":false},"excerpt":{"rendered":"<p>A Funda\u00e7\u00e3o Municipal da Inf\u00e2ncia e Juventude de Campos (FMIJ) abriu 500 vagas de cursos livres para adolescentes e jovens, entre 12 e 29 anos. As inscri\u00e7\u00f5es poder\u00e3o ser feitas entre os dias 24 e 28 de julho. Para efetuar a inscri\u00e7\u00e3o, haver\u00e1 atendimento na modalidade presencial, das 09h \u00e0s 16h, na sede da Funda\u00e7\u00e3o, [&hellip;]<\/p>\n","protected":false},"author":1,"featured_media":0,"comment_status":"closed","ping_status":"closed","sticky":false,"template":"","format":"standard","meta":{"footnotes":""},"categories":[],"tags":[],"class_list":["post-51068","post","type-post","status-publish","format-standard","hentry"],"_links":{"self":[{"href":"https:\/\/blog.corretoraideal.com.br\/index.php\/wp-json\/wp\/v2\/posts\/51068","targetHints":{"allow":["GET"]}}],"collection":[{"href":"https:\/\/blog.corretoraideal.com.br\/index.php\/wp-json\/wp\/v2\/posts"}],"about":[{"href":"https:\/\/blog.corretoraideal.com.br\/index.php\/wp-json\/wp\/v2\/types\/post"}],"author":[{"embeddable":true,"href":"https:\/\/blog.corretoraideal.com.br\/index.php\/wp-json\/wp\/v2\/users\/1"}],"replies":[{"embeddable":true,"href":"https:\/\/blog.corretoraideal.com.br\/index.php\/wp-json\/wp\/v2\/comments?post=51068"}],"version-history":[{"count":1,"href":"https:\/\/blog.corretoraideal.com.br\/index.php\/wp-json\/wp\/v2\/posts\/51068\/revisions"}],"predecessor-version":[{"id":51070,"href":"https:\/\/blog.corretoraideal.com.br\/index.php\/wp-json\/wp\/v2\/posts\/51068\/revisions\/51070"}],"wp:attachment":[{"href":"https:\/\/blog.corretoraideal.com.br\/index.php\/wp-json\/wp\/v2\/media?parent=51068"}],"wp:term":[{"taxonomy":"category","embeddable":true,"href":"https:\/\/blog.corretoraideal.com.br\/index.php\/wp-json\/wp\/v2\/categories?post=51068"},{"taxonomy":"post_tag","embeddable":true,"href":"https:\/\/blog.corretoraideal.com.br\/index.php\/wp-json\/wp\/v2\/tags?post=51068"}],"curies":[{"name":"wp","href":"https:\/\/api.w.org\/{rel}","templated":true}]}}