{"id":51071,"date":"2023-07-23T20:31:21","date_gmt":"2023-07-23T20:31:21","guid":{"rendered":"https:\/\/blog.corretoraideal.com.br\/?p=51071"},"modified":"2023-07-23T20:31:21","modified_gmt":"2023-07-23T20:31:21","slug":"na-luta-contra-a-fome-agricultores-combatem-desperdicio-de-alimentos-veja-iniciativas-globo-rural-g1","status":"publish","type":"post","link":"https:\/\/blog.corretoraideal.com.br\/index.php\/2023\/07\/23\/na-luta-contra-a-fome-agricultores-combatem-desperdicio-de-alimentos-veja-iniciativas-globo-rural-g1\/","title":{"rendered":"Na luta contra a fome, agricultores combatem desperd\u00edcio de alimentos; veja iniciativas | Globo Rural | G1"},"content":{"rendered":"\n<p> Em um pa\u00eds <a class href=\"https:\/\/g1.globo.com\/economia\/noticia\/2023\/07\/12\/brasil-tem-101-milhoes-de-brasileiros-passando-fome-e-703-milhoes-em-inseguranca-alimentar-aponta-onu.ghtml\">onde 21 milh\u00f5es de pessoas em inseguran\u00e7a alimentar grave<\/a>, o combate contra o desperd\u00edcio de alimentos deve come\u00e7ar desde o in\u00edcio da produ\u00e7\u00e3o, no campo. <\/p>\n<p> Segundo o movimento da sociedade civil &quot;Pacto contra a Fome&quot;, pouco mais da metade do desperd\u00edcio est\u00e1 no come\u00e7o da cadeia dos alimentos, que engloba a produ\u00e7\u00e3o, colheita e transporte. <\/p>\n<p> As<strong> frutas e as hortali\u00e7as s\u00e3o as mais desperdi\u00e7adas<\/strong>, depois v\u00eam os tub\u00e9rculos e os latic\u00ednios. <\/p>\n<p> Mas, nessas etapas de produ\u00e7\u00e3o, j\u00e1 existem boas pr\u00e1ticas para evitar que a comida boa v\u00e1 para o lixo. <\/p>\n<p> Em <a class href=\"https:\/\/g1.globo.com\/sp\/mogi-das-cruzes-suzano\/cidade\/mogi-das-cruzes\/\">Mogi das Cruzes (SP)<\/a>, por exemplo, a <a class href=\"https:\/\/g1.globo.com\/economia\/agronegocios\/agro-de-gente-pra-gente\/noticia\/2022\/09\/29\/gente-do-campo-menino-abracou-a-rucula-como-se-fosse-ovo-de-pascoa-conta-agricultora-que-luta-contra-a-fome.ghtml\">agricultora Simone Silloti criou o projeto #Fa\u00e7aumBemINCR\u00cdVEL<\/a> pela necessidade que a pandemia do coronav\u00edrus trouxe em 2020. <\/p>\n<p> Como os agricultores da regi\u00e3o n\u00e3o tinham para quem vender, Simone convenceu todos a doarem as hortali\u00e7as excedentes, pr\u00e1tica que hoje \u00e9 subsidiada por empresas privadas que participam do projeto. <\/p>\n<p> O projeto j\u00e1 doou mais de 380 toneladas de alimento e ajudou 300 mil fam\u00edlias em 17 munic\u00edpios de S\u00e3o Paulo. <\/p>\n<p><h2>Cuidado na colheita<\/h2>\n<\/p>\n<p> Em <a class href=\"https:\/\/g1.globo.com\/df\/distrito-federal\/cidade\/paranoa\/\">Parano\u00e1 (DF)<\/a>, o casal formado por Clevane e Joe Valle criou uma s\u00e9rie de cuidados simples, mas que fazem a diferen\u00e7a na colheita e p\u00f3s-colheita. <\/p>\n<p> Agora, evitam que muitos funcion\u00e1rios toquem nas alfaces e a embalagem come\u00e7ou a ser feita dentro do campo, para n\u00e3o estragar as folhagens no transporte. Tamb\u00e9m nunca deixam as hortali\u00e7as no sol. <\/p>\n<p> Para hortali\u00e7as descartadas por n\u00e3o estarem no padr\u00e3o, apostaram no beneficiamento para conseguir vender esses alimentos. <\/p>\n<p> Com essas medidas, a fazenda conseguiu reduzir pela metade o desperd\u00edcio. <\/p>\n<p> <strong>LEIA TAMB\u00c9M:<\/strong> <\/p>\n<ul>\n<li><a class href=\"https:\/\/g1.globo.com\/politica\/noticia\/2023\/07\/20\/lula-sanciona-projeto-que-incentiva-compras-de-produtos-de-agricultores-familiares.ghtml\"><strong>Lula sanciona projeto que incentiva compras de produtos de agricultores familiares<\/strong><\/a><\/li>\n<li><a class href=\"https:\/\/g1.globo.com\/economia\/agronegocios\/noticia\/2021\/08\/11\/recordes-no-agronegocio-e-aumento-da-fome-no-brasil-como-isso-pode-acontecer-ao-mesmo-tempo.ghtml\"><strong>Recordes no agroneg\u00f3cio e aumento da fome no Brasil: como isso pode acontecer ao mesmo tempo?<\/strong><\/a><\/li>\n<\/ul>\n<p><h2>Transporte<\/h2>\n<\/p>\n<p> O <a class href=\"https:\/\/g1.globo.com\/economia\/agronegocios\/globo-rural\/\">Globo Rural<\/a> tamb\u00e9m mostra t\u00e1ticas para combater o desperd\u00edcio no transporte do alimento. Na Companhia de Entrepostos e Armaz\u00e9ns Gerais de S\u00e3o Paulo (Ceagesp), existe um projeto para padronizar as caixas de frutas, verduras e legumes. <\/p>\n<p> Al\u00e9m disso, os produtos que perdem valor comercial dentro da Ceagesp s\u00e3o enviados para o banco de alimentos para doa\u00e7\u00e3o. <\/p>\n<p> <strong>Confira a reportagem completa nos dois v\u00eddeos acima.<\/strong> <\/p>\n<p>                   <img loading=\"lazy\" decoding=\"async\" class=\"aligncenter size-full wp-image-51073\" src=\"https:\/\/blog.corretoraideal.com.br\/wp-content\/uploads\/2023\/07\/gente-do-campo-simone-silotti.jpeg\" alt=\"Gente do campo: Simone Silotti\" width=\"800\" height=\"400\" \/>      <\/p>\n<p> Gente do campo: Simone Silotti <\/p>\n<p>    <a href=\"https:\/\/g1.globo.com\/economia\/agronegocios\/globo-rural\/videos-globo-rural\/playlist\/videos-mais-assistidos-do-globo-rural.ghtml\">    50 v\u00eddeos      <\/a>   <\/p>\n<ul>\n<li> <a href=\"https:\/\/g1.globo.com\/sp\/mogi-das-cruzes-suzano\/cidade\/mogi-das-cruzes\/\" class=\"entities__list-itemLink\" data-track-click=\"Mogi das Cruzes\"> Mogi das Cruzes <\/a> <\/li>\n<li> <a href=\"https:\/\/g1.globo.com\/df\/distrito-federal\/cidade\/paranoa\/\" class=\"entities__list-itemLink\" data-track-click=\"Parano\u00e1\"> Parano\u00e1 <\/a> <\/li>\n<\/ul>\n","protected":false},"excerpt":{"rendered":"<p>Em um pa\u00eds onde 21 milh\u00f5es de pessoas em inseguran\u00e7a alimentar grave, o combate contra o desperd\u00edcio de alimentos deve come\u00e7ar desde o in\u00edcio da produ\u00e7\u00e3o, no campo. Segundo o movimento da sociedade civil &quot;Pacto contra a Fome&quot;, pouco mais da metade do desperd\u00edcio est\u00e1 no come\u00e7o da cadeia dos alimentos, que engloba a produ\u00e7\u00e3o, [&hellip;]<\/p>\n","protected":false},"author":1,"featured_media":0,"comment_status":"closed","ping_status":"closed","sticky":false,"template":"","format":"standard","meta":{"footnotes":""},"categories":[],"tags":[],"class_list":["post-51071","post","type-post","status-publish","format-standard","hentry"],"_links":{"self":[{"href":"https:\/\/blog.corretoraideal.com.br\/index.php\/wp-json\/wp\/v2\/posts\/51071","targetHints":{"allow":["GET"]}}],"collection":[{"href":"https:\/\/blog.corretoraideal.com.br\/index.php\/wp-json\/wp\/v2\/posts"}],"about":[{"href":"https:\/\/blog.corretoraideal.com.br\/index.php\/wp-json\/wp\/v2\/types\/post"}],"author":[{"embeddable":true,"href":"https:\/\/blog.corretoraideal.com.br\/index.php\/wp-json\/wp\/v2\/users\/1"}],"replies":[{"embeddable":true,"href":"https:\/\/blog.corretoraideal.com.br\/index.php\/wp-json\/wp\/v2\/comments?post=51071"}],"version-history":[{"count":1,"href":"https:\/\/blog.corretoraideal.com.br\/index.php\/wp-json\/wp\/v2\/posts\/51071\/revisions"}],"predecessor-version":[{"id":51074,"href":"https:\/\/blog.corretoraideal.com.br\/index.php\/wp-json\/wp\/v2\/posts\/51071\/revisions\/51074"}],"wp:attachment":[{"href":"https:\/\/blog.corretoraideal.com.br\/index.php\/wp-json\/wp\/v2\/media?parent=51071"}],"wp:term":[{"taxonomy":"category","embeddable":true,"href":"https:\/\/blog.corretoraideal.com.br\/index.php\/wp-json\/wp\/v2\/categories?post=51071"},{"taxonomy":"post_tag","embeddable":true,"href":"https:\/\/blog.corretoraideal.com.br\/index.php\/wp-json\/wp\/v2\/tags?post=51071"}],"curies":[{"name":"wp","href":"https:\/\/api.w.org\/{rel}","templated":true}]}}