{"id":51075,"date":"2023-07-23T21:30:13","date_gmt":"2023-07-23T21:30:13","guid":{"rendered":"https:\/\/blog.corretoraideal.com.br\/?p=51075"},"modified":"2023-07-23T21:30:13","modified_gmt":"2023-07-23T21:30:13","slug":"fim-do-passaro-azul-elon-musk-diz-que-mudara-a-logo-do-twitter-tecnologia-g1","status":"publish","type":"post","link":"https:\/\/blog.corretoraideal.com.br\/index.php\/2023\/07\/23\/fim-do-passaro-azul-elon-musk-diz-que-mudara-a-logo-do-twitter-tecnologia-g1\/","title":{"rendered":"Fim do p\u00e1ssaro azul? Elon Musk diz que mudar\u00e1 a logo do Twitter | Tecnologia | G1"},"content":{"rendered":"<p>      1 de 4&#013;Empres\u00e1rio Elon Musk diz que mudar\u00e1 a logo do Twitter \u2014 Foto: Reprodu\u00e7\u00e3o Redes Social    <\/p>\n<p> Empres\u00e1rio Elon Musk diz que mudar\u00e1 a logo do Twitter \u2014 Foto: Reprodu\u00e7\u00e3o Redes Social <\/p>\n<p> O empres\u00e1rio <a class href=\"https:\/\/g1.globo.com\/tudo-sobre\/elon-musk\/\">Elon Musk<\/a> comentou no <a class href=\"https:\/\/g1.globo.com\/tudo-sobre\/twitter\/\">Twitter<\/a>, na manh\u00e3 deste domingo (23), que ir\u00e1 mudar a logo da rede social. Musk fez uma s\u00e9rie de postagens com a letra X e ainda pediu que os usu\u00e1rios da rede mudassem a cor padr\u00e3o da plataforma para preto. <\/p>\n<p>         2 de 4&#013;Musk diz que em breve daremos adeus \u00e0 marca Twitter \u2014 Foto: Reprodu\u00e7\u00e3o Rede Social    <\/p>\n<p> Musk diz que em breve daremos adeus \u00e0 marca Twitter \u2014 Foto: Reprodu\u00e7\u00e3o Rede Social <\/p>\n<p> O bilion\u00e1rio ainda fez um desafio para quem postasse o melhor logotipo X, sua nova marca: &quot;Se um logotipo X bom o suficiente for postado hoje \u00e0 noite, iremos ao ar mundialmente amanh\u00e3&quot;. <\/p>\n<p>         3 de 4&#013;Empres\u00e1rio lan\u00e7ou um desafio para o melhor logotipo \u2014 Foto: Reprodu\u00e7\u00e3o Redes Sociais    <\/p>\n<p> Empres\u00e1rio lan\u00e7ou um desafio para o melhor logotipo \u2014 Foto: Reprodu\u00e7\u00e3o Redes Sociais <\/p>\n<p> Ap\u00f3s seis meses de negocia\u00e7\u00f5es, o bilion\u00e1rio Elon Musk comprou o Twitter em 27 de outubro de 2023. Desde ent\u00e3o, a rede social passou por uma s\u00e9rie de transforma\u00e7\u00f5es, recebeu cr\u00edticas, fez um corte severo no n\u00famero de funcion\u00e1rios e mudou algumas pol\u00edticas de uso da plataforma (tamb\u00e9m foi e voltou algumas vezes em decis\u00f5es). <\/p>\n<p> O bilion\u00e1rio postou uma foto sua, com a seguinte legenda: &quot;N\u00e3o tenho certeza de quais pistas sutis forneceram, mas gosto da letra X&quot;.  <\/p>\n<p>         4 de 4&#013;Tu\u00edte de Elon Musk sobre a nova marca da rede social \u2014 Foto: Reprodu\u00e7\u00e3o    <\/p>\n<p> Tu\u00edte de Elon Musk sobre a nova marca da rede social \u2014 Foto: Reprodu\u00e7\u00e3o <\/p>\n<p> <strong>LEIA TAMB\u00c9M:<\/strong> <\/p>\n<ul>\n<li><a class href=\"https:\/\/g1.globo.com\/tecnologia\/noticia\/2023\/07\/15\/musk-diz-que-twitter-perdeu-50percent-da-receita-de-publicidade-e-continua-com-caixa-negativo.ghtml\">Musk diz que Twitter perdeu 50% da receita de publicidade e continua com caixa negativo<\/a><\/li>\n<li><a class href=\"https:\/\/g1.globo.com\/tecnologia\/noticia\/2023\/07\/22\/threads-sofre-queda-de-70percent-no-engajamento-e-ve-numero-de-usuarios-ativos-despencar-diz-jornal.ghtml\">Threads sofre queda de 70% no engajamento e v\u00ea n\u00famero de usu\u00e1rios ativos despencar, diz jornal<\/a><\/li>\n<li><a class href=\"https:\/\/g1.globo.com\/tecnologia\/noticia\/2023\/07\/22\/a-inteligencia-artificial-vai-ser-adorada-como-um-deus.ghtml\">A Intelig\u00eancia Artificial vai ser adorada como um deus?<\/a><\/li>\n<\/ul>\n<ul>\n<li> <a href=\"https:\/\/g1.globo.com\/tudo-sobre\/twitter\/\" class=\"entities__list-itemLink\" data-track-click=\"Twitter\"> Twitter <\/a> <\/li>\n<\/ul>\n","protected":false},"excerpt":{"rendered":"<p>1 de 4&#013;Empres\u00e1rio Elon Musk diz que mudar\u00e1 a logo do Twitter \u2014 Foto: Reprodu\u00e7\u00e3o Redes Social Empres\u00e1rio Elon Musk diz que mudar\u00e1 a logo do Twitter \u2014 Foto: Reprodu\u00e7\u00e3o Redes Social O empres\u00e1rio Elon Musk comentou no Twitter, na manh\u00e3 deste domingo (23), que ir\u00e1 mudar a logo da rede social. Musk fez uma [&hellip;]<\/p>\n","protected":false},"author":1,"featured_media":0,"comment_status":"closed","ping_status":"closed","sticky":false,"template":"","format":"standard","meta":{"footnotes":""},"categories":[],"tags":[],"class_list":["post-51075","post","type-post","status-publish","format-standard","hentry"],"_links":{"self":[{"href":"https:\/\/blog.corretoraideal.com.br\/index.php\/wp-json\/wp\/v2\/posts\/51075","targetHints":{"allow":["GET"]}}],"collection":[{"href":"https:\/\/blog.corretoraideal.com.br\/index.php\/wp-json\/wp\/v2\/posts"}],"about":[{"href":"https:\/\/blog.corretoraideal.com.br\/index.php\/wp-json\/wp\/v2\/types\/post"}],"author":[{"embeddable":true,"href":"https:\/\/blog.corretoraideal.com.br\/index.php\/wp-json\/wp\/v2\/users\/1"}],"replies":[{"embeddable":true,"href":"https:\/\/blog.corretoraideal.com.br\/index.php\/wp-json\/wp\/v2\/comments?post=51075"}],"version-history":[{"count":1,"href":"https:\/\/blog.corretoraideal.com.br\/index.php\/wp-json\/wp\/v2\/posts\/51075\/revisions"}],"predecessor-version":[{"id":51077,"href":"https:\/\/blog.corretoraideal.com.br\/index.php\/wp-json\/wp\/v2\/posts\/51075\/revisions\/51077"}],"wp:attachment":[{"href":"https:\/\/blog.corretoraideal.com.br\/index.php\/wp-json\/wp\/v2\/media?parent=51075"}],"wp:term":[{"taxonomy":"category","embeddable":true,"href":"https:\/\/blog.corretoraideal.com.br\/index.php\/wp-json\/wp\/v2\/categories?post=51075"},{"taxonomy":"post_tag","embeddable":true,"href":"https:\/\/blog.corretoraideal.com.br\/index.php\/wp-json\/wp\/v2\/tags?post=51075"}],"curies":[{"name":"wp","href":"https:\/\/api.w.org\/{rel}","templated":true}]}}