{"id":51081,"date":"2023-07-23T23:29:44","date_gmt":"2023-07-23T23:29:44","guid":{"rendered":"https:\/\/blog.corretoraideal.com.br\/?p=51081"},"modified":"2023-07-23T23:29:44","modified_gmt":"2023-07-23T23:29:44","slug":"natividade-rj-lidera-o-ranking-de-casos-de-dengue-norte-fluminense-g1","status":"publish","type":"post","link":"https:\/\/blog.corretoraideal.com.br\/index.php\/2023\/07\/23\/natividade-rj-lidera-o-ranking-de-casos-de-dengue-norte-fluminense-g1\/","title":{"rendered":"Natividade (RJ) lidera o ranking de casos de dengue | Norte Fluminense | G1"},"content":{"rendered":"<p>                <img loading=\"lazy\" decoding=\"async\" class=\"aligncenter size-full wp-image-51083\" src=\"https:\/\/blog.corretoraideal.com.br\/wp-content\/uploads\/2023\/07\/natividade-lidera-o-ranking-de-casos-de-dengue-na-proporcao-de-casos.jpeg\" alt=\"Natividade lidera o ranking de casos de dengue, na propor\u00e7\u00e3o de casos\" width=\"800\" height=\"400\" \/>      <\/p>\n<p> Natividade lidera o ranking de casos de dengue, na propor\u00e7\u00e3o de casos <\/p>\n<p> A incid\u00eancia dos casos de dengue teve um aumento durante o inverno deste ano no estado do Rio de Janeiro. O aumento j\u00e1 chega a 300%, se comparado ao mesmo per\u00edodo do ano passado. <\/p>\n<p> Os dados s\u00e3o da Secretaria Estadual de Sa\u00fade, que analisou o per\u00edodo de 9 a 15 de julho e considerou os casos prov\u00e1veis &#8211; aqueles que s\u00e3o diagnosticados pelos sintomas. <\/p>\n<p>         1 de 1&#013;Mosquito Aedes aegypti; dengue \u2014 Foto: Divulga\u00e7\u00e3o\/SESA    <\/p>\n<p> Mosquito Aedes aegypti; dengue \u2014 Foto: Divulga\u00e7\u00e3o\/SESA <\/p>\n<p> Quem lidera o ranking de casos \u00e9 a capital fluminense, j\u00e1 foram mais de 16 mil desde o in\u00edcio do ano. J\u00e1 no inverno, foram pouco mais de 4 mil. No ano passado, os n\u00fameros ficaram em 978 casos. <\/p>\n<p> Apesar da Regi\u00e3o Metropolitana concentrar o maior n\u00famero de casos, o munic\u00edpio de <a class href=\"https:\/\/g1.globo.com\/rj\/norte-fluminense\/cidade\/natividade-rj\/\">Natividade<\/a>, no Noroeste Fluminense, tem a maior incid\u00eancia da doen\u00e7a por 100 mil habitantes. <\/p>\n<p> Em Natividade, o levantamento aponta 4.625 casos, ou seja, 2% dos \u00edndices do estado do Rio. Para uma popula\u00e7\u00e3o de pouco mais de 15 mil moradores, segundo o Censo do IBGE de 2022, o n\u00famero assusta. <\/p>\n<p> A prefeitura de Natividade, por meio da Secretaria Municipal de Sa\u00fade, informa que realiza o trabalho com o carro fumac\u00ea; visitas domiciliares di\u00e1rias; vistoria dos pontos estrat\u00e9gicos do munic\u00edpio semanalmente e a\u00e7\u00f5es de conscientiza\u00e7\u00f5es nas escolas do munic\u00edpio. <\/p>\n<p> Para especialistas, a situa\u00e7\u00e3o \u00e9 incomum, a dengue \u00e9 uma doen\u00e7a que se prolifera com mais intensidade nos meses mais quentes do ano. No inverno, o ciclo reprodutivo do mosquito da dengue fica mais lento, e, por isso, as a\u00e7\u00f5es de combate podem ter um impacto maior. <\/p>\n<p><h2><strong>Algumas medidas que podem ser tomadas:<\/strong><\/h2>\n<\/p>\n<ul>\n<li>Tampar reservat\u00f3rios;<\/li>\n<li>Limpar calhas e pratos de vasos de plantas;<\/li>\n<li>Manter garrafas, latas e recipientes virados para baixo;<\/li>\n<li>N\u00e3o acumular \u00e1gua parada.<\/li>\n<\/ul>\n<ul>\n<li> <a href=\"https:\/\/g1.globo.com\/rj\/norte-fluminense\/cidade\/natividade-rj\/\" class=\"entities__list-itemLink\" data-track-click=\"Natividade\"> Natividade <\/a> <\/li>\n<\/ul>\n","protected":false},"excerpt":{"rendered":"<p>Natividade lidera o ranking de casos de dengue, na propor\u00e7\u00e3o de casos A incid\u00eancia dos casos de dengue teve um aumento durante o inverno deste ano no estado do Rio de Janeiro. O aumento j\u00e1 chega a 300%, se comparado ao mesmo per\u00edodo do ano passado. Os dados s\u00e3o da Secretaria Estadual de Sa\u00fade, que [&hellip;]<\/p>\n","protected":false},"author":1,"featured_media":0,"comment_status":"closed","ping_status":"closed","sticky":false,"template":"","format":"standard","meta":{"footnotes":""},"categories":[],"tags":[],"class_list":["post-51081","post","type-post","status-publish","format-standard","hentry"],"_links":{"self":[{"href":"https:\/\/blog.corretoraideal.com.br\/index.php\/wp-json\/wp\/v2\/posts\/51081","targetHints":{"allow":["GET"]}}],"collection":[{"href":"https:\/\/blog.corretoraideal.com.br\/index.php\/wp-json\/wp\/v2\/posts"}],"about":[{"href":"https:\/\/blog.corretoraideal.com.br\/index.php\/wp-json\/wp\/v2\/types\/post"}],"author":[{"embeddable":true,"href":"https:\/\/blog.corretoraideal.com.br\/index.php\/wp-json\/wp\/v2\/users\/1"}],"replies":[{"embeddable":true,"href":"https:\/\/blog.corretoraideal.com.br\/index.php\/wp-json\/wp\/v2\/comments?post=51081"}],"version-history":[{"count":1,"href":"https:\/\/blog.corretoraideal.com.br\/index.php\/wp-json\/wp\/v2\/posts\/51081\/revisions"}],"predecessor-version":[{"id":51084,"href":"https:\/\/blog.corretoraideal.com.br\/index.php\/wp-json\/wp\/v2\/posts\/51081\/revisions\/51084"}],"wp:attachment":[{"href":"https:\/\/blog.corretoraideal.com.br\/index.php\/wp-json\/wp\/v2\/media?parent=51081"}],"wp:term":[{"taxonomy":"category","embeddable":true,"href":"https:\/\/blog.corretoraideal.com.br\/index.php\/wp-json\/wp\/v2\/categories?post=51081"},{"taxonomy":"post_tag","embeddable":true,"href":"https:\/\/blog.corretoraideal.com.br\/index.php\/wp-json\/wp\/v2\/tags?post=51081"}],"curies":[{"name":"wp","href":"https:\/\/api.w.org\/{rel}","templated":true}]}}