{"id":51085,"date":"2023-07-24T00:29:40","date_gmt":"2023-07-24T00:29:40","guid":{"rendered":"https:\/\/blog.corretoraideal.com.br\/?p=51085"},"modified":"2023-07-24T00:29:40","modified_gmt":"2023-07-24T00:29:40","slug":"idosa-e-resgatada-apos-cair-em-buraco-em-cachoeira-de-chapada-dos-guimaraes-turismo-e-viagem-g1","status":"publish","type":"post","link":"https:\/\/blog.corretoraideal.com.br\/index.php\/2023\/07\/24\/idosa-e-resgatada-apos-cair-em-buraco-em-cachoeira-de-chapada-dos-guimaraes-turismo-e-viagem-g1\/","title":{"rendered":"Idosa \u00e9 resgatada ap\u00f3s cair em buraco em cachoeira de Chapada dos Guimar\u00e3es | Turismo e Viagem | G1"},"content":{"rendered":"\n<p> O Corpo de Bombeiros Militar (CBMMT) foi acionado neste domingo (23) para atender uma ocorr\u00eancia no Circuito das Cachoeiras, no Parque Nacional de <a class href=\"https:\/\/g1.globo.com\/mt\/mato-grosso\/cidade\/chapada-dos-guimaraes\/\">Chapada dos Guimar\u00e3es<\/a>. Segundo informa\u00e7\u00f5es recebidas via Centro Integrado de Opera\u00e7\u00f5es de Seguran\u00e7a P\u00fablica (CIOSP), uma idosa sofreu um acidente ao cair em um buraco na Cachoeira das Andorinhas. <\/p>\n<p>         1 de 1&#013;Cachoeira das Andorinhas \u2014 Foto: Reprodu\u00e7\u00e3o    <\/p>\n<p> Cachoeira das Andorinhas \u2014 Foto: Reprodu\u00e7\u00e3o <\/p>\n<p> O acidente aconteceu durante um passeio na Cachoeira das Andorinhas, um dos pontos tur\u00edsticos mais visitados na regi\u00e3o de Chapada dos Guimar\u00e3es. A v\u00edtima, uma senhora de idade, escorregou em um degrau e acabou caindo em um buraco pr\u00f3ximo ao local. <\/p>\n<p> A Cachoeira das Andorinhas \u00e9 conhecida por suas belezas naturais exuberantes, mas tamb\u00e9m \u00e9 considerada uma \u00e1rea com riscos potenciais devido ao terreno acidentado e \u00e0s caracter\u00edsticas geogr\u00e1ficas da regi\u00e3o. Por esse motivo, a equipe do CBMMT enfrentou dificuldades para chegar at\u00e9 a v\u00edtima. <\/p>\n<p> Os bombeiros precisaram utilizar t\u00e9cnicas especiais para remov\u00ea-la do buraco com seguran\u00e7a e evitar maiores danos \u00e0 sa\u00fade da v\u00edtima. <\/p>\n<p> A reportagem ainda est\u00e1 em atualiza\u00e7\u00e3o. <\/p>\n<ul>\n<li> <a href=\"https:\/\/g1.globo.com\/mt\/mato-grosso\/cidade\/chapada-dos-guimaraes\/\" class=\"entities__list-itemLink\" data-track-click=\"Chapada dos Guimar\u00e3es\"> Chapada dos Guimar\u00e3es <\/a> <\/li>\n<\/ul>\n","protected":false},"excerpt":{"rendered":"<p>O Corpo de Bombeiros Militar (CBMMT) foi acionado neste domingo (23) para atender uma ocorr\u00eancia no Circuito das Cachoeiras, no Parque Nacional de Chapada dos Guimar\u00e3es. Segundo informa\u00e7\u00f5es recebidas via Centro Integrado de Opera\u00e7\u00f5es de Seguran\u00e7a P\u00fablica (CIOSP), uma idosa sofreu um acidente ao cair em um buraco na Cachoeira das Andorinhas. 1 de 1&#013;Cachoeira [&hellip;]<\/p>\n","protected":false},"author":1,"featured_media":0,"comment_status":"closed","ping_status":"closed","sticky":false,"template":"","format":"standard","meta":{"footnotes":""},"categories":[],"tags":[],"class_list":["post-51085","post","type-post","status-publish","format-standard","hentry"],"_links":{"self":[{"href":"https:\/\/blog.corretoraideal.com.br\/index.php\/wp-json\/wp\/v2\/posts\/51085","targetHints":{"allow":["GET"]}}],"collection":[{"href":"https:\/\/blog.corretoraideal.com.br\/index.php\/wp-json\/wp\/v2\/posts"}],"about":[{"href":"https:\/\/blog.corretoraideal.com.br\/index.php\/wp-json\/wp\/v2\/types\/post"}],"author":[{"embeddable":true,"href":"https:\/\/blog.corretoraideal.com.br\/index.php\/wp-json\/wp\/v2\/users\/1"}],"replies":[{"embeddable":true,"href":"https:\/\/blog.corretoraideal.com.br\/index.php\/wp-json\/wp\/v2\/comments?post=51085"}],"version-history":[{"count":1,"href":"https:\/\/blog.corretoraideal.com.br\/index.php\/wp-json\/wp\/v2\/posts\/51085\/revisions"}],"predecessor-version":[{"id":51087,"href":"https:\/\/blog.corretoraideal.com.br\/index.php\/wp-json\/wp\/v2\/posts\/51085\/revisions\/51087"}],"wp:attachment":[{"href":"https:\/\/blog.corretoraideal.com.br\/index.php\/wp-json\/wp\/v2\/media?parent=51085"}],"wp:term":[{"taxonomy":"category","embeddable":true,"href":"https:\/\/blog.corretoraideal.com.br\/index.php\/wp-json\/wp\/v2\/categories?post=51085"},{"taxonomy":"post_tag","embeddable":true,"href":"https:\/\/blog.corretoraideal.com.br\/index.php\/wp-json\/wp\/v2\/tags?post=51085"}],"curies":[{"name":"wp","href":"https:\/\/api.w.org\/{rel}","templated":true}]}}