{"id":51088,"date":"2023-07-24T01:29:46","date_gmt":"2023-07-24T01:29:46","guid":{"rendered":"https:\/\/blog.corretoraideal.com.br\/?p=51088"},"modified":"2023-07-24T01:29:46","modified_gmt":"2023-07-24T01:29:46","slug":"queimadas-destroem-grandes-areas-de-cerrado-no-maranhao-globo-rural-g1","status":"publish","type":"post","link":"https:\/\/blog.corretoraideal.com.br\/index.php\/2023\/07\/24\/queimadas-destroem-grandes-areas-de-cerrado-no-maranhao-globo-rural-g1\/","title":{"rendered":"Queimadas destroem grandes \u00e1reas de Cerrado no Maranh\u00e3o | Globo Rural | G1"},"content":{"rendered":"\n<p> O fogo est\u00e1 destruindo grandes \u00e1reas de Cerrado no Maranh\u00e3o este ano. <\/p>\n<p> At\u00e9 o dia 20 deste m\u00eas, o n\u00famero de focos de inc\u00eandio passava de 3.700, 17% a mais que no mesmo per\u00edodo de 2022. <\/p>\n<p> A maioria das ocorr\u00eancias est\u00e1 na regi\u00e3o Sul do estado, onde n\u00e3o chove h\u00e1 dois meses. Al\u00e9m de queimar a vegeta\u00e7\u00e3o nativa, o fogo amea\u00e7a \u00e1reas agr\u00edcolas. <\/p>\n<p> <strong>Confira a reportagem completa no v\u00eddeo acima.<\/strong> <\/p>\n<p>   <a href=\"https:\/\/g1.globo.com\/economia\/agronegocios\/globo-rural\/videos-globo-rural\/playlist\/videos-mais-assistidos-do-globo-rural.ghtml\">    50 v\u00eddeos      <\/a>   <\/p>\n<ul> <\/ul>\n","protected":false},"excerpt":{"rendered":"<p>O fogo est\u00e1 destruindo grandes \u00e1reas de Cerrado no Maranh\u00e3o este ano. At\u00e9 o dia 20 deste m\u00eas, o n\u00famero de focos de inc\u00eandio passava de 3.700, 17% a mais que no mesmo per\u00edodo de 2022. A maioria das ocorr\u00eancias est\u00e1 na regi\u00e3o Sul do estado, onde n\u00e3o chove h\u00e1 dois meses. Al\u00e9m de queimar [&hellip;]<\/p>\n","protected":false},"author":1,"featured_media":0,"comment_status":"closed","ping_status":"closed","sticky":false,"template":"","format":"standard","meta":{"footnotes":""},"categories":[],"tags":[],"class_list":["post-51088","post","type-post","status-publish","format-standard","hentry"],"_links":{"self":[{"href":"https:\/\/blog.corretoraideal.com.br\/index.php\/wp-json\/wp\/v2\/posts\/51088","targetHints":{"allow":["GET"]}}],"collection":[{"href":"https:\/\/blog.corretoraideal.com.br\/index.php\/wp-json\/wp\/v2\/posts"}],"about":[{"href":"https:\/\/blog.corretoraideal.com.br\/index.php\/wp-json\/wp\/v2\/types\/post"}],"author":[{"embeddable":true,"href":"https:\/\/blog.corretoraideal.com.br\/index.php\/wp-json\/wp\/v2\/users\/1"}],"replies":[{"embeddable":true,"href":"https:\/\/blog.corretoraideal.com.br\/index.php\/wp-json\/wp\/v2\/comments?post=51088"}],"version-history":[{"count":1,"href":"https:\/\/blog.corretoraideal.com.br\/index.php\/wp-json\/wp\/v2\/posts\/51088\/revisions"}],"predecessor-version":[{"id":51090,"href":"https:\/\/blog.corretoraideal.com.br\/index.php\/wp-json\/wp\/v2\/posts\/51088\/revisions\/51090"}],"wp:attachment":[{"href":"https:\/\/blog.corretoraideal.com.br\/index.php\/wp-json\/wp\/v2\/media?parent=51088"}],"wp:term":[{"taxonomy":"category","embeddable":true,"href":"https:\/\/blog.corretoraideal.com.br\/index.php\/wp-json\/wp\/v2\/categories?post=51088"},{"taxonomy":"post_tag","embeddable":true,"href":"https:\/\/blog.corretoraideal.com.br\/index.php\/wp-json\/wp\/v2\/tags?post=51088"}],"curies":[{"name":"wp","href":"https:\/\/api.w.org\/{rel}","templated":true}]}}