{"id":51102,"date":"2023-07-24T12:30:31","date_gmt":"2023-07-24T12:30:31","guid":{"rendered":"https:\/\/blog.corretoraideal.com.br\/?p=51102"},"modified":"2023-07-24T12:30:31","modified_gmt":"2023-07-24T12:30:31","slug":"por-que-elon-musk-resolveu-trocar-logo-do-twitter-por-x-mundo-g1","status":"publish","type":"post","link":"https:\/\/blog.corretoraideal.com.br\/index.php\/2023\/07\/24\/por-que-elon-musk-resolveu-trocar-logo-do-twitter-por-x-mundo-g1\/","title":{"rendered":"Por que Elon Musk resolveu trocar logo do Twitter por &#039;X&#039;? | Mundo | G1"},"content":{"rendered":"<p>      1 de 1&#013;P\u00e1gina de Elon Musk com o novo logo \u2014 Foto: GETTY IMAGES    <\/p>\n<p> P\u00e1gina de Elon Musk com o novo logo \u2014 Foto: GETTY IMAGES <\/p>\n<p> A CEO do Twitter, Linda Yaccarino, revelou o novo logo da plataforma de rede social \u2014 um X branco sobre um fundo preto \u2014 que vai substituir o ic\u00f4nico p\u00e1ssaro-azul. <\/p>\n<p> Em um tu\u00edte na manh\u00e3 desta segunda-feira (24), Yaccarino anunciou: &quot;O X est\u00e1 aqui!&quot; <\/p>\n<p> A forma de se referir aos &quot;tu\u00edtes&quot; tamb\u00e9m ser\u00e1 substitu\u00edda, de acordo com o propriet\u00e1rio da plataforma, Elon Musk, e as postagens ser\u00e3o chamadas de &quot;Xs&quot;. <\/p>\n<p> Musk mudou sua foto de perfil, colocando a imagem do novo logo, e adicionou &quot;X.com&quot; \u00e0 sua bio no Twitter. <\/p>\n<p> O empres\u00e1rio quer criar um &quot;superaplicativo&quot; chamado &quot;X&quot; \u2014 um novo tipo de plataforma de rede social que ele vem falando em criar h\u00e1 meses. <\/p>\n<p> No domingo (23), o bilion\u00e1rio havia afirmado, pela plataforma, que queria mudar o s\u00edmbolo do Twitter. &quot;Em breve, daremos adeus \u00e0 marca Twitter e, gradualmente, a todos os p\u00e1ssaros&quot;, tuitou. <\/p>\n<p> Depois, ele compartilhou uma foto da nova marca &quot;X&quot; projetada na lateral da sede do Twitter em San Francisco, nos EUA. <\/p>\n<p> Musk, que mudou o nome da empresa para X Corp, disse que a troca &quot;deveria ter sido feita h\u00e1 muito tempo&quot;. <\/p>\n<p> Ele postou uma imagem de um &quot;X&quot; cintilante no Twitter e, mais tarde, em um chat de \u00e1udio no Twitter Spaces, respondeu &quot;sim&quot; quando perguntado se o logo do Twitter mudaria. <\/p>\n<p> Yaccarino escreveu na plataforma que a reformula\u00e7\u00e3o da marca era uma nova oportunidade empolgante. <\/p>\n<p>&quot;O Twitter causou uma grande impress\u00e3o e mudou a forma como nos comunicamos&quot;, ela tuitou. &quot;Agora, o X vai mais longe, transformando a pra\u00e7a da cidade global.&quot;<\/p>\n<p> O p\u00e1ssaro azul se chama Larry, o que o cofundador do Twitter, Biz Stone, disse, em 2011, ser uma homenagem ao astro do basquete e lenda do Boston Celtics, Larry Bird. <\/p>\n<p><h2>Os superaplicativos<\/h2>\n<\/p>\n<p> Para algumas pessoas na \u00c1sia, superaplicativo, incluindo o PayTM da \u00cdndia e o GoJek da Indon\u00e9sia, t\u00eam sido uma parte vital da vida cotidiana nos \u00faltimos anos, com seus sistemas de pagamento digital. <\/p>\n<p> Os aplicativos permitem que os usu\u00e1rios paguem por servi\u00e7os por meio de um sistema financeiro. <\/p>\n<p> O WeChat \u00e9 uma plataforma de troca de mensagens e rede social que evoluiu para um dos maiores aplicativos da regi\u00e3o em termos de variedade de servi\u00e7os e n\u00famero de usu\u00e1rios. <\/p>\n<p> No ano passado, estima-se que havia 1,29 bilh\u00e3o de usu\u00e1rios s\u00f3 na China. <\/p>\n<p> O site do Twitter diz que seu logotipo, um p\u00e1ssaro azul, \u00e9 &quot;nosso ativo mais reconhecido&quot;. &quot;\u00c9 por isso que o protegemos tanto&quot;, acrescenta. <\/p>\n<p> A empresa substituiu temporariamente o logo em abril pelo cachorro da ra\u00e7a Shiba Inu, da Dogecoin, ajudando a aumentar o valor de mercado da criptomoeda, que faz refer\u00eancia a um popular meme do cachorro japon\u00eas. <\/p>\n<p> Mais tarde, Musk foi acusado de insider trading por um grupo de investidores da Dogecoin, que alegou que ele havia lucrado ao aumentar o valor da criptomoeda. <\/p>\n<p> No in\u00edcio deste m\u00eas, a empresa foi criticada por usu\u00e1rios e profissionais de marketing quando Musk anunciou que haveria um limite no n\u00famero de tu\u00edtes que v\u00e1rios tipos de contas podem ler por dia. <\/p>\n<p> Os limites di\u00e1rios contribu\u00edram para o crescimento da plataforma concorrente Threads, de propriedade da Meta, que teve mais de 100 milh\u00f5es de contas cadastradas em cinco dias de lan\u00e7amento. <\/p>\n<p> A pol\u00eamica mais recente envolvendo o Twitter foi uma a\u00e7\u00e3o judicial aberta na \u00faltima ter\u00e7a-feira, alegando que a empresa deve pelo menos US$ 500 milh\u00f5es em indeniza\u00e7\u00f5es a ex-funcion\u00e1rios. <\/p>\n<p> Desde que Musk comprou a plataforma, a companhia demitiu mais da metade de sua for\u00e7a de trabalho. <\/p>\n<ul> <\/ul>\n","protected":false},"excerpt":{"rendered":"<p>1 de 1&#013;P\u00e1gina de Elon Musk com o novo logo \u2014 Foto: GETTY IMAGES P\u00e1gina de Elon Musk com o novo logo \u2014 Foto: GETTY IMAGES A CEO do Twitter, Linda Yaccarino, revelou o novo logo da plataforma de rede social \u2014 um X branco sobre um fundo preto \u2014 que vai substituir o ic\u00f4nico [&hellip;]<\/p>\n","protected":false},"author":1,"featured_media":0,"comment_status":"closed","ping_status":"closed","sticky":false,"template":"","format":"standard","meta":{"footnotes":""},"categories":[],"tags":[],"class_list":["post-51102","post","type-post","status-publish","format-standard","hentry"],"_links":{"self":[{"href":"https:\/\/blog.corretoraideal.com.br\/index.php\/wp-json\/wp\/v2\/posts\/51102","targetHints":{"allow":["GET"]}}],"collection":[{"href":"https:\/\/blog.corretoraideal.com.br\/index.php\/wp-json\/wp\/v2\/posts"}],"about":[{"href":"https:\/\/blog.corretoraideal.com.br\/index.php\/wp-json\/wp\/v2\/types\/post"}],"author":[{"embeddable":true,"href":"https:\/\/blog.corretoraideal.com.br\/index.php\/wp-json\/wp\/v2\/users\/1"}],"replies":[{"embeddable":true,"href":"https:\/\/blog.corretoraideal.com.br\/index.php\/wp-json\/wp\/v2\/comments?post=51102"}],"version-history":[{"count":1,"href":"https:\/\/blog.corretoraideal.com.br\/index.php\/wp-json\/wp\/v2\/posts\/51102\/revisions"}],"predecessor-version":[{"id":51104,"href":"https:\/\/blog.corretoraideal.com.br\/index.php\/wp-json\/wp\/v2\/posts\/51102\/revisions\/51104"}],"wp:attachment":[{"href":"https:\/\/blog.corretoraideal.com.br\/index.php\/wp-json\/wp\/v2\/media?parent=51102"}],"wp:term":[{"taxonomy":"category","embeddable":true,"href":"https:\/\/blog.corretoraideal.com.br\/index.php\/wp-json\/wp\/v2\/categories?post=51102"},{"taxonomy":"post_tag","embeddable":true,"href":"https:\/\/blog.corretoraideal.com.br\/index.php\/wp-json\/wp\/v2\/tags?post=51102"}],"curies":[{"name":"wp","href":"https:\/\/api.w.org\/{rel}","templated":true}]}}