{"id":51105,"date":"2023-07-24T14:31:16","date_gmt":"2023-07-24T14:31:16","guid":{"rendered":"https:\/\/blog.corretoraideal.com.br\/?p=51105"},"modified":"2023-07-24T14:31:16","modified_gmt":"2023-07-24T14:31:16","slug":"ex-governador-garotinho-tem-alta-do-hospital-em-campos-no-rj-norte-fluminense-g1","status":"publish","type":"post","link":"https:\/\/blog.corretoraideal.com.br\/index.php\/2023\/07\/24\/ex-governador-garotinho-tem-alta-do-hospital-em-campos-no-rj-norte-fluminense-g1\/","title":{"rendered":"Ex-governador Garotinho tem alta do hospital em Campos, no RJ | Norte Fluminense | G1"},"content":{"rendered":"<p>      1 de 3&#013;Garotinho recebe alta do hospital e vai seguir com tratamento em casa \u2014 Foto: Reprodu\u00e7\u00e3o redes sociais    <\/p>\n<p> Garotinho recebe alta do hospital e vai seguir com tratamento em casa \u2014 Foto: Reprodu\u00e7\u00e3o redes sociais <\/p>\n<p> O ex-governador Rio de Janeiro, Anthony Garotinho (Uni\u00e3o Brasil), de 63 anos, teve alta do hospital em <a class href=\"https:\/\/g1.globo.com\/rj\/norte-fluminense\/cidade\/campos-dos-goytacazes\/\">Campos dos Goytacazes<\/a>, no Norte Fluminense, e vai seguir com o tratamento contra a pneumonia em casa. <\/p>\n<p> A informa\u00e7\u00e3o foi divulgada na rede social do pol\u00edtico na manh\u00e3 desta segunda-feira (24). Garotinho foi liberado do hospital ap\u00f3s ser submetido a exames. <\/p>\n<p> &quot;Ap\u00f3s avaliar os exames laboratoriais e as imagens da tomografia, os m\u00e9dicos conclu\u00edram que devo seguir o tratamento da pneumonia em casa, por\u00e9m com acompanhamento de uma equipe de suporte que vai administrar a medi\u00e7\u00e3o venosa&quot;, diz texto da postagem. <\/p>\n<p> Garotinho agradeceu o apoio da equipe m\u00e9dica, dos amigos, da fam\u00edlia e, em especial, da mulher, Rosinha Garotinho. <\/p>\n<p>         2 de 3&#013;Ex-governador do Rio postou foto ao lado de Rosinha dentro do hospital que est\u00e1 internado em Campos \u2014 Foto: ,Anthony Garotinho\/Rede social    <\/p>\n<p> Ex-governador do Rio postou foto ao lado de Rosinha dentro do hospital que est\u00e1 internado em Campos \u2014 Foto: ,Anthony Garotinho\/Rede social <\/p>\n<p> Garotinho <a class href=\"https:\/\/g1.globo.com\/rj\/norte-fluminense\/noticia\/2023\/07\/21\/ex-governador-do-rio-garotinho-e-internado-em-campos.ghtml\">foi internado no Hospital da Unimed na manh\u00e3 de sexta-feira (21)<\/a> depois que o quadro de pneumonia, que tratava em casa, piorou. No s\u00e1bado (22), Garotinho tamb\u00e9m<a class href=\"https:\/\/g1.globo.com\/rj\/norte-fluminense\/noticia\/2023\/07\/22\/garotinho-segue-internado-com-pneumonia-em-campos-e-fara-nova-avaliacao-neste-domingo.ghtml\"> postou das redes sociais a previs\u00e3o de continuar com o tratamento em casa <\/a>dependendo da avalia\u00e7\u00e3o dos m\u00e9dicos no domingo. <\/p>\n<p>         3 de 3&#013;Anthony Garotinho segue internado em um hospital particular em Campos \u2014 Foto: Marcos Serra Lima\/ G1    <\/p>\n<p> Anthony Garotinho segue internado em um hospital particular em Campos \u2014 Foto: Marcos Serra Lima\/ G1 <\/p>\n<p> &quot;Na quinta-feira dei entrada com 50% do pulm\u00e3o direito comprometido. Agrade\u00e7o a Deus, a todas as mensagens de carinho que tenho recebido, aos funcion\u00e1rios da Unimed, aos m\u00e9dicos Dr. Alexandre S\u00e1, que me acompanham e, ao Dr. Ricardo Madeira, que me internou e \u00e9 um amigo de muitos anos&quot;, disse Garotinho. <\/p>\n<ul>\n<li> <a href=\"https:\/\/g1.globo.com\/rj\/norte-fluminense\/cidade\/campos-dos-goytacazes\/\" class=\"entities__list-itemLink\" data-track-click=\"Campos dos Goytacazes\"> Campos dos Goytacazes <\/a> <\/li>\n<\/ul>\n","protected":false},"excerpt":{"rendered":"<p>1 de 3&#013;Garotinho recebe alta do hospital e vai seguir com tratamento em casa \u2014 Foto: Reprodu\u00e7\u00e3o redes sociais Garotinho recebe alta do hospital e vai seguir com tratamento em casa \u2014 Foto: Reprodu\u00e7\u00e3o redes sociais O ex-governador Rio de Janeiro, Anthony Garotinho (Uni\u00e3o Brasil), de 63 anos, teve alta do hospital em Campos dos [&hellip;]<\/p>\n","protected":false},"author":1,"featured_media":0,"comment_status":"closed","ping_status":"closed","sticky":false,"template":"","format":"standard","meta":{"footnotes":""},"categories":[],"tags":[],"class_list":["post-51105","post","type-post","status-publish","format-standard","hentry"],"_links":{"self":[{"href":"https:\/\/blog.corretoraideal.com.br\/index.php\/wp-json\/wp\/v2\/posts\/51105","targetHints":{"allow":["GET"]}}],"collection":[{"href":"https:\/\/blog.corretoraideal.com.br\/index.php\/wp-json\/wp\/v2\/posts"}],"about":[{"href":"https:\/\/blog.corretoraideal.com.br\/index.php\/wp-json\/wp\/v2\/types\/post"}],"author":[{"embeddable":true,"href":"https:\/\/blog.corretoraideal.com.br\/index.php\/wp-json\/wp\/v2\/users\/1"}],"replies":[{"embeddable":true,"href":"https:\/\/blog.corretoraideal.com.br\/index.php\/wp-json\/wp\/v2\/comments?post=51105"}],"version-history":[{"count":1,"href":"https:\/\/blog.corretoraideal.com.br\/index.php\/wp-json\/wp\/v2\/posts\/51105\/revisions"}],"predecessor-version":[{"id":51107,"href":"https:\/\/blog.corretoraideal.com.br\/index.php\/wp-json\/wp\/v2\/posts\/51105\/revisions\/51107"}],"wp:attachment":[{"href":"https:\/\/blog.corretoraideal.com.br\/index.php\/wp-json\/wp\/v2\/media?parent=51105"}],"wp:term":[{"taxonomy":"category","embeddable":true,"href":"https:\/\/blog.corretoraideal.com.br\/index.php\/wp-json\/wp\/v2\/categories?post=51105"},{"taxonomy":"post_tag","embeddable":true,"href":"https:\/\/blog.corretoraideal.com.br\/index.php\/wp-json\/wp\/v2\/tags?post=51105"}],"curies":[{"name":"wp","href":"https:\/\/api.w.org\/{rel}","templated":true}]}}