{"id":51108,"date":"2023-07-24T16:30:36","date_gmt":"2023-07-24T16:30:36","guid":{"rendered":"https:\/\/blog.corretoraideal.com.br\/?p=51108"},"modified":"2023-07-24T16:30:36","modified_gmt":"2023-07-24T16:30:36","slug":"fim-dos-juros-sobre-capital-proprio-esta-entre-medidas-de-ajuste-do-orcamento-2024-diz-haddad-economia-g1","status":"publish","type":"post","link":"https:\/\/blog.corretoraideal.com.br\/index.php\/2023\/07\/24\/fim-dos-juros-sobre-capital-proprio-esta-entre-medidas-de-ajuste-do-orcamento-2024-diz-haddad-economia-g1\/","title":{"rendered":"Fim dos juros sobre capital pr\u00f3prio est\u00e1 entre medidas de ajuste do Or\u00e7amento 2024, diz Haddad | Economia | G1"},"content":{"rendered":"\n<p> O ministro da Fazenda, Fernando Haddad, confirmou nesta segunda-feira (24) que vai propor o <a class href=\"https:\/\/g1.globo.com\/economia\/noticia\/2023\/04\/24\/haddad-ve-abuso-de-empresas-no-uso-de-regime-para-evitar-imposto-de-renda-e-avalia-medidas.ghtml\">fim dos juros sobre capital pr\u00f3prio<\/a> como uma das medidas &quot;saneadoras&quot; para tentar aumentar a arrecada\u00e7\u00e3o e ajudar a equilibrar o or\u00e7amento de 2024. <\/p>\n<p> &quot;\u00c9 uma das medidas que est\u00e1 sendo elaborada pela Fazenda&quot;, afirmou, ap\u00f3s ser questionado por jornalistas. <\/p>\n<p> Com base no arcabou\u00e7o fiscal, a nova regra para as contas p\u00fablicas, o governo federal tenta elevar a arrecada\u00e7\u00e3o para zerar o d\u00e9ficit das contas p\u00fablicas j\u00e1 em 2024. <\/p>\n<p> Haddad deu a informa\u00e7\u00e3o ap\u00f3s reuni\u00e3o com o vice-presidente e ministro do Desenvolvimento, Geraldo Alckmin, no Pal\u00e1cio do Planalto. <\/p>\n<p>                   <img loading=\"lazy\" decoding=\"async\" class=\"aligncenter size-full wp-image-51110\" src=\"https:\/\/blog.corretoraideal.com.br\/wp-content\/uploads\/2023\/07\/haddad-e-tebet-vao-ao-senado-discutir-o-arcabouco-fiscal.jpeg\" alt=\"Haddad e Tebet v\u00e3o ao Senado discutir o arcabou\u00e7o fiscal\" width=\"800\" height=\"400\" \/>      <\/p>\n<p> Haddad e Tebet v\u00e3o ao Senado discutir o arcabou\u00e7o fiscal <\/p>\n<p><h2>O que significa a medida?<\/h2>\n<\/p>\n<p> Os juros sobre capital pr\u00f3prio consistem em uma forma de distribui\u00e7\u00e3o dos lucros de uma empresa de capital aberto (que tem a\u00e7\u00f5es na bolsa) aos seus acionistas. <\/p>\n<p> Atualmente, as empresas s\u00e3o isentas e h\u00e1 incid\u00eancia do IR de 15% quando os recursos s\u00e3o depositados nas contas dos acionistas. <\/p>\n<p> Em abril deste ano, o <a class href=\"https:\/\/g1.globo.com\/economia\/noticia\/2023\/04\/24\/haddad-ve-abuso-de-empresas-no-uso-de-regime-para-evitar-imposto-de-renda-e-avalia-medidas.ghtml\">ministro j\u00e1 tinha dito que o regime de juros sobre capital pr\u00f3prio estava na mira do governo federal. <\/a>Na ocasi\u00e3o, Haddad afirmou que havia empresas manobrando &quot;artificialmente&quot; para transformar lucros obtidos em juros sobre capital pr\u00f3prio. <\/p>\n<p> &quot;T\u00eam empresas, para voc\u00ea ter uma ideia, que n\u00e3o est\u00e3o tendo mais lucro. T\u00eam empresas muito rent\u00e1veis que n\u00e3o declaram lucro e, portanto, n\u00e3o pagam Imposto de Renda Pessoa Jur\u00eddica. O que elas fizeram? Transformaram lucro artificialmente em juros sobre capital pr\u00f3prio. N\u00e3o pagam nem como pessoa jur\u00eddica e nem como pessoa f\u00edsica&quot;, acrescentou Haddad, em abril. <\/p>\n<p> O fim do regime dos juros sobre capital pr\u00f3prio <a class href=\"https:\/\/g1.globo.com\/economia\/noticia\/2021\/06\/25\/reforma-do-ir-governo-propoe-reduzir-tributacao-de-empresas-e-taxar-lucros-e-dividendos.ghtml\">j\u00e1 tinha sido proposto anteriormente pelo ex-ministro da Economia, Paulo Guedes<\/a>, durante a gest\u00e3o do presidente Jair Bolsonaro. <\/p>\n<p> Em 2021, a Receita Federal informou que esse regime foi criado quando era dif\u00edcil ter acesso a cr\u00e9dito e as empresas precisavam se autofinanciar com recursos dos s\u00f3cios. <\/p>\n<ul> <\/ul>\n","protected":false},"excerpt":{"rendered":"<p>O ministro da Fazenda, Fernando Haddad, confirmou nesta segunda-feira (24) que vai propor o fim dos juros sobre capital pr\u00f3prio como uma das medidas &quot;saneadoras&quot; para tentar aumentar a arrecada\u00e7\u00e3o e ajudar a equilibrar o or\u00e7amento de 2024. &quot;\u00c9 uma das medidas que est\u00e1 sendo elaborada pela Fazenda&quot;, afirmou, ap\u00f3s ser questionado por jornalistas. Com [&hellip;]<\/p>\n","protected":false},"author":1,"featured_media":0,"comment_status":"closed","ping_status":"closed","sticky":false,"template":"","format":"standard","meta":{"footnotes":""},"categories":[],"tags":[],"class_list":["post-51108","post","type-post","status-publish","format-standard","hentry"],"_links":{"self":[{"href":"https:\/\/blog.corretoraideal.com.br\/index.php\/wp-json\/wp\/v2\/posts\/51108","targetHints":{"allow":["GET"]}}],"collection":[{"href":"https:\/\/blog.corretoraideal.com.br\/index.php\/wp-json\/wp\/v2\/posts"}],"about":[{"href":"https:\/\/blog.corretoraideal.com.br\/index.php\/wp-json\/wp\/v2\/types\/post"}],"author":[{"embeddable":true,"href":"https:\/\/blog.corretoraideal.com.br\/index.php\/wp-json\/wp\/v2\/users\/1"}],"replies":[{"embeddable":true,"href":"https:\/\/blog.corretoraideal.com.br\/index.php\/wp-json\/wp\/v2\/comments?post=51108"}],"version-history":[{"count":1,"href":"https:\/\/blog.corretoraideal.com.br\/index.php\/wp-json\/wp\/v2\/posts\/51108\/revisions"}],"predecessor-version":[{"id":51111,"href":"https:\/\/blog.corretoraideal.com.br\/index.php\/wp-json\/wp\/v2\/posts\/51108\/revisions\/51111"}],"wp:attachment":[{"href":"https:\/\/blog.corretoraideal.com.br\/index.php\/wp-json\/wp\/v2\/media?parent=51108"}],"wp:term":[{"taxonomy":"category","embeddable":true,"href":"https:\/\/blog.corretoraideal.com.br\/index.php\/wp-json\/wp\/v2\/categories?post=51108"},{"taxonomy":"post_tag","embeddable":true,"href":"https:\/\/blog.corretoraideal.com.br\/index.php\/wp-json\/wp\/v2\/tags?post=51108"}],"curies":[{"name":"wp","href":"https:\/\/api.w.org\/{rel}","templated":true}]}}