{"id":51112,"date":"2023-07-24T17:34:24","date_gmt":"2023-07-24T17:34:24","guid":{"rendered":"https:\/\/blog.corretoraideal.com.br\/?p=51112"},"modified":"2023-07-24T17:34:24","modified_gmt":"2023-07-24T17:34:24","slug":"x-de-xuxa-novo-logo-do-twitter-vira-meme-nas-redes-sociais-tecnologia-g1","status":"publish","type":"post","link":"https:\/\/blog.corretoraideal.com.br\/index.php\/2023\/07\/24\/x-de-xuxa-novo-logo-do-twitter-vira-meme-nas-redes-sociais-tecnologia-g1\/","title":{"rendered":"X de Xuxa? Novo logo do Twitter vira meme nas redes sociais | Tecnologia | G1"},"content":{"rendered":"<p>      1 de 9&#013;Captura de tela da p\u00e1gina oficial do Twitter com um &#034;X&#034; \u2014 Foto: Reuters    <\/p>\n<p> Captura de tela da p\u00e1gina oficial do Twitter com um &#034;X&#034; \u2014 Foto: Reuters <\/p>\n<p> Ap\u00f3s o bilion\u00e1rio Elon Musk trocar o logo do <a class href=\"https:\/\/g1.globo.com\/tudo-sobre\/twitter\/\">Twitter<\/a> nesta segunda-feira (24), as pessoas usaram as redes sociais para criar memes com o s\u00edmbolo. <\/p>\n<p> A nova identidade visual da plataforma <a class href=\"https:\/\/g1.globo.com\/tecnologia\/noticia\/2023\/07\/24\/novo-logo-do-twitter-e-revelado.ghtml\">\u00e9 um grande &quot;X&quot; em linhas brancas com fundo preto<\/a>. A mudan\u00e7a aconteceu um dia ap\u00f3s o empres\u00e1rio fazer uma s\u00e9rie de postagens com a letra X e ainda pedir que os usu\u00e1rios da rede mudassem a cor padr\u00e3o da plataforma para preto. <\/p>\n<p> Os memes comparam o s\u00edmbolo com o logotipo de diversas marcas, como o da Caixa Econ\u00f4mica ou do programa da Xuxa <strong>(veja publica\u00e7\u00f5es abaixo)<\/strong>. Os usu\u00e1rios tamb\u00e9m homenagearam o antigo logo do Twitter, o p\u00e1ssaro azul. O s\u00edmbolo era usado desde que a rede social foi criada, em mar\u00e7o de 2006. <\/p>\n<p><h2>Veja os memes com o s\u00edmbolo X<\/h2>\n<\/p>\n<p>         2 de 9&#013;Meme com novo s\u00edmbolo do Twitter \u2014 Foto: Reprodu\u00e7\u00e3o\/Twitter    <\/p>\n<p> Meme com novo s\u00edmbolo do Twitter \u2014 Foto: Reprodu\u00e7\u00e3o\/Twitter <\/p>\n<p>         3 de 9&#013;Meme com novo s\u00edmbolo do Twitter \u2014 Foto: Reprodu\u00e7\u00e3o\/Twitter    <\/p>\n<p> Meme com novo s\u00edmbolo do Twitter \u2014 Foto: Reprodu\u00e7\u00e3o\/Twitter <\/p>\n<p>         4 de 9&#013;Meme com novo s\u00edmbolo do Twitter \u2014 Foto: Reprodu\u00e7\u00e3o\/Twitter    <\/p>\n<p> Meme com novo s\u00edmbolo do Twitter \u2014 Foto: Reprodu\u00e7\u00e3o\/Twitter <\/p>\n<p>         5 de 9&#013;Meme com novo s\u00edmbolo do Twitter \u2014 Foto: Reprodu\u00e7\u00e3o\/Twitter    <\/p>\n<p> Meme com novo s\u00edmbolo do Twitter \u2014 Foto: Reprodu\u00e7\u00e3o\/Twitter <\/p>\n<p>         6 de 9&#013;Meme com novo s\u00edmbolo do Twitter \u2014 Foto: Reprodu\u00e7\u00e3o\/Twitter    <\/p>\n<p> Meme com novo s\u00edmbolo do Twitter \u2014 Foto: Reprodu\u00e7\u00e3o\/Twitter <\/p>\n<p>         7 de 9&#013;Meme com novo s\u00edmbolo do Twitter \u2014 Foto: Reprodu\u00e7\u00e3o\/Twitter    <\/p>\n<p> Meme com novo s\u00edmbolo do Twitter \u2014 Foto: Reprodu\u00e7\u00e3o\/Twitter <\/p>\n<p>         8 de 9&#013;Meme com novo s\u00edmbolo do Twitter \u2014 Foto: Reprodu\u00e7\u00e3o\/Twitter    <\/p>\n<p> Meme com novo s\u00edmbolo do Twitter \u2014 Foto: Reprodu\u00e7\u00e3o\/Twitter <\/p>\n<p>         9 de 9&#013;Meme com novo s\u00edmbolo do Twitter \u2014 Foto: Reprodu\u00e7\u00e3o\/Twitter    <\/p>\n<p> Meme com novo s\u00edmbolo do Twitter \u2014 Foto: Reprodu\u00e7\u00e3o\/Twitter <\/p>\n<p>                   <img loading=\"lazy\" decoding=\"async\" class=\"aligncenter size-full wp-image-51114\" src=\"https:\/\/blog.corretoraideal.com.br\/wp-content\/uploads\/2023\/07\/quem-e-elon-musk-bilionario-eleito.jpeg\" alt=\"Quem \u00e9 Elon Musk, bilion\u00e1rio eleito \" width=\"800\" height=\"400\" \/>      <\/p>\n<p> Quem \u00e9 Elon Musk, bilion\u00e1rio eleito &#8216;Personalidade do Ano&#8217; pela revista &#8216;Time&#8217; <\/p>\n<p> <strong>LEIA TAMB\u00c9M:<\/strong> <\/p>\n<ul>\n<li><a class href=\"https:\/\/g1.globo.com\/tecnologia\/noticia\/2023\/07\/22\/threads-sofre-queda-de-70percent-no-engajamento-e-ve-numero-de-usuarios-ativos-despencar-diz-jornal.ghtml#G1-TECNOLOGIA-FEED-user,rec-top,73b648c8-650e-49f2-a83d-6580f938e145\">Threads sofre queda de 70% no engajamento e v\u00ea n\u00famero de usu\u00e1rios ativos despencar<\/a><\/li>\n<li><a class href=\"https:\/\/g1.globo.com\/tecnologia\/noticia\/2023\/07\/17\/world-emoji-awards-emoji-mais-representativo-de-2023.ghtml#G1-TECNOLOGIA-FEED-user,rec-top,73b648c8-650e-49f2-a83d-6580f938e145\">Emoji ? (carinha derretendo) \u00e9 eleito o mais representativo de 2023<\/a><\/li>\n<li><a class href=\"https:\/\/g1.globo.com\/tecnologia\/noticia\/2023\/07\/15\/musk-diz-que-twitter-perdeu-50percent-da-receita-de-publicidade-e-continua-com-caixa-negativo.ghtml#G1-TECNOLOGIA-FEED-user,rec-top,73b648c8-650e-49f2-a83d-6580f938e145\">Musk diz que Twitter perdeu 50% da receita de publicidade e continua com caixa negativo<\/a><\/li>\n<\/ul>\n<ul>\n<li> <a href=\"https:\/\/g1.globo.com\/sp\/sao-jose-do-rio-preto-aracatuba\/cidade\/sao-jose-do-rio-preto\/\" class=\"entities__list-itemLink\" data-track-click=\"S\u00e3o Jos\u00e9 do Rio Preto\"> S\u00e3o Jos\u00e9 do Rio Preto <\/a> <\/li>\n<li> <a href=\"https:\/\/g1.globo.com\/tudo-sobre\/twitter\/\" class=\"entities__list-itemLink\" data-track-click=\"Twitter\"> Twitter <\/a> <\/li>\n<\/ul>\n","protected":false},"excerpt":{"rendered":"<p>1 de 9&#013;Captura de tela da p\u00e1gina oficial do Twitter com um &#034;X&#034; \u2014 Foto: Reuters Captura de tela da p\u00e1gina oficial do Twitter com um &#034;X&#034; \u2014 Foto: Reuters Ap\u00f3s o bilion\u00e1rio Elon Musk trocar o logo do Twitter nesta segunda-feira (24), as pessoas usaram as redes sociais para criar memes com o s\u00edmbolo. [&hellip;]<\/p>\n","protected":false},"author":1,"featured_media":0,"comment_status":"closed","ping_status":"closed","sticky":false,"template":"","format":"standard","meta":{"footnotes":""},"categories":[],"tags":[],"class_list":["post-51112","post","type-post","status-publish","format-standard","hentry"],"_links":{"self":[{"href":"https:\/\/blog.corretoraideal.com.br\/index.php\/wp-json\/wp\/v2\/posts\/51112","targetHints":{"allow":["GET"]}}],"collection":[{"href":"https:\/\/blog.corretoraideal.com.br\/index.php\/wp-json\/wp\/v2\/posts"}],"about":[{"href":"https:\/\/blog.corretoraideal.com.br\/index.php\/wp-json\/wp\/v2\/types\/post"}],"author":[{"embeddable":true,"href":"https:\/\/blog.corretoraideal.com.br\/index.php\/wp-json\/wp\/v2\/users\/1"}],"replies":[{"embeddable":true,"href":"https:\/\/blog.corretoraideal.com.br\/index.php\/wp-json\/wp\/v2\/comments?post=51112"}],"version-history":[{"count":1,"href":"https:\/\/blog.corretoraideal.com.br\/index.php\/wp-json\/wp\/v2\/posts\/51112\/revisions"}],"predecessor-version":[{"id":51115,"href":"https:\/\/blog.corretoraideal.com.br\/index.php\/wp-json\/wp\/v2\/posts\/51112\/revisions\/51115"}],"wp:attachment":[{"href":"https:\/\/blog.corretoraideal.com.br\/index.php\/wp-json\/wp\/v2\/media?parent=51112"}],"wp:term":[{"taxonomy":"category","embeddable":true,"href":"https:\/\/blog.corretoraideal.com.br\/index.php\/wp-json\/wp\/v2\/categories?post=51112"},{"taxonomy":"post_tag","embeddable":true,"href":"https:\/\/blog.corretoraideal.com.br\/index.php\/wp-json\/wp\/v2\/tags?post=51112"}],"curies":[{"name":"wp","href":"https:\/\/api.w.org\/{rel}","templated":true}]}}