{"id":51116,"date":"2023-07-24T19:29:37","date_gmt":"2023-07-24T19:29:37","guid":{"rendered":"https:\/\/blog.corretoraideal.com.br\/?p=51116"},"modified":"2023-07-24T19:29:37","modified_gmt":"2023-07-24T19:29:37","slug":"campos-rj-abre-matricula-para-a-educacao-de-jovens-e-adultos-eja-ate-6-de-agosto-norte-fluminense-g1","status":"publish","type":"post","link":"https:\/\/blog.corretoraideal.com.br\/index.php\/2023\/07\/24\/campos-rj-abre-matricula-para-a-educacao-de-jovens-e-adultos-eja-ate-6-de-agosto-norte-fluminense-g1\/","title":{"rendered":"Campos, RJ, abre matr\u00edcula para a Educa\u00e7\u00e3o de Jovens e Adultos (EJA) at\u00e9 6 de agosto | Norte Fluminense | G1"},"content":{"rendered":"\n<p> <a class href=\"https:\/\/g1.globo.com\/rj\/norte-fluminense\/cidade\/campos-dos-goytacazes\/\">Campos dos Goytacazes<\/a>, no Norte Fluminense, est\u00e1 com matr\u00edculas abertas para a Educa\u00e7\u00e3o de Jovens e Adultos (EJA) at\u00e9 o dia 6 de agosto para quem tem mais de 15 anos e deseja concluir os ensinos fundamental e m\u00e9dio nas unidades escolares mais pr\u00f3ximas <strong>(veja lista das unidades abaixo)<\/strong>. <\/p>\n<p> Para fazer a matr\u00edcula \u00e9 necess\u00e1rio levar documentos pessoais como Identidade, CPF e comprovante de resid\u00eancia a uma das 22 unidades que oferecem a modalidade. Atualmente, 2.800 alunos frequentam a EJA em Campos. <\/p>\n<p> A coordenadora da EJA, Greice Souza, explicou que os professores que trabalham com esse p\u00fablico passam por treinamento espec\u00edfico, cursos de capacita\u00e7\u00e3o e contam com todo suporte pedag\u00f3gico. <\/p>\n<p> A EJA \u00e9 uma modalidade de ensino criada pelo Governo Federal voltada para jovens, adultos e idosos que n\u00e3o conseguiram concluir o ensino na idade convencional, garantindo que a conclus\u00e3o ocorra em menos tempo aumentando as chances de inclus\u00e3o no mercado de trabalho. <\/p>\n<p> Ao concluir o Ensino M\u00e9dio, os alunos da EJA podem participar das provas de vestibular e do Exame Nacional do Ensino M\u00e9dio (Enem) para ingressar em universidades. <\/p>\n<p> O tempo m\u00e9dio de conclus\u00e3o da EJA \u00e9 de 18 meses. <\/p>\n<p> \u201cA Educa\u00e7\u00e3o de Jovens e Adultos representa o resgate do ser humano como um todo. \u00c9 a oportunidade que ele tem de voltar a sonhar, a viver e de ter de volta sua identidade. A EJA representa a possibilidade de o aluno vivenciar a leitura, escrita e, tamb\u00e9m, de ser inserido no mercado de trabalho ou conseguir um emprego melhor\u201d, acredita Greice. <\/p>\n<p> Os alunos da EJA tamb\u00e9m contam com a aten\u00e7\u00e3o do Suporte Pedag\u00f3gico (PSP), como explica a professora Dirleia Lug\u00e3o. <\/p>\n<p> \u201cTemos escolas com n\u00famero grande de alunos como a Professora Eun\u00edcia Ferreira da Silva, 29 de Maio, Maria L\u00facia, temos uma equipe muito comprometida para que a EJA cres\u00e7a e realmente aconte\u00e7a. As formaturas t\u00eam sido feitas de forma muito organizadas para que eles realmente se sintam valorizados. Temos incentivado eles a continuarem a estudar atrav\u00e9s do Exame Nacional para Certifica\u00e7\u00e3o de Compet\u00eancias de Jovens e Adultos (Enceja) que \u00e9 para os alunos que desejam concluir o Ensino M\u00e9dio\u201d, diz Dirleia. <\/p>\n<p><h2>Veja as unidades que oferecem a EJA:<\/h2>\n<\/p>\n<ul>\n<li>EM Manoel Coelho &#8211; Goytacazes<\/li>\n<li>Maria L\u00facia &#8211; Turfe Clube<\/li>\n<li>Francisco de Assis &#8211; Matadouro<\/li>\n<li>EM Pequeno Jornaleiro &#8211; Centro <\/li>\n<li>EM Prof.\u00aa Wilmar Cava Barros &#8211; Jockey Club<\/li>\n<li>Cust\u00f3dio Generoso Vieira &#8211; Calabou\u00e7o <\/li>\n<li>Centro Educacional 29 de Maio &#8211; Pecu\u00e1ria <\/li>\n<li>EM Amaro Prata Tavares &#8211; Centro<\/li>\n<li>Prof. Eun\u00edcia Ferreira Da Silva &#8211; Santa Rosa<\/li>\n<li>EM Albertina Azeredo Ven\u00e2ncio &#8211; Travess\u00e3o <\/li>\n<li>EM Prof. Olga Linhares Corr\u00eaa &#8211; Calabou\u00e7o \u2013 R2 N<\/li>\n<li>CIEP Brizol\u00e3o 481 Arnaldo Rosa Viana &#8211; Pq Aurora <\/li>\n<li>EM Dr. Get\u00falio Vargas &#8211; Tocos <\/li>\n<li>EM Dr. Luiz Sobral &#8211; Jardim Carioca <\/li>\n<li>EM Farol de S\u00e3o Tom\u00e9 <\/li>\n<li>EM L\u00eddia Leit\u00e3o &#8211; Cidade Luz<\/li>\n<li>EM Lulo Ferreira de Ara\u00fajo &#8211; Morro do Coco <\/li>\n<li>EM Carlos Chagas &#8211; Jacarand\u00e1 (Travess\u00e3o)<\/li>\n<li>EM Santa Terezinha &#8211; Baixa Grande<\/li>\n<li>CIEP Francisco Portela &#8211; Tocos <\/li>\n<li>EM Marechal Artur da Costa e Silva &#8211; Parque Presidente Vargas<\/li>\n<li>EM Mario Barroso &#8211; Urura\u00ed<\/li>\n<\/ul>\n<ul>\n<li> <a href=\"https:\/\/g1.globo.com\/rj\/norte-fluminense\/cidade\/campos-dos-goytacazes\/\" class=\"entities__list-itemLink\" data-track-click=\"Campos dos Goytacazes\"> Campos dos Goytacazes <\/a> <\/li>\n<\/ul>\n","protected":false},"excerpt":{"rendered":"<p>Campos dos Goytacazes, no Norte Fluminense, est\u00e1 com matr\u00edculas abertas para a Educa\u00e7\u00e3o de Jovens e Adultos (EJA) at\u00e9 o dia 6 de agosto para quem tem mais de 15 anos e deseja concluir os ensinos fundamental e m\u00e9dio nas unidades escolares mais pr\u00f3ximas (veja lista das unidades abaixo). Para fazer a matr\u00edcula \u00e9 necess\u00e1rio [&hellip;]<\/p>\n","protected":false},"author":1,"featured_media":0,"comment_status":"closed","ping_status":"closed","sticky":false,"template":"","format":"standard","meta":{"footnotes":""},"categories":[],"tags":[],"class_list":["post-51116","post","type-post","status-publish","format-standard","hentry"],"_links":{"self":[{"href":"https:\/\/blog.corretoraideal.com.br\/index.php\/wp-json\/wp\/v2\/posts\/51116","targetHints":{"allow":["GET"]}}],"collection":[{"href":"https:\/\/blog.corretoraideal.com.br\/index.php\/wp-json\/wp\/v2\/posts"}],"about":[{"href":"https:\/\/blog.corretoraideal.com.br\/index.php\/wp-json\/wp\/v2\/types\/post"}],"author":[{"embeddable":true,"href":"https:\/\/blog.corretoraideal.com.br\/index.php\/wp-json\/wp\/v2\/users\/1"}],"replies":[{"embeddable":true,"href":"https:\/\/blog.corretoraideal.com.br\/index.php\/wp-json\/wp\/v2\/comments?post=51116"}],"version-history":[{"count":1,"href":"https:\/\/blog.corretoraideal.com.br\/index.php\/wp-json\/wp\/v2\/posts\/51116\/revisions"}],"predecessor-version":[{"id":51118,"href":"https:\/\/blog.corretoraideal.com.br\/index.php\/wp-json\/wp\/v2\/posts\/51116\/revisions\/51118"}],"wp:attachment":[{"href":"https:\/\/blog.corretoraideal.com.br\/index.php\/wp-json\/wp\/v2\/media?parent=51116"}],"wp:term":[{"taxonomy":"category","embeddable":true,"href":"https:\/\/blog.corretoraideal.com.br\/index.php\/wp-json\/wp\/v2\/categories?post=51116"},{"taxonomy":"post_tag","embeddable":true,"href":"https:\/\/blog.corretoraideal.com.br\/index.php\/wp-json\/wp\/v2\/tags?post=51116"}],"curies":[{"name":"wp","href":"https:\/\/api.w.org\/{rel}","templated":true}]}}