{"id":51119,"date":"2023-07-24T21:29:51","date_gmt":"2023-07-24T21:29:51","guid":{"rendered":"https:\/\/blog.corretoraideal.com.br\/?p=51119"},"modified":"2023-07-24T21:29:51","modified_gmt":"2023-07-24T21:29:51","slug":"gestora-de-viracopos-espera-fim-de-impasse-no-tcu-em-2-meses-e-cita-otimismo-para-manter-contrato-campinas-e-regiao-g1","status":"publish","type":"post","link":"https:\/\/blog.corretoraideal.com.br\/index.php\/2023\/07\/24\/gestora-de-viracopos-espera-fim-de-impasse-no-tcu-em-2-meses-e-cita-otimismo-para-manter-contrato-campinas-e-regiao-g1\/","title":{"rendered":"Gestora de Viracopos espera fim de impasse no TCU em 2 meses e cita otimismo para manter contrato | Campinas e Regi\u00e3o | G1"},"content":{"rendered":"\n<ul>\n<li>\n<p> Concession\u00e1ria relata otimismo para manter comando de Viracopos <\/p>\n<\/li>\n<li>\n<p> Caso foi ao TCU para relicita\u00e7\u00e3o, mas objetivo da concession\u00e1ria mudou <\/p>\n<\/li>\n<li>\n<p> Continuidade depende de iniciativa do governo federal <\/p>\n<\/li>\n<li>\n<p> Relator do processo indica condicionantes para sequ\u00eancia <\/p>\n<\/li>\n<li>\n<p> Diretor comercial espera fim de impasse at\u00e9 setembro <\/p>\n<\/li>\n<\/ul>\n<p> Concession\u00e1ria relata otimismo para manter comando de Viracopos <\/p>\n<p> Caso foi ao TCU para relicita\u00e7\u00e3o, mas objetivo da concession\u00e1ria mudou <\/p>\n<p> Continuidade depende de iniciativa do governo federal <\/p>\n<p> Relator do processo indica condicionantes para sequ\u00eancia <\/p>\n<p> Diretor comercial espera fim de impasse at\u00e9 setembro <\/p>\n<p>         1 de 3&#013;Torre do controle no Aeroporto de Viracopos, em Campinas \u2014 Foto: Fernando Pac\u00edfico\/g1    <\/p>\n<p> Torre do controle no Aeroporto de Viracopos, em Campinas \u2014 Foto: Fernando Pac\u00edfico\/g1 <\/p>\n<p> A concession\u00e1ria administradora do Aeroporto Internacional de <a class href=\"http:\/\/g1.globo.com\/sp\/campinas-regiao\/aeroporto\/viracopos.html\">Viracopos<\/a>, em <a class href=\"https:\/\/g1.globo.com\/sp\/campinas-regiao\/cidade\/campinas\/\">Campinas (SP)<\/a>, espera por um desfecho at\u00e9 setembro junto ao Tribunal de Contas da Uni\u00e3o (TCU) para seguir no comando do terminal a\u00e9reo e avalia esta possibilidade de &quot;solu\u00e7\u00e3o amig\u00e1vel&quot; com otimismo. <\/p>\n<p> <strong>?O impasse<\/strong> <\/p>\n<p> A Aeroportos Brasil recorreu ao processo de relicita\u00e7\u00e3o como alternativa \u00e0 crise financeira, em mar\u00e7o de 2022, mas o processo ficou &quot;travado&quot; no TCU a partir do momento em que o ministro relator do caso, Vital do R\u00eago, pediu um c\u00e1lculo de indeniza\u00e7\u00e3o \u00e0 <a class href=\"https:\/\/g1.globo.com\/tudo-sobre\/anac\/\">Ag\u00eancia Nacional de Avia\u00e7\u00e3o Civil<\/a> (<a class href=\"https:\/\/g1.globo.com\/tudo-sobre\/anac\/\">Anac<\/a>). <\/p>\n<p> Neste contexto de impasse, a concession\u00e1ria reuniu argumentos para mostrar que a continuidade \u00e9 mais vantajosa para a opera\u00e7\u00e3o do aeroporto. A vontade da concession\u00e1ria, por\u00e9m, \u00e9 insuficiente porque a decis\u00e3o para a medida n\u00e3o ser levada adiante deve ser de iniciativa do <a class href=\"https:\/\/g1.globo.com\/tudo-sobre\/governo-federal\/\">governo federal<\/a>. O assunto j\u00e1 \u00e9 discutido internamente pelo ministro de Portos e Aeroportos, M\u00e1rcio Fran\u00e7a. <\/p>\n<p> ?<strong>O que mudou?<\/strong> <\/p>\n<p> O TCU voltou a interromper o andamento do processo por um m\u00eas, a partir de 5 de julho, ap\u00f3s pedido de vista do ministro Walton Alencar Rodrigues. <\/p>\n<p> Contudo, naquela data, o ministro relator apresentou voto durante sess\u00e3o plen\u00e1ria em que mencionou 14 condi\u00e7\u00f5es para que a concession\u00e1ria siga \u00e0 frente de <a class href=\"http:\/\/g1.globo.com\/sp\/campinas-regiao\/aeroporto\/viracopos.html\">Viracopos<\/a>. <\/p>\n<p> &quot;Temos dezenas, ou at\u00e9 mesmo centenas, de concess\u00f5es que se sujeitam a crises diversas durante seu longo prazo de dura\u00e7\u00e3o. Atualmente, h\u00e1, no TCU, sete contratos em processo de relicita\u00e7\u00e3o que se juntam a outros tantos com pedido de resolu\u00e7\u00e3o consensual. A principal diferen\u00e7a \u00e9 que a relicita\u00e7\u00e3o conduz \u00e0 extin\u00e7\u00e3o prematura do contrato, enquanto a resolu\u00e7\u00e3o consensual bem-sucedida proporciona a continuidade do contrato de concess\u00e3o com base nos acordos homologados&quot;, diz trecho do voto do relator. <\/p>\n<p> ?<strong>&#x27;Clima de otimismo&#x27;<\/strong> <\/p>\n<p> A manifesta\u00e7\u00e3o, diz o diretor comercial da Aeroportos Brasil, Marcelo Mota, foi recebida &quot;com grande otimismo&quot;, embora o momento seja de aguardar pelos votos dos outros ministros do tribunal. <\/p>\n<p> &quot;S\u00e3o condicionantes que t\u00eam que ser atendidas tanto pelo concession\u00e1rio, n\u00f3s, Aeroportos Brasil <a class href=\"http:\/\/g1.globo.com\/sp\/campinas-regiao\/aeroporto\/viracopos.html\">Viracopos<\/a>, quanto o pr\u00f3prio poder p\u00fablico.A gente acredita que nos pr\u00f3ximos 60 dias teremos j\u00e1 uma posi\u00e7\u00e3o final sobre esse tema e a\u00ed havendo a possibilidade, caso assim decidam os ministros do TCU de que isso seja vi\u00e1vel, inicia-se ent\u00e3o nova etapa do processo que \u00e9 renegocia\u00e7\u00e3o do contrato&quot;. <\/p>\n<p>         2 de 3&#013;O diretor comercial de Viracopos, Marcelo Mota \u2014 Foto: Fernando Pac\u00edfico\/g1    <\/p>\n<p> O diretor comercial de Viracopos, Marcelo Mota \u2014 Foto: Fernando Pac\u00edfico\/g1 <\/p>\n<p> <strong>LEIA MAIS<\/strong> <\/p>\n<ul>\n<li><a class href=\"https:\/\/g1.globo.com\/sp\/campinas-regiao\/noticia\/2023\/07\/18\/entenda-por-que-novo-centro-de-encomendas-internacionais-dos-correios-deve-beneficiar-viracopos.ghtml\">Entenda por que novo centro de encomendas internacionais dos Correios deve beneficiar Viracopos<\/a><\/li>\n<li><a class href=\"https:\/\/g1.globo.com\/sp\/campinas-regiao\/noticia\/2023\/07\/13\/viracopos-fecha-junho-com-maior-no-de-passageiros-em-viagens-internacionais-desde-inicio-da-pandemia-fluxo-de-cargas-diminui.ghtml\">Viracopos fecha junho com maior n\u00ba de passageiros em viagens internacionais desde in\u00edcio da pandemia; fluxo de cargas diminui<\/a><\/li>\n<\/ul>\n<p> ? <strong>O que \u00e9 a solu\u00e7\u00e3o amig\u00e1vel da relicita\u00e7\u00e3o?<\/strong> <\/p>\n<p> O<a class href=\"http:\/\/g1.com.br\/campinas\" target=\"_blank\" rel=\"noopener noreferrer\"> g1<\/a> conversou com dois especialistas para entender o que \u00e9 de fato a solu\u00e7\u00e3o amig\u00e1vel que pode colocar fim \u00e0 relicita\u00e7\u00e3o de <a class href=\"http:\/\/g1.globo.com\/sp\/campinas-regiao\/aeroporto\/viracopos.html\">Viracopos<\/a> e quais implica\u00e7\u00f5es elas t\u00eam. <strong>Confira abaixo.<\/strong> <\/p>\n<p> O contrato de concess\u00e3o prev\u00ea, em caso de quebra da concess\u00e3o pelo poder concedente, que \u00e9 o <a class href=\"https:\/\/g1.globo.com\/tudo-sobre\/governo-federal\/\">governo federal<\/a>, a possibilidade de solu\u00e7\u00e3o amig\u00e1vel, desde que a concession\u00e1ria prove que re\u00fane condi\u00e7\u00f5es de permanecer \u00e0 frente do aeroporto. A informa\u00e7\u00e3o \u00e9 do advogado Luiz Felipe Pinto Lima Graziano, especialista em concess\u00f5es. <\/p>\n<p> De acordo com ele, no caso espec\u00edfico de <a class href=\"http:\/\/g1.globo.com\/sp\/campinas-regiao\/aeroporto\/viracopos.html\">Viracopos<\/a>, n\u00e3o houve um descumprimento volunt\u00e1rio do contrato de concess\u00e3o, mas sim um conjunto de fatores, &quot;alguns alheios \u00e0 concession\u00e1ria&quot;, que for\u00e7aram a op\u00e7\u00e3o da relicita\u00e7\u00e3o e inviabilizaram o cumprimento do v\u00ednculo. Al\u00e9m disso, o advogado afirmou que a caducidade da concess\u00e3o \u00e9 uma op\u00e7\u00e3o da Uni\u00e3o e n\u00e3o uma obriga\u00e7\u00e3o. <\/p>\n<p> &quot;Quando se considera o conjunto de vari\u00e1veis existentes, \u00e9 preciso que se rememore que a l\u00f3gica dos contratos de concess\u00e3o \u00e9 a sua manuten\u00e7\u00e3o. A relicita\u00e7\u00e3o deve ser considerada como exce\u00e7\u00e3o, aplic\u00e1vel apenas quando os problemas n\u00e3o possam ser resolvidos de outra forma que assegure a continuidade de contrata\u00e7\u00e3o, em verdadeira alternativa menos traum\u00e1tica \u00e0 declara\u00e7\u00e3o de caducidade&quot;, explicou. <\/p>\n<p> ? <strong>Quando ela acontece?<\/strong> <\/p>\n<p> O advogado especialista em direito p\u00fablico e regulat\u00f3rio Felipe Estefam afirmou que a l\u00f3gica da relicita\u00e7\u00e3o \u00e9 a de assegurar a continuidade da presta\u00e7\u00e3o dos servi\u00e7os. Portanto, caso a concession\u00e1ria comprove as capacidades e habilita\u00e7\u00f5es necess\u00e1rias para dar continuidade ao empreendimento, \u00e9 mais vantajoso e mais eficiente que ele mesmo continue a execu\u00e7\u00e3o contratual. <\/p>\n<p>&quot;Se assim for, ser\u00e1 preciso desfazer o termo aditivo j\u00e1 firmado, bem como garantir todas as condi\u00e7\u00f5es de habilita\u00e7\u00e3o do concession\u00e1rio&quot;, disse. <\/p>\n<p> ?<strong>Quais s\u00e3o os argumentos de <\/strong><a class href=\"http:\/\/g1.globo.com\/sp\/campinas-regiao\/aeroporto\/viracopos.html\"><strong>Viracopos<\/strong><\/a><strong>?<\/strong> <\/p>\n<p> Antes de colocar o edital de um poss\u00edvel no leil\u00e3o em vota\u00e7\u00e3o, o TCU vai analisar cinco pedidos de <a class href=\"http:\/\/g1.globo.com\/sp\/campinas-regiao\/aeroporto\/viracopos.html\">Viracopos<\/a> colocados pela concession\u00e1ria como essenciais para que o processo caminhe e que indicam a inten\u00e7\u00e3o do grupo de manter o contrato, que tem dura\u00e7\u00e3o de 30 anos. <\/p>\n<p> Entre os cinco pedidos da concession\u00e1ria enviados ao TCU, est\u00e1 o argumento de que, em caso de realiza\u00e7\u00e3o de um novo leil\u00e3o, \u00e9 poss\u00edvel que o novo concession\u00e1rio n\u00e3o assuma o empreendimento, ainda que pague a contribui\u00e7\u00e3o inicial, porque a Aeroportos Brasil, que faz a gest\u00e3o do terminal desde 2012, afirma que s\u00f3 sair\u00e1 se for completamente indenizada. <\/p>\n<p> Al\u00e9m disso, a Aeroportos Brasil defende a qualidade da administra\u00e7\u00e3o do terminal, que bateu recorde de passageiros em 2022, para argumentar de que seria ruim para o funcionamento do aeroporto a entrada de um novo concession\u00e1rio.<strong> Veja todos os argumentos: <\/strong> <\/p>\n<li>Argumento de que a viabilidade do projeto de relicita\u00e7\u00e3o depende do valor da indeniza\u00e7\u00e3o, tendo em vista que toda a indeniza\u00e7\u00e3o deve ser paga pelo concession\u00e1rio entrante;<\/li>\n<li>Argumento de que n\u00e3o h\u00e1 justificativa econ\u00f4mica para impor ao Er\u00e1rio o dever de quitar valor de indeniza\u00e7\u00e3o, na hip\u00f3tese de o valor de outorga inicial ser inferior ao valor devido a t\u00edtulo de indeniza\u00e7\u00e3o ao anterior contratado;<\/li>\n<li>Argumento de que existe risco de o novo concession\u00e1rio pagar a contribui\u00e7\u00e3o inicial e n\u00e3o assumir a opera\u00e7\u00e3o do aeroporto, haja vista que a ABV somente sair\u00e1 quando for integralmente indenizada;<\/li>\n<li>Argumento sobre a excel\u00eancia operacional de <a class href=\"http:\/\/g1.globo.com\/sp\/campinas-regiao\/aeroporto\/viracopos.html\">Viracopos<\/a>, que n\u00e3o justificaria um processo de relicita\u00e7\u00e3o; (Aeroporto foi eleito em 2022 o 4\u00ba Melhor Aeroporto do Mundo pela AirHelp)<\/li>\n<li>Argumento de que inexiste estudo t\u00e9cnico que justifique a vantajosidade das condi\u00e7\u00f5es para a relicita\u00e7\u00e3o, em viola\u00e7\u00e3o \u00e0 supremacia do interesse p\u00fablico, o princ\u00edpio da legalidade e o princ\u00edpio da efici\u00eancia administrativa.<\/li>\n<p> ?<strong>C\u00e1lculo de indeniza\u00e7\u00e3o<\/strong> <\/p>\n<p> O c\u00e1lculo de indeniza\u00e7\u00e3o define qual valor ser\u00e1 pago ao atual concession\u00e1rio e qual das partes envolvidas vai fazer esse acerto. Esta \u00e9 a prioridade m\u00e1xima da Aeroportos Brasil durante a relicita\u00e7\u00e3o. O impasse, que fez o processo n\u00e3o avan\u00e7ar, possibilitou que a concession\u00e1ria reunisse argumentos para defender que um novo leil\u00e3o seria mais prejudicial do que ben\u00e9fico ao andamento do terminal. <\/p>\n<p> O edital do novo leil\u00e3o seria votado no Tribunal de Contas da Uni\u00e3o no dia 1\u00ba de fevereiro, mas foi novamente retirado da pauta. <\/p>\n<p> \u200d\u2696\ufe0f<strong>Arbitragem<\/strong> <\/p>\n<p> A concession\u00e1ria Aeroportos Brasil <a class href=\"http:\/\/g1.globo.com\/sp\/campinas-regiao\/aeroporto\/viracopos.html\">Viracopos<\/a>, que administra a estrutura, aguarda a an\u00e1lise do TCU e se apega a uma Corte Internacional Arbitral, ou seja, um uma medida extrajudicial independente para definir regras sobre as indeniza\u00e7\u00f5es pelos investimentos realizados, al\u00e9m de descumprimentos de contrato pela Uni\u00e3o, segundo a concession\u00e1ria. <\/p>\n<p> <a class href=\"https:\/\/g1.globo.com\/sp\/campinas-regiao\/noticia\/2023\/02\/10\/em-1a-decisao-arbitral-sobre-viracopos-corte-nega-pedidos-da-concessionaria-mas-mantem-analise-sobre-desapropriacoes.ghtml\">A arbitragem teve as primeiras decis\u00f5es no in\u00edcio de fevereiro<\/a>. A concession\u00e1ria fez seis pedidos de reequil\u00edbrios contratuais, os quais entende terem sido a principal raz\u00e3o para a crise financeira da estrutura que for\u00e7ou o processo de relicita\u00e7\u00e3o. <\/p>\n<p> Do total dos pedidos, a corte optou pela decis\u00e3o contr\u00e1ria \u00e0 concession\u00e1ria ao extinguir do processo de arbitragem o pedido de <a class href=\"http:\/\/g1.globo.com\/sp\/campinas-regiao\/aeroporto\/viracopos.html\">Viracopos<\/a> pelo n\u00e3o recebimento de tarifas cargas em perdimento, que ficam no armaz\u00e9m do aeroporto, e determinou que isso seja acordado entre o aeroporto e a Receita Federal. <\/p>\n<p> O pedido de reequil\u00edbrio pela n\u00e3o implementa\u00e7\u00e3o do Trem de Alta Velocidade tamb\u00e9m foi negado. Entretanto, a concession\u00e1ria teve decis\u00e3o favor\u00e1vel no que considera o tema mais importante da arbitragem, que s\u00e3o as discuss\u00f5es sobre as desapropria\u00e7\u00f5es, principal queixa da concession\u00e1ria para os problemas financeiros. <\/p>\n<p> A <a class href=\"https:\/\/g1.globo.com\/tudo-sobre\/anac\/\">Anac<\/a> alega que n\u00e3o reequilibrou o contrato em rela\u00e7\u00e3o \u00e0s \u00e1reas do aeroporto que n\u00e3o foram desapropriadas porque isso estava condicionado \u00e0 uma pr\u00e9via demonstra\u00e7\u00e3o por parte da concession\u00e1ria de que aquele espa\u00e7o seria de fato usado e, al\u00e9m disso, deveria ser provado um &quot;preju\u00edzo financeiro&quot; efetivo com a n\u00e3o desapropria\u00e7\u00e3o. <\/p>\n<p> A tese foi negada pela corte arbitral, o que aumenta a possibilidade da Aeroportos Brasil receber um valor por este desequil\u00edbrio no contrato. A corte ainda vai avaliar os pedidos em decis\u00e3o final. <\/p>\n<p> Al\u00e9m destas quest\u00f5es que tiveram a primeira decis\u00e3o parcial, h\u00e1 ainda outros tr\u00eas pedidos que aguardam julgamento: reequil\u00edbrio de tarifa de carga a\u00e9rea, reequil\u00edbrio referente \u00e0 Covid-19 e um terceiro sobre multa aplicada porque a concession\u00e1ria n\u00e3o entregou as obras no prazo estipulado. <\/p>\n<p> \u23f3<strong>Dois anos de prazo<\/strong> <\/p>\n<p> No dia 14 de junho do ano passado, o <a class href=\"https:\/\/g1.globo.com\/tudo-sobre\/governo-federal\/\">governo federal<\/a> publicou uma <a class href=\"https:\/\/g1.globo.com\/sp\/campinas-regiao\/noticia\/2022\/06\/14\/governo-federal-prorroga-processo-de-relicitacao-de-viracopos-em-dois-anos.ghtml\">resolu\u00e7\u00e3o que prorroga em dois anos o processo de relicita\u00e7\u00e3o<\/a> de <a class href=\"http:\/\/g1.globo.com\/sp\/campinas-regiao\/aeroporto\/viracopos.html\">Viracopos<\/a>. \u00c0 \u00e9poca, a vota\u00e7\u00e3o do edital no TCU havia sido retirada de pauta justamente por conta do pedido feito \u00e0 <a class href=\"https:\/\/g1.globo.com\/tudo-sobre\/anac\/\">Anac<\/a> sobre as indeniza\u00e7\u00f5es. <\/p>\n<ul>\n<li><a class href=\"https:\/\/g1.globo.com\/sp\/campinas-regiao\/noticia\/2021\/09\/09\/segunda-pista-outorga-de-r-35-bilhoes-e-fim-de-desapropriacoes-entenda-a-nova-licitacao-do-aeroporto-de-viracopos.ghtml\">Entenda a nova licita\u00e7\u00e3o de Viracopos em 4 pontos<\/a><\/li>\n<\/ul>\n<p> A relicita\u00e7\u00e3o foi a \u00fanica a esperan\u00e7a da atual concession\u00e1ria ap\u00f3s a crise financeira que gerou uma d\u00edvida de <strong>R$ 2,88 bilh\u00f5es<\/strong> &#8211; esse valor \u00e9 de outorgas vencidas e d\u00edvidas com bancos que ainda v\u00e3o vencer. O d\u00e9bito, inclusive, n\u00e3o est\u00e1 mais sob responsabilidade da concession\u00e1ria porque foi inclu\u00eddo na arbitragem. <strong>O terminal foi o primeiro do Brasil a solicitar a devolu\u00e7\u00e3o da concess\u00e3o<\/strong>. <\/p>\n<p> ?<strong>Estudos de viabilidade<\/strong> <\/p>\n<p> De acordo com os estudos de viabilidade, o novo contrato para administra\u00e7\u00e3o de <a class href=\"http:\/\/g1.globo.com\/sp\/campinas-regiao\/aeroporto\/viracopos.html\">Viracopos<\/a>, caso realmente haja novo leil\u00e3o, <strong>ter\u00e1 dura\u00e7\u00e3o de 30 anos, investimentos de R$ 4,2 bilh\u00f5es, valor total de R$ 13,4 bilh\u00f5es, constru\u00e7\u00e3o de segunda pista e o fim das necessidades de desapropria\u00e7\u00f5es de \u00e1reas para que o complexo aeroportu\u00e1rio seja expandido. <\/strong>O <a class href=\"http:\/\/g1.com.br\/campinas\" target=\"_blank\" rel=\"noopener noreferrer\">g1<\/a> explicou as principais mudan\u00e7as em quatro pontos principais. <a class href=\"https:\/\/g1.globo.com\/sp\/campinas-regiao\/noticia\/2021\/09\/09\/segunda-pista-outorga-de-r-35-bilhoes-e-fim-de-desapropriacoes-entenda-a-nova-licitacao-do-aeroporto-de-viracopos.ghtml\">Veja aqui. <\/a> <\/p>\n<p> ?<strong>A relicita\u00e7\u00e3o<\/strong> <\/p>\n<p> O \u00faltimo plano de recupera\u00e7\u00e3o judicial do aeroporto foi protocolado \u00e0 Justi\u00e7a no dia 12 de dezembro de 2019. <a class href=\"https:\/\/g1.globo.com\/sp\/campinas-regiao\/noticia\/2020\/02\/14\/viracopos-consegue-aprovar-plano-de-recuperacao-judicial-e-abre-caminho-para-1a-relicitacao-de-um-aeroporto-do-brasil.ghtml\">Desta data at\u00e9 o dia da aprova\u00e7\u00e3o, em fevereiro<\/a> de 2020, <a class href=\"http:\/\/g1.globo.com\/sp\/campinas-regiao\/aeroporto\/viracopos.html\">Viracopos<\/a> e os principais credores, entre eles a <a class href=\"https:\/\/g1.globo.com\/tudo-sobre\/anac\/\">Anac<\/a> e o Banco Nacional de Desenvolvimento Econ\u00f4mico e Social (BNDES), se reuniram para tentar chegar a um acordo e definiram que a proposta seria votada na assembleia desde que <a class href=\"http:\/\/g1.globo.com\/sp\/campinas-regiao\/aeroporto\/viracopos.html\">Viracopos<\/a> aceitasse a relicita\u00e7\u00e3o. <\/p>\n<p> Depois de aceita em assembleia, a<a class href=\"https:\/\/g1.globo.com\/sp\/campinas-regiao\/noticia\/2020\/12\/11\/justica-encerra-processo-de-recuperacao-judicial-do-aeroporto-de-viracopos.ghtml\"> recupera\u00e7\u00e3o judicial de Viracopos foi encerrada pela Justi\u00e7a no dia 10 de dezembro de 2020. <\/a>A partir disso, come\u00e7ou o processo de relicita\u00e7\u00e3o. Em agosto de 2021, <a class href=\"https:\/\/g1.globo.com\/sp\/campinas-regiao\/noticia\/2021\/08\/24\/anac-aprova-edital-e-contrato-para-relicitacao-de-viracopos-veja-proximos-passos.ghtml\">a Anac aprovou o edital dela<\/a>. <\/p>\n<p> A concession\u00e1ria j\u00e1 havia sinalizado a inten\u00e7\u00e3o de devolver a concess\u00e3o em julho de 2017, mas emperrou na lei 13.448\/2017, que regulamenta as relicita\u00e7\u00f5es de concess\u00f5es aeroportu\u00e1rias, ferrovi\u00e1rias e rodovi\u00e1rios do Brasil e s\u00f3 teve o decreto publicado em agosto de 2019. <\/p>\n<p> ?<strong>A crise de <\/strong><a class href=\"http:\/\/g1.globo.com\/sp\/campinas-regiao\/aeroporto\/viracopos.html\"><strong>Viracopos<\/strong><\/a><strong> <\/strong> <\/p>\n<p> A crise de <a class href=\"http:\/\/g1.globo.com\/sp\/campinas-regiao\/aeroporto\/viracopos.html\">Viracopos<\/a> se agravou na metade de 2017, quando manifestou o interesse da relicita\u00e7\u00e3o, mas, por conta da n\u00e3o regulamenta\u00e7\u00e3o da lei, apostou na recupera\u00e7\u00e3o judicial para solucionar a crise. A Aeroportos Brasil protocolou o pedido em 7 de maio de 2018 na 8\u00aa Vara C\u00edvel de <a class href=\"https:\/\/g1.globo.com\/sp\/campinas-regiao\/cidade\/campinas\/\">Campinas<\/a>. <a class href=\"http:\/\/g1.globo.com\/sp\/campinas-regiao\/aeroporto\/viracopos.html\">Viracopos<\/a> tamb\u00e9m foi o primeiro aeroporto do Brasil a pedir recupera\u00e7\u00e3o. <\/p>\n<p> O aeroporto sempre brigou por reequil\u00edbrios no contrato de concess\u00e3o por parte da <a class href=\"https:\/\/g1.globo.com\/tudo-sobre\/anac\/\">Anac<\/a>. De acordo com a concession\u00e1ria, a ag\u00eancia descumpriu itens que contribu\u00edram para a perda de receita da estrutura. <\/p>\n<p> A Infraero det\u00e9m 49% das a\u00e7\u00f5es de <a class href=\"http:\/\/g1.globo.com\/sp\/campinas-regiao\/aeroporto\/viracopos.html\">Viracopos<\/a>. Os outros 51% s\u00e3o divididos entre a UTC Participa\u00e7\u00f5es (48,12%), Triunfo Participa\u00e7\u00f5es (48,12%) e Egis (3,76%), que formam a concession\u00e1ria. Os investimentos realizados pela Infraero correspondem a R$ 777,3 milh\u00f5es. <\/p>\n<p><h2><strong>V\u00cdDEOS: saiba tudo sobre <\/strong><a class href=\"https:\/\/g1.globo.com\/sp\/campinas-regiao\/cidade\/campinas\/\"><strong>Campinas<\/strong><\/a><strong> e regi\u00e3o<\/strong><\/h2>\n<\/p>\n<p>   <a href=\"https:\/\/g1.globo.com\/sp\/campinas-regiao\/playlist\/videos-tudo-sobre-campinas-e-regiao.ghtml\">    50 v\u00eddeos      <\/a>       <\/p>\n<p> <a class href=\"https:\/\/g1.globo.com\/sp\/campinas-regiao\/\">Veja mais not\u00edcias da regi\u00e3o no g1 Campinas.<\/a> <\/p>\n<ul>\n<li> <a href=\"https:\/\/g1.globo.com\/tudo-sobre\/anac\/\" class=\"entities__list-itemLink\" data-track-click=\"Anac\"> Anac <\/a> <\/li>\n<li> <a href=\"https:\/\/g1.globo.com\/sp\/campinas-regiao\/cidade\/campinas\/\" class=\"entities__list-itemLink\" data-track-click=\"Campinas\"> Campinas <\/a> <\/li>\n<li> <a href=\"https:\/\/g1.globo.com\/tudo-sobre\/governo-federal\/\" class=\"entities__list-itemLink\" data-track-click=\"Governo Federal\"> Governo Federal <\/a> <\/li>\n<li> <a href=\"https:\/\/g1.globo.com\/sp\/campinas-regiao\/aeroporto\/viracopos.html\" class=\"entities__list-itemLink\" data-track-click=\"Viracopos\"> Viracopos <\/a> <\/li>\n<\/ul>\n","protected":false},"excerpt":{"rendered":"<p>Concession\u00e1ria relata otimismo para manter comando de Viracopos Caso foi ao TCU para relicita\u00e7\u00e3o, mas objetivo da concession\u00e1ria mudou Continuidade depende de iniciativa do governo federal Relator do processo indica condicionantes para sequ\u00eancia Diretor comercial espera fim de impasse at\u00e9 setembro Concession\u00e1ria relata otimismo para manter comando de Viracopos Caso foi ao TCU para relicita\u00e7\u00e3o, [&hellip;]<\/p>\n","protected":false},"author":1,"featured_media":0,"comment_status":"closed","ping_status":"closed","sticky":false,"template":"","format":"standard","meta":{"footnotes":""},"categories":[],"tags":[],"class_list":["post-51119","post","type-post","status-publish","format-standard","hentry"],"_links":{"self":[{"href":"https:\/\/blog.corretoraideal.com.br\/index.php\/wp-json\/wp\/v2\/posts\/51119","targetHints":{"allow":["GET"]}}],"collection":[{"href":"https:\/\/blog.corretoraideal.com.br\/index.php\/wp-json\/wp\/v2\/posts"}],"about":[{"href":"https:\/\/blog.corretoraideal.com.br\/index.php\/wp-json\/wp\/v2\/types\/post"}],"author":[{"embeddable":true,"href":"https:\/\/blog.corretoraideal.com.br\/index.php\/wp-json\/wp\/v2\/users\/1"}],"replies":[{"embeddable":true,"href":"https:\/\/blog.corretoraideal.com.br\/index.php\/wp-json\/wp\/v2\/comments?post=51119"}],"version-history":[{"count":1,"href":"https:\/\/blog.corretoraideal.com.br\/index.php\/wp-json\/wp\/v2\/posts\/51119\/revisions"}],"predecessor-version":[{"id":51121,"href":"https:\/\/blog.corretoraideal.com.br\/index.php\/wp-json\/wp\/v2\/posts\/51119\/revisions\/51121"}],"wp:attachment":[{"href":"https:\/\/blog.corretoraideal.com.br\/index.php\/wp-json\/wp\/v2\/media?parent=51119"}],"wp:term":[{"taxonomy":"category","embeddable":true,"href":"https:\/\/blog.corretoraideal.com.br\/index.php\/wp-json\/wp\/v2\/categories?post=51119"},{"taxonomy":"post_tag","embeddable":true,"href":"https:\/\/blog.corretoraideal.com.br\/index.php\/wp-json\/wp\/v2\/tags?post=51119"}],"curies":[{"name":"wp","href":"https:\/\/api.w.org\/{rel}","templated":true}]}}