{"id":51122,"date":"2023-07-24T22:30:33","date_gmt":"2023-07-24T22:30:33","guid":{"rendered":"https:\/\/blog.corretoraideal.com.br\/?p=51122"},"modified":"2023-07-24T22:30:33","modified_gmt":"2023-07-24T22:30:33","slug":"spotify-aumenta-precos-no-brasil-veja-quanto-cada-plano-vai-custar-tecnologia-g1","status":"publish","type":"post","link":"https:\/\/blog.corretoraideal.com.br\/index.php\/2023\/07\/24\/spotify-aumenta-precos-no-brasil-veja-quanto-cada-plano-vai-custar-tecnologia-g1\/","title":{"rendered":"Spotify aumenta pre\u00e7os no Brasil; veja quanto cada plano vai custar | Tecnologia | G1"},"content":{"rendered":"<p>      1 de 2&#013;Spotify \u2014 Foto: REUTERS\/Brendan McDermid\/File Photo    <\/p>\n<p> Spotify \u2014 Foto: REUTERS\/Brendan McDermid\/File Photo <\/p>\n<p> O <a class href=\"https:\/\/g1.globo.com\/tudo-sobre\/spotify\/\">Spotify<\/a> anunciou que vai aumentar os pre\u00e7os para tr\u00eas planos: Individual, Duo e Universit\u00e1rio. A medida ser\u00e1 aplicada em mais de 50 pa\u00edses, incluindo o Brasil. <\/p>\n<p> Em um e-mail para usu\u00e1rios, a empresa explicou que quem j\u00e1 \u00e9 assinante continuar\u00e1 pagando o pre\u00e7o atual at\u00e9 a cobran\u00e7a em setembro. Veja os novos pre\u00e7os: <\/p>\n<ul>\n<li><strong>Individual: <\/strong>de R$ 19,90 para R$ 21,90 por m\u00eas<\/li>\n<li><strong>Duo: <\/strong>de R$ 24,90 para R$ 27,90 por m\u00eas<\/li>\n<li><strong>Fam\u00edlia: <\/strong>permanece em R$ 34,90 por m\u00eas<\/li>\n<li><strong>Universit\u00e1rio: <\/strong>de R$ 9,90 para R$ 11,90 por m\u00eas<\/li>\n<\/ul>\n<p> Os clientes que estiverem no per\u00edodo de testes poder\u00e3o seguir no servi\u00e7o. Ap\u00f3s o t\u00e9rmino do prazo, a primeira cobran\u00e7a ser\u00e1 no pre\u00e7o atual e, s\u00f3 depois, a assinatura ser\u00e1 reajustada. <\/p>\n<p> &quot;Vamos aumentar o pre\u00e7o do Premium Individual para continuarmos investindo e inovando nas nossas ofertas e recursos, al\u00e9m de melhorar ainda mais sua experi\u00eancia&quot;, afirmou o Spotify, no e-mail. <\/p>\n<p> Os planos pagos permitem que usu\u00e1rios escutem m\u00fasicas sem an\u00fancios em qualquer lugar, mesmo onde n\u00e3o h\u00e1 internet. Al\u00e9m do plano Individual, \u00e9 poss\u00edvel assinar o plano Duo, voltado para duas pessoas que moram juntas, e o Fam\u00edlia, para at\u00e9 seis pessoas que moram no mesmo endere\u00e7o. <\/p>\n<p> J\u00e1 o plano Universit\u00e1rio oferece desconto para estudantes com mais 18 anos de idade ou mais e que tenham matr\u00edcula em institui\u00e7\u00f5es de ensino credenciadas. <\/p>\n<p> <strong>LEIA TAMB\u00c9M:<\/strong> <\/p>\n<ul>\n<li><a class href=\"https:\/\/g1.globo.com\/tecnologia\/noticia\/2023\/07\/24\/novo-logo-do-twitter-vira-meme-nas-redes-sociais.ghtml\">X de Xuxa? Novo logo do Twitter vira meme nas redes sociais<\/a><\/li>\n<li><a class href=\"https:\/\/g1.globo.com\/tecnologia\/noticia\/2023\/07\/12\/remini-fotos-de-bebes-e-gravidez-criadas-por-ia-viralizam-nas-redes-sociais-saiba-como-fazer.ghtml\">Remini: como fazer fotos de beb\u00eas com app que viralizou nas redes<\/a><\/li>\n<\/ul>\n<p>         2 de 2&#013;Pre\u00e7os dos planos do Spotify anunciados em 24 de julho de 2023 \u2014 Foto: Reprodu\u00e7\u00e3o    <\/p>\n<p> Pre\u00e7os dos planos do Spotify anunciados em 24 de julho de 2023 \u2014 Foto: Reprodu\u00e7\u00e3o <\/p>\n<ul>\n<li> <a href=\"https:\/\/g1.globo.com\/tudo-sobre\/spotify\/\" class=\"entities__list-itemLink\" data-track-click=\"Spotify\"> Spotify <\/a> <\/li>\n<\/ul>\n","protected":false},"excerpt":{"rendered":"<p>1 de 2&#013;Spotify \u2014 Foto: REUTERS\/Brendan McDermid\/File Photo Spotify \u2014 Foto: REUTERS\/Brendan McDermid\/File Photo O Spotify anunciou que vai aumentar os pre\u00e7os para tr\u00eas planos: Individual, Duo e Universit\u00e1rio. A medida ser\u00e1 aplicada em mais de 50 pa\u00edses, incluindo o Brasil. Em um e-mail para usu\u00e1rios, a empresa explicou que quem j\u00e1 \u00e9 assinante continuar\u00e1 [&hellip;]<\/p>\n","protected":false},"author":1,"featured_media":0,"comment_status":"closed","ping_status":"closed","sticky":false,"template":"","format":"standard","meta":{"footnotes":""},"categories":[],"tags":[],"class_list":["post-51122","post","type-post","status-publish","format-standard","hentry"],"_links":{"self":[{"href":"https:\/\/blog.corretoraideal.com.br\/index.php\/wp-json\/wp\/v2\/posts\/51122","targetHints":{"allow":["GET"]}}],"collection":[{"href":"https:\/\/blog.corretoraideal.com.br\/index.php\/wp-json\/wp\/v2\/posts"}],"about":[{"href":"https:\/\/blog.corretoraideal.com.br\/index.php\/wp-json\/wp\/v2\/types\/post"}],"author":[{"embeddable":true,"href":"https:\/\/blog.corretoraideal.com.br\/index.php\/wp-json\/wp\/v2\/users\/1"}],"replies":[{"embeddable":true,"href":"https:\/\/blog.corretoraideal.com.br\/index.php\/wp-json\/wp\/v2\/comments?post=51122"}],"version-history":[{"count":1,"href":"https:\/\/blog.corretoraideal.com.br\/index.php\/wp-json\/wp\/v2\/posts\/51122\/revisions"}],"predecessor-version":[{"id":51124,"href":"https:\/\/blog.corretoraideal.com.br\/index.php\/wp-json\/wp\/v2\/posts\/51122\/revisions\/51124"}],"wp:attachment":[{"href":"https:\/\/blog.corretoraideal.com.br\/index.php\/wp-json\/wp\/v2\/media?parent=51122"}],"wp:term":[{"taxonomy":"category","embeddable":true,"href":"https:\/\/blog.corretoraideal.com.br\/index.php\/wp-json\/wp\/v2\/categories?post=51122"},{"taxonomy":"post_tag","embeddable":true,"href":"https:\/\/blog.corretoraideal.com.br\/index.php\/wp-json\/wp\/v2\/tags?post=51122"}],"curies":[{"name":"wp","href":"https:\/\/api.w.org\/{rel}","templated":true}]}}