{"id":51125,"date":"2023-07-25T00:30:08","date_gmt":"2023-07-25T00:30:08","guid":{"rendered":"https:\/\/blog.corretoraideal.com.br\/?p=51125"},"modified":"2023-07-25T00:30:08","modified_gmt":"2023-07-25T00:30:08","slug":"inscricoes-abertas-para-oficinas-em-sao-joao-da-barra-norte-fluminense-g1","status":"publish","type":"post","link":"https:\/\/blog.corretoraideal.com.br\/index.php\/2023\/07\/25\/inscricoes-abertas-para-oficinas-em-sao-joao-da-barra-norte-fluminense-g1\/","title":{"rendered":"Inscri\u00e7\u00f5es abertas para oficinas em S\u00e3o Jo\u00e3o da Barra | Norte Fluminense | G1"},"content":{"rendered":"<p>      1 de 1&#013;Interessados devem comparecer ao Centro Cultural Nacisa Am\u00e1lia a partir desta ter\u00e7a-feira. \u2014 Foto: Prefeitura de S\u00e3o Jo\u00e3o da Barra    <\/p>\n<p> Interessados devem comparecer ao Centro Cultural Nacisa Am\u00e1lia a partir desta ter\u00e7a-feira. \u2014 Foto: Prefeitura de S\u00e3o Jo\u00e3o da Barra <\/p>\n<p> A Secretaria Municipal de Cultura (Secult) de <a class href=\"https:\/\/g1.globo.com\/rj\/norte-fluminense\/cidade\/sao-joao-da-barra\/\">S\u00e3o Jo\u00e3o da Barra<\/a> abre, nesta ter\u00e7a-feira (25), as inscri\u00e7\u00f5es, para oficinas de artesanato, dan\u00e7as folcl\u00f3ricas e gastronomia. Para efetuar a inscri\u00e7\u00e3o, \u00e9 preciso ir at\u00e9 o Centro Cultural Narcisa Am\u00e1lia, no bairro Chatuba. <\/p>\n<p> Os interessados devem levar c\u00f3pia do documento de identifica\u00e7\u00e3o, CPF e comprovante de resid\u00eancia. <\/p>\n<p> Com previs\u00e3o de in\u00edcio na primeira semana de agosto, todas as oficinas ir\u00e3o acontecer no pr\u00f3prio Centro Cultural. <\/p>\n<p> Para quem deseja aprender oficinas de \u201cArtesanato, a Secult oferece capitone (segundas e quartas), tapete em retalho (segundas e sextas) e fuxico (quartas e sextas) com a instrutora Mariangela Amaral, sempre pela manh\u00e3. <\/p>\n<p> \u00c0 tarde, haver\u00e1 aulas com a instrutora Thais Paes de patch aplique (segundas e quartas), vagonite (segundas e sextas) e macram\u00ea (quartas e sextas). <\/p>\n<p> A oficina \u201cSaber dos sabores: geleias tradicionais\u201d acontecer\u00e1 todas as ter\u00e7as, das 9h \u00e0s 11h, e \u00e0s quartas, das 14h \u00e0s 16h, com a instrutora Lecy Pontes, que se especializou nesta especiaria com frutas nativas. <\/p>\n<p> J\u00e1 os amantes da cultura popular poder\u00e3o se inscrever na oficina \u201cDan\u00e7as Folcl\u00f3ricas\u201d ministrada por Tarcisio Malhardes, \u00e0s quintas-feiras, 18h. <\/p>\n<p> <strong>Programa\u00e7\u00e3o das oficinas:<\/strong> <\/p>\n<p> Segundas: <\/p>\n<p> 9h \u2013 10h: Capitone (Mariangela Amaral) <\/p>\n<p> 10h \u2013 11h: Tapete de retalho (Mariangela Amaral) <\/p>\n<p> 14h \u2013 15h: Patch aplique (Thais Paes) <\/p>\n<p> 15h \u2013 16h: Vagonite(Thais Paes) <\/p>\n<p> Ter\u00e7as: <\/p>\n<p> 9h \u2013 11h: Saber dos sabores: geleias tradicionais (Lecy Pontes) <\/p>\n<p> Quartas: <\/p>\n<p> 9h \u2013 10h: Fuxico (Mariangela Amaral) <\/p>\n<p> 10h \u2013 11h: Capitone (Mariangela Amaral) <\/p>\n<p> 14h \u2013 15h: Macram\u00ea (Thais Paes) <\/p>\n<p> 15h \u2013 16h: Patch aplique(Thais Paes) <\/p>\n<p> 14h \u2013 16h: Saber dos sabores: geleias tradicionais(Lecy Pontes) <\/p>\n<p> Quintas: <\/p>\n<p> 18h \u2013 19h30: Dan\u00e7as Folcl\u00f3ricas (Tarcisio Malhardes) <\/p>\n<p> Sextas: <\/p>\n<p> 9h \u2013 10h: Tapete de retalho (Mariangela Amaral) <\/p>\n<p> 10h \u2013 11h: Fuxico (Mariangela Amaral) <\/p>\n<p> 14h \u2013 15h: Vagonite (Thais Paes) <\/p>\n<p> 15h \u2013 16h: Macram\u00ea (Thais Paes) <\/p>\n<ul>\n<li> <a href=\"https:\/\/g1.globo.com\/rj\/norte-fluminense\/cidade\/sao-joao-da-barra\/\" class=\"entities__list-itemLink\" data-track-click=\"S\u00e3o Jo\u00e3o da Barra\"> S\u00e3o Jo\u00e3o da Barra <\/a> <\/li>\n<\/ul>\n","protected":false},"excerpt":{"rendered":"<p>1 de 1&#013;Interessados devem comparecer ao Centro Cultural Nacisa Am\u00e1lia a partir desta ter\u00e7a-feira. \u2014 Foto: Prefeitura de S\u00e3o Jo\u00e3o da Barra Interessados devem comparecer ao Centro Cultural Nacisa Am\u00e1lia a partir desta ter\u00e7a-feira. \u2014 Foto: Prefeitura de S\u00e3o Jo\u00e3o da Barra A Secretaria Municipal de Cultura (Secult) de S\u00e3o Jo\u00e3o da Barra abre, nesta [&hellip;]<\/p>\n","protected":false},"author":1,"featured_media":0,"comment_status":"closed","ping_status":"closed","sticky":false,"template":"","format":"standard","meta":{"footnotes":""},"categories":[],"tags":[],"class_list":["post-51125","post","type-post","status-publish","format-standard","hentry"],"_links":{"self":[{"href":"https:\/\/blog.corretoraideal.com.br\/index.php\/wp-json\/wp\/v2\/posts\/51125","targetHints":{"allow":["GET"]}}],"collection":[{"href":"https:\/\/blog.corretoraideal.com.br\/index.php\/wp-json\/wp\/v2\/posts"}],"about":[{"href":"https:\/\/blog.corretoraideal.com.br\/index.php\/wp-json\/wp\/v2\/types\/post"}],"author":[{"embeddable":true,"href":"https:\/\/blog.corretoraideal.com.br\/index.php\/wp-json\/wp\/v2\/users\/1"}],"replies":[{"embeddable":true,"href":"https:\/\/blog.corretoraideal.com.br\/index.php\/wp-json\/wp\/v2\/comments?post=51125"}],"version-history":[{"count":1,"href":"https:\/\/blog.corretoraideal.com.br\/index.php\/wp-json\/wp\/v2\/posts\/51125\/revisions"}],"predecessor-version":[{"id":51127,"href":"https:\/\/blog.corretoraideal.com.br\/index.php\/wp-json\/wp\/v2\/posts\/51125\/revisions\/51127"}],"wp:attachment":[{"href":"https:\/\/blog.corretoraideal.com.br\/index.php\/wp-json\/wp\/v2\/media?parent=51125"}],"wp:term":[{"taxonomy":"category","embeddable":true,"href":"https:\/\/blog.corretoraideal.com.br\/index.php\/wp-json\/wp\/v2\/categories?post=51125"},{"taxonomy":"post_tag","embeddable":true,"href":"https:\/\/blog.corretoraideal.com.br\/index.php\/wp-json\/wp\/v2\/tags?post=51125"}],"curies":[{"name":"wp","href":"https:\/\/api.w.org\/{rel}","templated":true}]}}