{"id":51128,"date":"2023-07-25T02:29:43","date_gmt":"2023-07-25T02:29:43","guid":{"rendered":"https:\/\/blog.corretoraideal.com.br\/?p=51128"},"modified":"2023-07-25T02:29:43","modified_gmt":"2023-07-25T02:29:43","slug":"ex-ministro-de-bolsonaro-paulo-guedes-e-anunciado-como-socio-e-presidente-do-conselho-da-legend-capital-economia-g1","status":"publish","type":"post","link":"https:\/\/blog.corretoraideal.com.br\/index.php\/2023\/07\/25\/ex-ministro-de-bolsonaro-paulo-guedes-e-anunciado-como-socio-e-presidente-do-conselho-da-legend-capital-economia-g1\/","title":{"rendered":"Ex-ministro de Bolsonaro, Paulo Guedes \u00e9 anunciado como s\u00f3cio e presidente do conselho da Legend Capital | Economia | G1"},"content":{"rendered":"<p>      1 de 1&#013;Ex-ministro da Economia Paulo Guedes \u2014 Foto: Adriano Machado\/Reuters    <\/p>\n<p> Ex-ministro da Economia Paulo Guedes \u2014 Foto: Adriano Machado\/Reuters <\/p>\n<p> O ex-ministro da Economia <a class href=\"https:\/\/g1.globo.com\/tudo-sobre\/paulo-guedes\/\">Paulo Guedes<\/a> se tornar\u00e1 s\u00f3cio e presidente do conselho da Legend Capital, disse a gestora brasileira de patrim\u00f4nio e ativos nesta segunda-feira (24). <\/p>\n<p> A Legend Capital administra<strong> R$ 11 bilh\u00f5es <\/strong>e tem escrit\u00f3rios em S\u00e3o Paulo, Rio de Janeiro e Miami. A gestora \u00e9 especializada em assessoria de investimentos \u2014 afiliada ao Banco <a class href=\"https:\/\/g1.globo.com\/tudo-sobre\/btg-pactual\/\">BTG Pactual<\/a> neste caso \u2014 e gest\u00e3o patrimonial. <\/p>\n<p> <strong>LEIA TAMB\u00c9M:<\/strong> <\/p>\n<ul>\n<li><a class href=\"https:\/\/g1.globo.com\/economia\/noticia\/2022\/12\/10\/relembre-frases-polemicas-de-paulo-guedes-o-posto-ipiranga-de-bolsonaro-na-economia.ghtml\">Relembre frases pol\u00eamicas de Paulo Guedes, o &#x27;posto Ipiranga&#x27; de Bolsonaro na economia<\/a><\/li>\n<\/ul>\n<p> A empresa informou em comunicado que Guedes, que assumir\u00e1 o cargo na pr\u00f3xima semana, ter\u00e1 a tarefa de montar uma equipe executiva focada em reestrutura\u00e7\u00f5es corporativas. <\/p>\n<p> Antes de atuar como ministro da Economia durante a gest\u00e3o do ex-presidente <a class href=\"https:\/\/g1.globo.com\/politica\/politico\/jair-bolsonaro\/\">Jair Bolsonaro<\/a> (<a class href=\"https:\/\/g1.globo.com\/politica\/partido\/pl\/\">PL<\/a>), Guedes foi o cofundador de um banco de investimento em 1983, que mais tarde evoluiu para o BTG Pactual. <\/p>\n<p> Ele tamb\u00e9m projetou fundos de &quot;private equity&quot; com foco nos setores de educa\u00e7\u00e3o e sa\u00fade. <\/p>\n<p> Guedes completou um per\u00edodo de quarentena que terminou em junho, em que se absteve de se envolver em atividades do setor privado. <\/p>\n<ul>\n<li> <a href=\"https:\/\/g1.globo.com\/tudo-sobre\/btg-pactual\/\" class=\"entities__list-itemLink\" data-track-click=\"BTG Pactual\"> BTG Pactual <\/a> <\/li>\n<li> <a href=\"https:\/\/g1.globo.com\/politica\/partido\/pl\/\" class=\"entities__list-itemLink\" data-track-click=\"PL\"> PL <\/a> <\/li>\n<li> <a href=\"https:\/\/g1.globo.com\/tudo-sobre\/paulo-guedes\/\" class=\"entities__list-itemLink\" data-track-click=\"Paulo Guedes\"> Paulo Guedes <\/a> <\/li>\n<\/ul>\n","protected":false},"excerpt":{"rendered":"<p>1 de 1&#013;Ex-ministro da Economia Paulo Guedes \u2014 Foto: Adriano Machado\/Reuters Ex-ministro da Economia Paulo Guedes \u2014 Foto: Adriano Machado\/Reuters O ex-ministro da Economia Paulo Guedes se tornar\u00e1 s\u00f3cio e presidente do conselho da Legend Capital, disse a gestora brasileira de patrim\u00f4nio e ativos nesta segunda-feira (24). A Legend Capital administra R$ 11 bilh\u00f5es e [&hellip;]<\/p>\n","protected":false},"author":1,"featured_media":0,"comment_status":"closed","ping_status":"closed","sticky":false,"template":"","format":"standard","meta":{"footnotes":""},"categories":[],"tags":[],"class_list":["post-51128","post","type-post","status-publish","format-standard","hentry"],"_links":{"self":[{"href":"https:\/\/blog.corretoraideal.com.br\/index.php\/wp-json\/wp\/v2\/posts\/51128","targetHints":{"allow":["GET"]}}],"collection":[{"href":"https:\/\/blog.corretoraideal.com.br\/index.php\/wp-json\/wp\/v2\/posts"}],"about":[{"href":"https:\/\/blog.corretoraideal.com.br\/index.php\/wp-json\/wp\/v2\/types\/post"}],"author":[{"embeddable":true,"href":"https:\/\/blog.corretoraideal.com.br\/index.php\/wp-json\/wp\/v2\/users\/1"}],"replies":[{"embeddable":true,"href":"https:\/\/blog.corretoraideal.com.br\/index.php\/wp-json\/wp\/v2\/comments?post=51128"}],"version-history":[{"count":1,"href":"https:\/\/blog.corretoraideal.com.br\/index.php\/wp-json\/wp\/v2\/posts\/51128\/revisions"}],"predecessor-version":[{"id":51130,"href":"https:\/\/blog.corretoraideal.com.br\/index.php\/wp-json\/wp\/v2\/posts\/51128\/revisions\/51130"}],"wp:attachment":[{"href":"https:\/\/blog.corretoraideal.com.br\/index.php\/wp-json\/wp\/v2\/media?parent=51128"}],"wp:term":[{"taxonomy":"category","embeddable":true,"href":"https:\/\/blog.corretoraideal.com.br\/index.php\/wp-json\/wp\/v2\/categories?post=51128"},{"taxonomy":"post_tag","embeddable":true,"href":"https:\/\/blog.corretoraideal.com.br\/index.php\/wp-json\/wp\/v2\/tags?post=51128"}],"curies":[{"name":"wp","href":"https:\/\/api.w.org\/{rel}","templated":true}]}}