{"id":51135,"date":"2023-07-25T05:29:58","date_gmt":"2023-07-25T05:29:58","guid":{"rendered":"https:\/\/blog.corretoraideal.com.br\/?p=51135"},"modified":"2023-07-25T05:29:58","modified_gmt":"2023-07-25T05:29:58","slug":"jovem-de-27-anos-morre-em-acidente-entre-moto-e-caminhao-na-br-101-em-campos-norte-fluminense-g1","status":"publish","type":"post","link":"https:\/\/blog.corretoraideal.com.br\/index.php\/2023\/07\/25\/jovem-de-27-anos-morre-em-acidente-entre-moto-e-caminhao-na-br-101-em-campos-norte-fluminense-g1\/","title":{"rendered":"Jovem de 27 anos morre em acidente entre moto e caminh\u00e3o na BR-101, em Campos | Norte Fluminense | G1"},"content":{"rendered":"<p>      1 de 2&#013;Jovem de 27 anos morreu em acidente de moto em Campos \u2014 Foto: Yuri Ramos\/g1    <\/p>\n<p> Jovem de 27 anos morreu em acidente de moto em Campos \u2014 Foto: Yuri Ramos\/g1 <\/p>\n<p> Um jovem de 27 anos, identificado como Lucas Oliveira da Silva, morreu em um acidente de moto na manh\u00e3 desta segunda-feira (24) na BR-101, em <a class href=\"https:\/\/g1.globo.com\/rj\/norte-fluminense\/cidade\/campos-dos-goytacazes\/\">Campos dos Goytacazes<\/a>, Norte Fluminense. <\/p>\n<p>         2 de 2&#013;Lucas Oliveira da Silva tinha 27 anos e morreu num acidente de moto em Campos \u2014 Foto: Arquivo    <\/p>\n<p> Lucas Oliveira da Silva tinha 27 anos e morreu num acidente de moto em Campos \u2014 Foto: Arquivo <\/p>\n<p> A batida no subdistrito de Guarus envolveu a motocicleta pilotada por Lucas e um caminh\u00e3o. Os dois ve\u00edculos seguiam sentido Rio de Janeiro, ningu\u00e9m do caminh\u00e3o se feriu. <\/p>\n<p> Segundo o ajudante do caminh\u00e3o, a batida aconteceu no momento em que o ve\u00edculo tentava fazer uma manobra no local. <\/p>\n<p> O tr\u00e2nsito ficou lento e chegou a ser desviado, mas foi liberado em seguida. O corpo da v\u00edtima foi levado para o IML de Campos. <\/p>\n<ul>\n<li> <a href=\"https:\/\/g1.globo.com\/rj\/norte-fluminense\/cidade\/campos-dos-goytacazes\/\" class=\"entities__list-itemLink\" data-track-click=\"Campos dos Goytacazes\"> Campos dos Goytacazes <\/a> <\/li>\n<\/ul>\n","protected":false},"excerpt":{"rendered":"<p>1 de 2&#013;Jovem de 27 anos morreu em acidente de moto em Campos \u2014 Foto: Yuri Ramos\/g1 Jovem de 27 anos morreu em acidente de moto em Campos \u2014 Foto: Yuri Ramos\/g1 Um jovem de 27 anos, identificado como Lucas Oliveira da Silva, morreu em um acidente de moto na manh\u00e3 desta segunda-feira (24) na [&hellip;]<\/p>\n","protected":false},"author":1,"featured_media":0,"comment_status":"closed","ping_status":"closed","sticky":false,"template":"","format":"standard","meta":{"footnotes":""},"categories":[],"tags":[],"class_list":["post-51135","post","type-post","status-publish","format-standard","hentry"],"_links":{"self":[{"href":"https:\/\/blog.corretoraideal.com.br\/index.php\/wp-json\/wp\/v2\/posts\/51135","targetHints":{"allow":["GET"]}}],"collection":[{"href":"https:\/\/blog.corretoraideal.com.br\/index.php\/wp-json\/wp\/v2\/posts"}],"about":[{"href":"https:\/\/blog.corretoraideal.com.br\/index.php\/wp-json\/wp\/v2\/types\/post"}],"author":[{"embeddable":true,"href":"https:\/\/blog.corretoraideal.com.br\/index.php\/wp-json\/wp\/v2\/users\/1"}],"replies":[{"embeddable":true,"href":"https:\/\/blog.corretoraideal.com.br\/index.php\/wp-json\/wp\/v2\/comments?post=51135"}],"version-history":[{"count":1,"href":"https:\/\/blog.corretoraideal.com.br\/index.php\/wp-json\/wp\/v2\/posts\/51135\/revisions"}],"predecessor-version":[{"id":51137,"href":"https:\/\/blog.corretoraideal.com.br\/index.php\/wp-json\/wp\/v2\/posts\/51135\/revisions\/51137"}],"wp:attachment":[{"href":"https:\/\/blog.corretoraideal.com.br\/index.php\/wp-json\/wp\/v2\/media?parent=51135"}],"wp:term":[{"taxonomy":"category","embeddable":true,"href":"https:\/\/blog.corretoraideal.com.br\/index.php\/wp-json\/wp\/v2\/categories?post=51135"},{"taxonomy":"post_tag","embeddable":true,"href":"https:\/\/blog.corretoraideal.com.br\/index.php\/wp-json\/wp\/v2\/tags?post=51135"}],"curies":[{"name":"wp","href":"https:\/\/api.w.org\/{rel}","templated":true}]}}