{"id":51141,"date":"2023-07-26T19:54:43","date_gmt":"2023-07-26T19:54:43","guid":{"rendered":"https:\/\/blog.corretoraideal.com.br\/?p=51141"},"modified":"2023-07-26T19:54:43","modified_gmt":"2023-07-26T19:54:43","slug":"o-que-o-par-de-tenis-da-apple-a-venda-por-r-236-mil-tem-de-diferente-tecnologia-g1","status":"publish","type":"post","link":"https:\/\/blog.corretoraideal.com.br\/index.php\/2023\/07\/26\/o-que-o-par-de-tenis-da-apple-a-venda-por-r-236-mil-tem-de-diferente-tecnologia-g1\/","title":{"rendered":"O que o par de t\u00eanis da Apple \u00e0 venda por R$ 236 mil tem de diferente? | Tecnologia | G1"},"content":{"rendered":"<p>      1 de 2&#013;T\u00eanis raro da Apple \u2014 Foto: Reprodu\u00e7\u00e3o\/Sotheby&#039;s    <\/p>\n<p> T\u00eanis raro da Apple \u2014 Foto: Reprodu\u00e7\u00e3o\/Sotheby&#039;s <\/p>\n<p> Um par de t\u00eanis da <a class href=\"https:\/\/g1.globo.com\/tudo-sobre\/apple\/\">Apple<\/a> de tamanho 42 (Brasil) feito em meados dos anos 90 est\u00e1 dispon\u00edvel para compra nos Estados Unidos por US$ 50 mil (cerca de R$ 236 mil, na convers\u00e3o atual). O conjunto \u00e9 considerado uma raridade. <strong>Mas por qu\u00ea? ?<\/strong> <\/p>\n<ul>\n<li><strong>? iPhone 14: <\/strong><a class href=\"https:\/\/g1.globo.com\/tecnologia\/iphone-14-g1-testa-aparelho-mais-acessivel-da-linha-atual.ghtml\">g1 testa aparelho &#x27;mais acess\u00edvel&#x27; da linha atual<\/a><\/li>\n<\/ul>\n<p> ? Segundo a Sotheby&#x27;s, respons\u00e1vel pela venda, o produto foi feito sob medida para funcion\u00e1rios da Apple. &quot;Esses t\u00eanis raros foram um brinde \u00fanico em uma Confer\u00eancia Nacional de Vendas em meados dos anos 90&quot;. <\/p>\n<p> Todo na cor branca, os cal\u00e7ados trazem o cl\u00e1ssico logotipo da Apple colorido na lateral e na l\u00edngua. <\/p>\n<p> Os t\u00eanis est\u00e3o de acordo com a idade, informa a empresa, e apresenta algumas imperfei\u00e7\u00f5es, como amarelamento ao redor das entressolas e outras marcas leves de uso. <\/p>\n<p> &quot;Sem nunca ter chegado ao grande p\u00fablico, este par de t\u00eanis em particular \u00e9 um dos mais obscuros que existem e muito cobi\u00e7ado no mercado de revenda&quot;, afirma a Sotheby&#x27;s. <\/p>\n<p> O envio internacional est\u00e1 dispon\u00edvel no site oficial, mas o interessado ter\u00e1 que arcar com os impostos de importa\u00e7\u00e3o. <\/p>\n<p>         2 de 2&#013;T\u00eanis raro da Apple \u2014 Foto: Reprodu\u00e7\u00e3o\/Sotheby&#039;s    <\/p>\n<p> T\u00eanis raro da Apple \u2014 Foto: Reprodu\u00e7\u00e3o\/Sotheby&#039;s <\/p>\n<p> <strong>LEIA TAMB\u00c9M:<\/strong> <\/p>\n<ul>\n<li><a class href=\"https:\/\/g1.globo.com\/tecnologia\/noticia\/2023\/07\/26\/samsung-lanca-celulares-dobraveis-galaxy-z-flip-5-e-z-fold-5-video.ghtml\">Samsung lan\u00e7a celulares dobr\u00e1veis Galaxy Z Flip 5 e Z Fold 5; V\u00cdDEO<\/a><\/li>\n<li><a class href=\"https:\/\/g1.globo.com\/tecnologia\/noticia\/2023\/07\/26\/video-transforma-menina-de-9-anos-em-adulta-para-alertar-sobre-risco-de-exposicao-na-internet.ghtml#G1-TECNOLOGIA-FEED-user,rec-top,d8af5959-6527-462e-97be-c6cbeeae953a\">V\u00eddeo &#x27;transforma&#x27; menina de 9 anos em adulta para alertar sobre risco de exposi\u00e7\u00e3o na internet<\/a><\/li>\n<li><a class href=\"https:\/\/g1.globo.com\/tecnologia\/noticia\/2023\/07\/25\/alem-do-x-veja-10-mudancas-no-twitter-sob-o-comando-de-elon-musk.ghtml#G1-TECNOLOGIA-FEED-user,rec-top,d8af5959-6527-462e-97be-c6cbeeae953a\">Al\u00e9m do X: veja 10 mudan\u00e7as no Twitter sob o comando de Elon Musk<\/a><\/li>\n<\/ul>\n<ul>\n<li> <a href=\"https:\/\/g1.globo.com\/tudo-sobre\/apple\/\" class=\"entities__list-itemLink\" data-track-click=\"Apple\"> Apple <\/a> <\/li>\n<\/ul>\n","protected":false},"excerpt":{"rendered":"<p>1 de 2&#013;T\u00eanis raro da Apple \u2014 Foto: Reprodu\u00e7\u00e3o\/Sotheby&#039;s T\u00eanis raro da Apple \u2014 Foto: Reprodu\u00e7\u00e3o\/Sotheby&#039;s Um par de t\u00eanis da Apple de tamanho 42 (Brasil) feito em meados dos anos 90 est\u00e1 dispon\u00edvel para compra nos Estados Unidos por US$ 50 mil (cerca de R$ 236 mil, na convers\u00e3o atual). O conjunto \u00e9 considerado [&hellip;]<\/p>\n","protected":false},"author":1,"featured_media":0,"comment_status":"closed","ping_status":"closed","sticky":false,"template":"","format":"standard","meta":{"footnotes":""},"categories":[],"tags":[],"class_list":["post-51141","post","type-post","status-publish","format-standard","hentry"],"_links":{"self":[{"href":"https:\/\/blog.corretoraideal.com.br\/index.php\/wp-json\/wp\/v2\/posts\/51141","targetHints":{"allow":["GET"]}}],"collection":[{"href":"https:\/\/blog.corretoraideal.com.br\/index.php\/wp-json\/wp\/v2\/posts"}],"about":[{"href":"https:\/\/blog.corretoraideal.com.br\/index.php\/wp-json\/wp\/v2\/types\/post"}],"author":[{"embeddable":true,"href":"https:\/\/blog.corretoraideal.com.br\/index.php\/wp-json\/wp\/v2\/users\/1"}],"replies":[{"embeddable":true,"href":"https:\/\/blog.corretoraideal.com.br\/index.php\/wp-json\/wp\/v2\/comments?post=51141"}],"version-history":[{"count":1,"href":"https:\/\/blog.corretoraideal.com.br\/index.php\/wp-json\/wp\/v2\/posts\/51141\/revisions"}],"predecessor-version":[{"id":51143,"href":"https:\/\/blog.corretoraideal.com.br\/index.php\/wp-json\/wp\/v2\/posts\/51141\/revisions\/51143"}],"wp:attachment":[{"href":"https:\/\/blog.corretoraideal.com.br\/index.php\/wp-json\/wp\/v2\/media?parent=51141"}],"wp:term":[{"taxonomy":"category","embeddable":true,"href":"https:\/\/blog.corretoraideal.com.br\/index.php\/wp-json\/wp\/v2\/categories?post=51141"},{"taxonomy":"post_tag","embeddable":true,"href":"https:\/\/blog.corretoraideal.com.br\/index.php\/wp-json\/wp\/v2\/tags?post=51141"}],"curies":[{"name":"wp","href":"https:\/\/api.w.org\/{rel}","templated":true}]}}