{"id":51144,"date":"2023-07-26T21:31:36","date_gmt":"2023-07-26T21:31:36","guid":{"rendered":"https:\/\/blog.corretoraideal.com.br\/?p=51144"},"modified":"2023-07-26T21:31:36","modified_gmt":"2023-07-26T21:31:36","slug":"comecam-as-inscricoes-para-o-pre-vestibular-social-em-macae-norte-fluminense-g1","status":"publish","type":"post","link":"https:\/\/blog.corretoraideal.com.br\/index.php\/2023\/07\/26\/comecam-as-inscricoes-para-o-pre-vestibular-social-em-macae-norte-fluminense-g1\/","title":{"rendered":"Come\u00e7am as inscri\u00e7\u00f5es para o Pr\u00e9-Vestibular Social em Maca\u00e9 | Norte Fluminense | G1"},"content":{"rendered":"\n<p> As inscri\u00e7\u00f5es para o Pr\u00e9-Vestibular Social de <a class href=\"https:\/\/g1.globo.com\/rj\/regiao-dos-lagos\/cidade\/macae\/\">Maca\u00e9<\/a> tiveram in\u00edcio nesta quarta-feira (26), na Cidade Universit\u00e1ria. Ao todo ser\u00e3o oferecidas 150 vagas, distribu\u00eddas nos turnos da manh\u00e3, tarde e noite. <\/p>\n<p> As inscri\u00e7\u00f5es ser\u00e3o realizadas no per\u00edodo da manh\u00e3: das 7h30 \u00e0s 11h; tarde: 13h \u00e0s 17h; e noite: 18h \u00e0s 20h30. <\/p>\n<p> Ser\u00e3o oferecidas 60 vagas para o turno da manh\u00e3, 30 para o turno da tarde e 60 para o per\u00edodo da noite. <\/p>\n<p> A coordenadora do Pr\u00e9-Vestibular Social, \u00c2ngela Rodrigues, explica que as aulas ser\u00e3o ministradas em tr\u00eas turnos: manh\u00e3, das 7h30 \u00e0s 12h15; tarde, das 13h \u00e0s 17h55; e da noite, das 18h \u00e0s 22h. <\/p>\n<p> &quot;Para o candidato fazer sua inscri\u00e7\u00e3o, \u00e9 necess\u00e1rio ter feito a inscri\u00e7\u00e3o do Enem e estar cursando o 3\u00b0 ano do Ensino M\u00e9dio ou j\u00e1 ter conclu\u00eddo. Tamb\u00e9m podem se inscrever os que desejam concorrer em outros vestibulares como Femass, UERJ e IFF&quot;, explicou. <\/p>\n<p> Para fazer inscri\u00e7\u00e3o \u00e9 necess\u00e1rio comparecer ao local com c\u00f3pias da carteira de identidade, CPF, duas fotos 3&#215;4, comprovante de escolaridade e n\u00famero de inscri\u00e7\u00e3o do Enem. <\/p>\n<p> As inscri\u00e7\u00f5es prosseguem nesta quinta (27) e sexta-feira (28). A Cidade Universit\u00e1ria fica localizada na Avenida Aluizio da Silva Gomes, 50, Novo Cavaleiros. <\/p>\n<ul>\n<li> <a href=\"https:\/\/g1.globo.com\/rj\/regiao-dos-lagos\/cidade\/macae\/\" class=\"entities__list-itemLink\" data-track-click=\"Maca\u00e9\"> Maca\u00e9 <\/a> <\/li>\n<\/ul>\n","protected":false},"excerpt":{"rendered":"<p>As inscri\u00e7\u00f5es para o Pr\u00e9-Vestibular Social de Maca\u00e9 tiveram in\u00edcio nesta quarta-feira (26), na Cidade Universit\u00e1ria. Ao todo ser\u00e3o oferecidas 150 vagas, distribu\u00eddas nos turnos da manh\u00e3, tarde e noite. As inscri\u00e7\u00f5es ser\u00e3o realizadas no per\u00edodo da manh\u00e3: das 7h30 \u00e0s 11h; tarde: 13h \u00e0s 17h; e noite: 18h \u00e0s 20h30. Ser\u00e3o oferecidas 60 vagas [&hellip;]<\/p>\n","protected":false},"author":1,"featured_media":0,"comment_status":"closed","ping_status":"closed","sticky":false,"template":"","format":"standard","meta":{"footnotes":""},"categories":[],"tags":[],"class_list":["post-51144","post","type-post","status-publish","format-standard","hentry"],"_links":{"self":[{"href":"https:\/\/blog.corretoraideal.com.br\/index.php\/wp-json\/wp\/v2\/posts\/51144","targetHints":{"allow":["GET"]}}],"collection":[{"href":"https:\/\/blog.corretoraideal.com.br\/index.php\/wp-json\/wp\/v2\/posts"}],"about":[{"href":"https:\/\/blog.corretoraideal.com.br\/index.php\/wp-json\/wp\/v2\/types\/post"}],"author":[{"embeddable":true,"href":"https:\/\/blog.corretoraideal.com.br\/index.php\/wp-json\/wp\/v2\/users\/1"}],"replies":[{"embeddable":true,"href":"https:\/\/blog.corretoraideal.com.br\/index.php\/wp-json\/wp\/v2\/comments?post=51144"}],"version-history":[{"count":1,"href":"https:\/\/blog.corretoraideal.com.br\/index.php\/wp-json\/wp\/v2\/posts\/51144\/revisions"}],"predecessor-version":[{"id":51146,"href":"https:\/\/blog.corretoraideal.com.br\/index.php\/wp-json\/wp\/v2\/posts\/51144\/revisions\/51146"}],"wp:attachment":[{"href":"https:\/\/blog.corretoraideal.com.br\/index.php\/wp-json\/wp\/v2\/media?parent=51144"}],"wp:term":[{"taxonomy":"category","embeddable":true,"href":"https:\/\/blog.corretoraideal.com.br\/index.php\/wp-json\/wp\/v2\/categories?post=51144"},{"taxonomy":"post_tag","embeddable":true,"href":"https:\/\/blog.corretoraideal.com.br\/index.php\/wp-json\/wp\/v2\/tags?post=51144"}],"curies":[{"name":"wp","href":"https:\/\/api.w.org\/{rel}","templated":true}]}}