{"id":51147,"date":"2023-07-26T22:32:18","date_gmt":"2023-07-26T22:32:18","guid":{"rendered":"https:\/\/blog.corretoraideal.com.br\/?p=51147"},"modified":"2023-07-26T22:32:18","modified_gmt":"2023-07-26T22:32:18","slug":"acai-da-amazonia-esta-entre-os-100-sabores-de-sorvete-mais-iconicos-do-mundo-sonho-realizado-diz-empresario-paraense-para-g1","status":"publish","type":"post","link":"https:\/\/blog.corretoraideal.com.br\/index.php\/2023\/07\/26\/acai-da-amazonia-esta-entre-os-100-sabores-de-sorvete-mais-iconicos-do-mundo-sonho-realizado-diz-empresario-paraense-para-g1\/","title":{"rendered":"A\u00e7a\u00ed da Amaz\u00f4nia est\u00e1 entre os 100 sabores de sorvete mais ic\u00f4nicos do mundo: &#039;sonho realizado&#039;, diz empres\u00e1rio paraense | Par\u00e1 | G1"},"content":{"rendered":"<p>      1 de 2&#013;Sorvete do Par\u00e1 est\u00e1 entre os 100 sabores mais ic\u00f4nicos do mundo \u2014 Foto: Reprodu\u00e7\u00e3o\/Redes Sociais    <\/p>\n<p> Sorvete do Par\u00e1 est\u00e1 entre os 100 sabores mais ic\u00f4nicos do mundo \u2014 Foto: Reprodu\u00e7\u00e3o\/Redes Sociais <\/p>\n<p> Uma sorveteria do Par\u00e1 ganhou<a class href=\"https:\/\/g1.globo.com\/turismo-e-viagem\/noticia\/2023\/07\/25\/brasil-tem-duas-das-melhores-sorveterias-do-mundo-segundo-atlas-gastronomico.ghtml\"> reconhecimento internacional e entrou para a lista das 100 sorveterias mais ic\u00f4nicas<\/a> do mundo com o sorvete de a\u00e7a\u00ed. <\/p>\n<p> O t\u00edtulo foi honrado pela Tasteatlas, uma enciclop\u00e9dia gastron\u00f4mica internacional que cataloga pratos tradicionais e restaurantes ao redor do mundo. <\/p>\n<p>                   <img loading=\"lazy\" decoding=\"async\" class=\"aligncenter size-full wp-image-51149\" src=\"https:\/\/blog.corretoraideal.com.br\/wp-content\/uploads\/2023\/07\/brasil-tem-duas-das-melhores-sorveterias-do-mundo-segundo-atlas-gastronomico.jpeg\" alt=\"Brasil tem duas das melhores sorveterias do mundo, segundo atlas gastron\u00f4mico\" width=\"800\" height=\"400\" \/>      <\/p>\n<p> Brasil tem duas das melhores sorveterias do mundo, segundo atlas gastron\u00f4mico <\/p>\n<p> A sorveteria Cairu foi criada em 1963 em <a class href=\"https:\/\/g1.globo.com\/pa\/para\/cidade\/belem\/\">Bel\u00e9m<\/a> do Par\u00e1, pelo casal Armando e Ruth Laiun. O empreendimento foi contemplado e reconhecido por ser considerado s\u00edmbolo de orgulho regional, al\u00e9m de embaixadora dos sabores amaz\u00f4nicos entre paraenses e turistas que visitam a regi\u00e3o. <\/p>\n<p> Em 2022, a sorveteria tamb\u00e9m entrou para a lista das 50 melhores do mundo no Festival Mundial do Gelato, um dos concursos mais famosos da \u00e1rea, realizado em Roma, na It\u00e1lia. <\/p>\n<p> A receita premiada em 2022 foi o sorvete &quot;Carimb\u00f3&quot;, que mistura doce de cupua\u00e7u e castanha-do-Par\u00e1, cujo nome \u00e9 em homenagem a tradicional dan\u00e7a t\u00edpica do Par\u00e1. <\/p>\n<p> Para o propriet\u00e1rio Armando Jos\u00e9 Laiun Filho, desta vez, estar na lista internacional da Tasteatlas representa um grande marco para a culin\u00e1ria do Norte do Brasil. <\/p>\n<p>&quot;\u00c9 um sonho realizado, receber o reconhecimento de estar entre as 100 melhores sorveterias do mundo. Principalmente neste ano em que a sorveteria completa 60 anos de atividades!&quot;.<\/p>\n<p> Na lista de recomenda\u00e7\u00e3o citada pela enciclop\u00e9dia gastron\u00f4mica, a sorveteria paraense foi destacada pelo uso de frutas nativas da Amaz\u00f4nia, evidenciando os sabores \u00fanicos da regi\u00e3o. <\/p>\n<p>         2 de 2&#013;Sorvete do Par\u00e1 est\u00e1 entre os 100 sabores mais ic\u00f4nicos do mundo \u2014 Foto: Reprodu\u00e7\u00e3o\/Tasteatlas    <\/p>\n<p> Sorvete do Par\u00e1 est\u00e1 entre os 100 sabores mais ic\u00f4nicos do mundo \u2014 Foto: Reprodu\u00e7\u00e3o\/Tasteatlas <\/p>\n<p> O propriet\u00e1rio da sorveteria conta que a produ\u00e7\u00e3o do sorvete de a\u00e7a\u00ed \u00e9 100% artesanal, de fabrica\u00e7\u00e3o di\u00e1ria, sem nenhuma gordura hidrogenada e sem conservantes. <\/p>\n<p> Outro ponto citado pela lista internacional foi o rico e distinto sabor do a\u00e7a\u00ed que equilibra e mistura a do\u00e7ura e acidez, trazendo uma experi\u00eancia \u00fanica para quem o prova. <\/p>\n<p> O diferencial seria a perspectiva da cultura paraense em formato de sorvetes regionais, segundo o dono da sorveteria. &quot;Tamb\u00e9m contamos com um vasto leque de op\u00e7\u00f5es tradicionais para agradar a todos os paladares&quot;, finalizou. <\/p>\n<p> A lista gastron\u00f4mica ainda convidou o p\u00fablico nas redes sociais a vivenciarem as sorveterias citadas, afim de entender a experi\u00eancia ic\u00f4nica de saborear sorvetes \u00fanicos e diferenciados. <\/p>\n<p><h2>V\u00cdDEOS: veja todas as not\u00edcias do Par\u00e1<\/h2>\n<\/p>\n<p>   <a href=\"https:\/\/g1.globo.com\/pa\/para\/playlist\/videos-veja-todas-as-noticias-do-para.ghtml\">    50 v\u00eddeos      <\/a>       <\/p>\n<p> Leia mais not\u00edcias do estado no<a class href=\"https:\/\/g1.globo.com\/pa\/para\/\"> g1 Par\u00e1<\/a> <\/p>\n<ul>\n<li> <a href=\"https:\/\/g1.globo.com\/pa\/para\/cidade\/belem\/\" class=\"entities__list-itemLink\" data-track-click=\"Bel\u00e9m\"> Bel\u00e9m <\/a> <\/li>\n<\/ul>\n","protected":false},"excerpt":{"rendered":"<p>1 de 2&#013;Sorvete do Par\u00e1 est\u00e1 entre os 100 sabores mais ic\u00f4nicos do mundo \u2014 Foto: Reprodu\u00e7\u00e3o\/Redes Sociais Sorvete do Par\u00e1 est\u00e1 entre os 100 sabores mais ic\u00f4nicos do mundo \u2014 Foto: Reprodu\u00e7\u00e3o\/Redes Sociais Uma sorveteria do Par\u00e1 ganhou reconhecimento internacional e entrou para a lista das 100 sorveterias mais ic\u00f4nicas do mundo com o [&hellip;]<\/p>\n","protected":false},"author":1,"featured_media":0,"comment_status":"closed","ping_status":"closed","sticky":false,"template":"","format":"standard","meta":{"footnotes":""},"categories":[],"tags":[],"class_list":["post-51147","post","type-post","status-publish","format-standard","hentry"],"_links":{"self":[{"href":"https:\/\/blog.corretoraideal.com.br\/index.php\/wp-json\/wp\/v2\/posts\/51147","targetHints":{"allow":["GET"]}}],"collection":[{"href":"https:\/\/blog.corretoraideal.com.br\/index.php\/wp-json\/wp\/v2\/posts"}],"about":[{"href":"https:\/\/blog.corretoraideal.com.br\/index.php\/wp-json\/wp\/v2\/types\/post"}],"author":[{"embeddable":true,"href":"https:\/\/blog.corretoraideal.com.br\/index.php\/wp-json\/wp\/v2\/users\/1"}],"replies":[{"embeddable":true,"href":"https:\/\/blog.corretoraideal.com.br\/index.php\/wp-json\/wp\/v2\/comments?post=51147"}],"version-history":[{"count":1,"href":"https:\/\/blog.corretoraideal.com.br\/index.php\/wp-json\/wp\/v2\/posts\/51147\/revisions"}],"predecessor-version":[{"id":51150,"href":"https:\/\/blog.corretoraideal.com.br\/index.php\/wp-json\/wp\/v2\/posts\/51147\/revisions\/51150"}],"wp:attachment":[{"href":"https:\/\/blog.corretoraideal.com.br\/index.php\/wp-json\/wp\/v2\/media?parent=51147"}],"wp:term":[{"taxonomy":"category","embeddable":true,"href":"https:\/\/blog.corretoraideal.com.br\/index.php\/wp-json\/wp\/v2\/categories?post=51147"},{"taxonomy":"post_tag","embeddable":true,"href":"https:\/\/blog.corretoraideal.com.br\/index.php\/wp-json\/wp\/v2\/tags?post=51147"}],"curies":[{"name":"wp","href":"https:\/\/api.w.org\/{rel}","templated":true}]}}