{"id":51154,"date":"2023-07-27T00:29:39","date_gmt":"2023-07-27T00:29:39","guid":{"rendered":"https:\/\/blog.corretoraideal.com.br\/?p=51154"},"modified":"2023-07-27T00:29:39","modified_gmt":"2023-07-27T00:29:39","slug":"anatel-libera-ativacao-do-5g-em-102-municipios-veja-quais-tecnologia-g1","status":"publish","type":"post","link":"https:\/\/blog.corretoraideal.com.br\/index.php\/2023\/07\/27\/anatel-libera-ativacao-do-5g-em-102-municipios-veja-quais-tecnologia-g1\/","title":{"rendered":"Anatel libera ativa\u00e7\u00e3o do 5G em 102 munic\u00edpios; veja quais | Tecnologia | G1"},"content":{"rendered":"<p>      1 de 1&#013;Antena representando a tecnologia 5G \u2014 Foto: Reprodu\u00e7\u00e3o\/Christoph Scholz    <\/p>\n<p> Antena representando a tecnologia 5G \u2014 Foto: Reprodu\u00e7\u00e3o\/Christoph Scholz <\/p>\n<p> A Ag\u00eancia Nacional de Telecomunica\u00e7\u00f5es (<a class href=\"https:\/\/g1.globo.com\/tudo-sobre\/anatel\/\">Anatel<\/a>) decidiu liberar a faixa do 5G \u2014 quinta gera\u00e7\u00e3o de internet m\u00f3vel \u2014 em mais <strong>102 munic\u00edpios<\/strong> (veja abaixo) a partir de 31 de julho. As operadoras de telefonia j\u00e1 podem solicitar a ativa\u00e7\u00e3o do sinal nessas \u00e1reas. <\/p>\n<p> A decis\u00e3o foi tomada nesta quarta-feira (26) pelo Gaispi, grupo respons\u00e1vel por fazer o acompanhamento da implementa\u00e7\u00e3o da tecnologia, que \u00e9 comandado pela ag\u00eancia. <\/p>\n<p> Com isso, <strong>1.712 munic\u00edpios passar\u00e3o a ter o 5G dispon\u00edvel<\/strong>. A tecnologia estar\u00e1 dispon\u00edvel para 145 milh\u00f5es de brasileiros, ou 69,3% da popula\u00e7\u00e3o nacional, segundo a Anatel. <\/p>\n<p> De acordo com a Anatel, a libera\u00e7\u00e3o da faixa n\u00e3o significa implanta\u00e7\u00e3o imediata da tecnologia. <\/p>\n<p>\u201cA instala\u00e7\u00e3o antecipada de esta\u00e7\u00f5es de quinta gera\u00e7\u00e3o nessas cidades depende do planejamento individual de cada prestadora\u201d, disse a ag\u00eancia em nota.<\/p>\n<p> O 5G deve chegar a todas as cidades do pa\u00eds at\u00e9 2029, quando as operadoras devem instalar as antenas nas cidades de at\u00e9 30 mil habitantes. <\/p>\n<p>  Munic\u00edpios aptos a receber a conex\u00e3o 5G a partir de 31\/7  <\/p>\n<p><h2>TV digital<\/h2>\n<\/p>\n<p>                   <img loading=\"lazy\" decoding=\"async\" class=\"aligncenter size-full wp-image-51156\" src=\"https:\/\/blog.corretoraideal.com.br\/wp-content\/uploads\/2023\/07\/saiba-como-solicitar-o-kit-da-tv-digital.jpeg\" alt=\"Saiba como solicitar o kit da tv digital\" width=\"800\" height=\"400\" \/>      <\/p>\n<p> Saiba como solicitar o kit da tv digital <\/p>\n<p> Antes do leil\u00e3o, a faixa do espectro de 3,5 giga-hertz \u2014 que funciona com uma avenida por onde trafegam os dados \u2014 era usada por antenas parab\u00f3licas para a recep\u00e7\u00e3o do sinal de TV aberta e por servi\u00e7os de sat\u00e9lites. <\/p>\n<p> A Siga Antenado, entidade criada pelas principais vencedoras do leil\u00e3o do 5G, tem um <a class href=\"https:\/\/g1.globo.com\/economia\/tecnologia\/noticia\/2022\/06\/21\/entidade-criada-por-operadoras-inicia-procedimentos-para-liberar-sinal-do-5g-em-brasilia.ghtml\">cronograma para fazer a instala\u00e7\u00e3o de novas antenas<\/a> em outra faixa do espectro e de filtros. O objetivo \u00e9 impedir a interfer\u00eancia no sinal do 5G. <\/p>\n<p> As pessoas que t\u00eam antenas parab\u00f3licas precisam adaptar o equipamento. Aqueles que est\u00e3o inscritos no Cad\u00danico podem solicitar o kit gratuito \u00e0 Siga Antenado. <\/p>\n<ul>\n<li> <a href=\"https:\/\/g1.globo.com\/tudo-sobre\/anatel\/\" class=\"entities__list-itemLink\" data-track-click=\"Anatel\"> Anatel <\/a> <\/li>\n<\/ul>\n","protected":false},"excerpt":{"rendered":"<p>1 de 1&#013;Antena representando a tecnologia 5G \u2014 Foto: Reprodu\u00e7\u00e3o\/Christoph Scholz Antena representando a tecnologia 5G \u2014 Foto: Reprodu\u00e7\u00e3o\/Christoph Scholz A Ag\u00eancia Nacional de Telecomunica\u00e7\u00f5es (Anatel) decidiu liberar a faixa do 5G \u2014 quinta gera\u00e7\u00e3o de internet m\u00f3vel \u2014 em mais 102 munic\u00edpios (veja abaixo) a partir de 31 de julho. As operadoras de telefonia [&hellip;]<\/p>\n","protected":false},"author":1,"featured_media":0,"comment_status":"closed","ping_status":"closed","sticky":false,"template":"","format":"standard","meta":{"footnotes":""},"categories":[],"tags":[],"class_list":["post-51154","post","type-post","status-publish","format-standard","hentry"],"_links":{"self":[{"href":"https:\/\/blog.corretoraideal.com.br\/index.php\/wp-json\/wp\/v2\/posts\/51154","targetHints":{"allow":["GET"]}}],"collection":[{"href":"https:\/\/blog.corretoraideal.com.br\/index.php\/wp-json\/wp\/v2\/posts"}],"about":[{"href":"https:\/\/blog.corretoraideal.com.br\/index.php\/wp-json\/wp\/v2\/types\/post"}],"author":[{"embeddable":true,"href":"https:\/\/blog.corretoraideal.com.br\/index.php\/wp-json\/wp\/v2\/users\/1"}],"replies":[{"embeddable":true,"href":"https:\/\/blog.corretoraideal.com.br\/index.php\/wp-json\/wp\/v2\/comments?post=51154"}],"version-history":[{"count":1,"href":"https:\/\/blog.corretoraideal.com.br\/index.php\/wp-json\/wp\/v2\/posts\/51154\/revisions"}],"predecessor-version":[{"id":51157,"href":"https:\/\/blog.corretoraideal.com.br\/index.php\/wp-json\/wp\/v2\/posts\/51154\/revisions\/51157"}],"wp:attachment":[{"href":"https:\/\/blog.corretoraideal.com.br\/index.php\/wp-json\/wp\/v2\/media?parent=51154"}],"wp:term":[{"taxonomy":"category","embeddable":true,"href":"https:\/\/blog.corretoraideal.com.br\/index.php\/wp-json\/wp\/v2\/categories?post=51154"},{"taxonomy":"post_tag","embeddable":true,"href":"https:\/\/blog.corretoraideal.com.br\/index.php\/wp-json\/wp\/v2\/tags?post=51154"}],"curies":[{"name":"wp","href":"https:\/\/api.w.org\/{rel}","templated":true}]}}