{"id":51158,"date":"2023-07-27T02:29:57","date_gmt":"2023-07-27T02:29:57","guid":{"rendered":"https:\/\/blog.corretoraideal.com.br\/?p=51158"},"modified":"2023-07-27T02:29:57","modified_gmt":"2023-07-27T02:29:57","slug":"catedral-em-campos-ganha-iluminacao-especial-para-receber-a-371a-festa-do-santissimo-salvador-norte-fluminense-g1","status":"publish","type":"post","link":"https:\/\/blog.corretoraideal.com.br\/index.php\/2023\/07\/27\/catedral-em-campos-ganha-iluminacao-especial-para-receber-a-371a-festa-do-santissimo-salvador-norte-fluminense-g1\/","title":{"rendered":"Catedral em Campos ganha ilumina\u00e7\u00e3o especial para receber a 371\u00aa Festa do Sant\u00edssimo Salvador | Norte Fluminense | G1"},"content":{"rendered":"<p>      1 de 3&#013;A Catedral do Sant\u00edssimo Salvador, em Campos, recebeu ilumina\u00e7\u00e3o especial na cor azul \u2014 Foto: C\u00e9sar Ferreira\/Prefeitura de Campos    <\/p>\n<p> A Catedral do Sant\u00edssimo Salvador, em Campos, recebeu ilumina\u00e7\u00e3o especial na cor azul \u2014 Foto: C\u00e9sar Ferreira\/Prefeitura de Campos <\/p>\n<p> A Catedral do Sant\u00edssimo Salvador, localizada na Pra\u00e7a Quatro Jornadas, em <a class href=\"https:\/\/g1.globo.com\/rj\/norte-fluminense\/cidade\/campos-dos-goytacazes\/\">Campos dos Goytacazes<\/a>, no Norte Fluminense, ganhou ilumina\u00e7\u00e3o especial em tom azul para receber a 371\u00aa Festa do Sant\u00edssimo Salvador, a partir de 28 de julho, com shows entre os dias 4 e 6 de agosto. <\/p>\n<p> A \u00e1rea externa recebeu manuten\u00e7\u00e3o e revitaliza\u00e7\u00e3o realizadas pela equipe da subsecretaria de Ilumina\u00e7\u00e3o P\u00fablica, \u00f3rg\u00e3o da Prefeitura de Campos, nesta ter\u00e7a-feira (25). <\/p>\n<p>         2 de 3&#013;Catedral em Campos recebeu 24 unidades de l\u00e2mpadas de multi vapor met\u00e1lico, na cor azul, com pot\u00eancia de 400W e 14 reatores externos de 400W \u2014 Foto: C\u00e9sar Ferreira\/Prefeitura de Campos    <\/p>\n<p> Catedral em Campos recebeu 24 unidades de l\u00e2mpadas de multi vapor met\u00e1lico, na cor azul, com pot\u00eancia de 400W e 14 reatores externos de 400W \u2014 Foto: C\u00e9sar Ferreira\/Prefeitura de Campos <\/p>\n<p> \u201cUtilizamos 24 unidades de l\u00e2mpadas de Multi Vapor Met\u00e1lico, na cor azul, com pot\u00eancia de 400W e 14 reatores externos de 400W, seguindo a determina\u00e7\u00e3o do prefeito Wladimir Garotinho, para que a Catedral esteja ainda mais bela, na festa do padroeiro. Seguiremos com plant\u00f5es para que o evento tenha total qualidade de ilumina\u00e7\u00e3o, dando beleza ao Centro e aumentando a seguran\u00e7a de quem vier participar da programa\u00e7\u00e3o dos festejos\u201d, disse Diego Dias, subsecret\u00e1rio de Ilumina\u00e7\u00e3o P\u00fablica. <\/p>\n<p> A escolha da cor azul foi um pedido da Diocese. O padre Helio Marcos da Silva Rosa, um dos sacerdotes da Catedral, explicou a import\u00e2ncia da iniciativa. <\/p>\n<p>         3 de 3&#013;Catedral do Sant\u00edssimo Salvador, em Campos, fica na Pra\u00e7a Quatro Jornadas, que vai receber shows em agosto na Festa do Sant\u00edssimo Salvador \u2014 Foto: C\u00e9sar Ferreira\/Prefeitura de Campos    <\/p>\n<p> Catedral do Sant\u00edssimo Salvador, em Campos, fica na Pra\u00e7a Quatro Jornadas, que vai receber shows em agosto na Festa do Sant\u00edssimo Salvador \u2014 Foto: C\u00e9sar Ferreira\/Prefeitura de Campos <\/p>\n<p> \u201cTrata-se de um s\u00edmbolo religioso e arquitet\u00f4nico de Campos. Sempre que o templo ganha nova ilumina\u00e7\u00e3o, seu brilho encanta moradores e turistas. Em nome do Bispo Dom Roberto Francisco, agradecemos a a\u00e7\u00e3o da municipalidade\u201d, destacou. <\/p>\n<p><h2><strong>A Festa<\/strong><\/h2>\n<\/p>\n<p> A programa\u00e7\u00e3o da 371\u00aa Festa do Sant\u00edssimo Salvador vai ocorrer entre os dias 28 de julho e 6 de agosto. <\/p>\n<p> A Prefeitura divulgou que o palco montado na Pra\u00e7a Quatro Jornadas receber\u00e1 os seguintes shows: <\/p>\n<ul>\n<li>Di Prop\u00f3sito (Oferecido pelo Sesc-RJ, no dia 04\/08);<\/li>\n<li>Caju pra Baixo (05\/08);<\/li>\n<li>e a cantora cat\u00f3lica Adriana Arydes (06\/08)<\/li>\n<\/ul>\n<p> A festa \u00e9 realizada pela Prefeitura de Campos, por meio da Funda\u00e7\u00e3o Cultural Jornalista Oswaldo Lima (FCJOL). <\/p>\n<ul>\n<li> <a href=\"https:\/\/g1.globo.com\/rj\/norte-fluminense\/cidade\/campos-dos-goytacazes\/\" class=\"entities__list-itemLink\" data-track-click=\"Campos dos Goytacazes\"> Campos dos Goytacazes <\/a> <\/li>\n<\/ul>\n","protected":false},"excerpt":{"rendered":"<p>1 de 3&#013;A Catedral do Sant\u00edssimo Salvador, em Campos, recebeu ilumina\u00e7\u00e3o especial na cor azul \u2014 Foto: C\u00e9sar Ferreira\/Prefeitura de Campos A Catedral do Sant\u00edssimo Salvador, em Campos, recebeu ilumina\u00e7\u00e3o especial na cor azul \u2014 Foto: C\u00e9sar Ferreira\/Prefeitura de Campos A Catedral do Sant\u00edssimo Salvador, localizada na Pra\u00e7a Quatro Jornadas, em Campos dos Goytacazes, no [&hellip;]<\/p>\n","protected":false},"author":1,"featured_media":0,"comment_status":"closed","ping_status":"closed","sticky":false,"template":"","format":"standard","meta":{"footnotes":""},"categories":[],"tags":[],"class_list":["post-51158","post","type-post","status-publish","format-standard","hentry"],"_links":{"self":[{"href":"https:\/\/blog.corretoraideal.com.br\/index.php\/wp-json\/wp\/v2\/posts\/51158","targetHints":{"allow":["GET"]}}],"collection":[{"href":"https:\/\/blog.corretoraideal.com.br\/index.php\/wp-json\/wp\/v2\/posts"}],"about":[{"href":"https:\/\/blog.corretoraideal.com.br\/index.php\/wp-json\/wp\/v2\/types\/post"}],"author":[{"embeddable":true,"href":"https:\/\/blog.corretoraideal.com.br\/index.php\/wp-json\/wp\/v2\/users\/1"}],"replies":[{"embeddable":true,"href":"https:\/\/blog.corretoraideal.com.br\/index.php\/wp-json\/wp\/v2\/comments?post=51158"}],"version-history":[{"count":1,"href":"https:\/\/blog.corretoraideal.com.br\/index.php\/wp-json\/wp\/v2\/posts\/51158\/revisions"}],"predecessor-version":[{"id":51160,"href":"https:\/\/blog.corretoraideal.com.br\/index.php\/wp-json\/wp\/v2\/posts\/51158\/revisions\/51160"}],"wp:attachment":[{"href":"https:\/\/blog.corretoraideal.com.br\/index.php\/wp-json\/wp\/v2\/media?parent=51158"}],"wp:term":[{"taxonomy":"category","embeddable":true,"href":"https:\/\/blog.corretoraideal.com.br\/index.php\/wp-json\/wp\/v2\/categories?post=51158"},{"taxonomy":"post_tag","embeddable":true,"href":"https:\/\/blog.corretoraideal.com.br\/index.php\/wp-json\/wp\/v2\/tags?post=51158"}],"curies":[{"name":"wp","href":"https:\/\/api.w.org\/{rel}","templated":true}]}}