{"id":51169,"date":"2023-07-27T05:30:24","date_gmt":"2023-07-27T05:30:24","guid":{"rendered":"https:\/\/blog.corretoraideal.com.br\/?p=51169"},"modified":"2023-07-27T05:30:24","modified_gmt":"2023-07-27T05:30:24","slug":"brasil-e-chile-nao-tem-mais-cobranca-de-roaming-em-servicos-de-telefonia-movel-tecnologia-g1","status":"publish","type":"post","link":"https:\/\/blog.corretoraideal.com.br\/index.php\/2023\/07\/27\/brasil-e-chile-nao-tem-mais-cobranca-de-roaming-em-servicos-de-telefonia-movel-tecnologia-g1\/","title":{"rendered":"Brasil e Chile n\u00e3o t\u00eam mais cobran\u00e7a de &#039;roaming&#039; em servi\u00e7os de telefonia m\u00f3vel | Tecnologia | G1"},"content":{"rendered":"<p>      1 de 1&#013;Brasil e Chile n\u00e3o t\u00eam mais cobran\u00e7a de &#039;roaming&#039; em servi\u00e7os de telefonia m\u00f3vel \u2014 Foto: Reprodu\u00e7\u00e3o\/TV Gazeta    <\/p>\n<p> Brasil e Chile n\u00e3o t\u00eam mais cobran\u00e7a de &#039;roaming&#039; em servi\u00e7os de telefonia m\u00f3vel \u2014 Foto: Reprodu\u00e7\u00e3o\/TV Gazeta <\/p>\n<p> A Ag\u00eancia Nacional de Telecomunica\u00e7\u00f5es (<a class href=\"https:\/\/g1.globo.com\/tudo-sobre\/anatel\/\">Anatel<\/a>) anunciou, nesta quarta-feira (26), o fim das cobran\u00e7as adicionais para o uso de servi\u00e7os de telefonia m\u00f3vel em &quot;roaming&quot; entre o Brasil e o <a class href=\"https:\/\/g1.globo.com\/tudo-sobre\/chile\/\">Chile<\/a>. <\/p>\n<p> O &quot;roaming&quot; \u00e9 a tecnologia que permite que o usu\u00e1rio fa\u00e7a liga\u00e7\u00f5es ou envie mensagens fora da \u00e1rea de cobertura de sua operadora. <\/p>\n<p> Com a nova medida, os mesmos planos, ofertas ou pacotes que o usu\u00e1rio adquire para uso no Brasil continuam vigentes no Chile, sem encargos adicionais, <strong>para comunica\u00e7\u00f5es de voz, de mensagem (SMS) e de dados m\u00f3veis<\/strong>. <\/p>\n<p> Cidad\u00e3os brasileiros que est\u00e3o no Chile de forma tempor\u00e1ria ou viajantes chilenos no Brasil podem usufruir do benef\u00edcio, que \u00e9 v\u00e1lido por 90 dias consecutivos ou 120 dias n\u00e3o-consecutivos em um mesmo ano, conforme o an\u00fancio. <\/p>\n<p> O fim dessas cobran\u00e7as adicionais nos servi\u00e7os de telefonia m\u00f3vel faz parte das a\u00e7\u00f5es necess\u00e1rias para cumprir o Acordo de Livre Com\u00e9rcio firmado entre os dois pa\u00edses. Segundo a Anatel, a medida est\u00e1 valendo desde ter\u00e7a-feira (25). <\/p>\n<p> <strong>LEIA TAMB\u00c9M:<\/strong> <\/p>\n<ul>\n<li><a class href=\"https:\/\/g1.globo.com\/tecnologia\/noticia\/2023\/07\/26\/anatel-libera-ativacao-do-5g-em-102-municipios.ghtml\"><strong>Anatel libera ativa\u00e7\u00e3o do 5G em 102 munic\u00edpios; veja quais<\/strong><\/a><\/li>\n<li><a class href=\"https:\/\/g1.globo.com\/tecnologia\/noticia\/2023\/07\/07\/lista-de-celulares-compativeis-com-5g-cresce-apos-1-ano-confira.ghtml\"><strong>Ap\u00f3s 1 ano, 128 celulares s\u00e3o compat\u00edveis com 5G; veja lista<\/strong><\/a><\/li>\n<\/ul>\n<ul>\n<li> <a href=\"https:\/\/g1.globo.com\/tudo-sobre\/anatel\/\" class=\"entities__list-itemLink\" data-track-click=\"Anatel\"> Anatel <\/a> <\/li>\n<li> <a href=\"https:\/\/g1.globo.com\/tudo-sobre\/chile\/\" class=\"entities__list-itemLink\" data-track-click=\"Chile\"> Chile <\/a> <\/li>\n<\/ul>\n","protected":false},"excerpt":{"rendered":"<p>1 de 1&#013;Brasil e Chile n\u00e3o t\u00eam mais cobran\u00e7a de &#039;roaming&#039; em servi\u00e7os de telefonia m\u00f3vel \u2014 Foto: Reprodu\u00e7\u00e3o\/TV Gazeta Brasil e Chile n\u00e3o t\u00eam mais cobran\u00e7a de &#039;roaming&#039; em servi\u00e7os de telefonia m\u00f3vel \u2014 Foto: Reprodu\u00e7\u00e3o\/TV Gazeta A Ag\u00eancia Nacional de Telecomunica\u00e7\u00f5es (Anatel) anunciou, nesta quarta-feira (26), o fim das cobran\u00e7as adicionais para o [&hellip;]<\/p>\n","protected":false},"author":1,"featured_media":0,"comment_status":"closed","ping_status":"closed","sticky":false,"template":"","format":"standard","meta":{"footnotes":""},"categories":[],"tags":[],"class_list":["post-51169","post","type-post","status-publish","format-standard","hentry"],"_links":{"self":[{"href":"https:\/\/blog.corretoraideal.com.br\/index.php\/wp-json\/wp\/v2\/posts\/51169","targetHints":{"allow":["GET"]}}],"collection":[{"href":"https:\/\/blog.corretoraideal.com.br\/index.php\/wp-json\/wp\/v2\/posts"}],"about":[{"href":"https:\/\/blog.corretoraideal.com.br\/index.php\/wp-json\/wp\/v2\/types\/post"}],"author":[{"embeddable":true,"href":"https:\/\/blog.corretoraideal.com.br\/index.php\/wp-json\/wp\/v2\/users\/1"}],"replies":[{"embeddable":true,"href":"https:\/\/blog.corretoraideal.com.br\/index.php\/wp-json\/wp\/v2\/comments?post=51169"}],"version-history":[{"count":1,"href":"https:\/\/blog.corretoraideal.com.br\/index.php\/wp-json\/wp\/v2\/posts\/51169\/revisions"}],"predecessor-version":[{"id":51171,"href":"https:\/\/blog.corretoraideal.com.br\/index.php\/wp-json\/wp\/v2\/posts\/51169\/revisions\/51171"}],"wp:attachment":[{"href":"https:\/\/blog.corretoraideal.com.br\/index.php\/wp-json\/wp\/v2\/media?parent=51169"}],"wp:term":[{"taxonomy":"category","embeddable":true,"href":"https:\/\/blog.corretoraideal.com.br\/index.php\/wp-json\/wp\/v2\/categories?post=51169"},{"taxonomy":"post_tag","embeddable":true,"href":"https:\/\/blog.corretoraideal.com.br\/index.php\/wp-json\/wp\/v2\/tags?post=51169"}],"curies":[{"name":"wp","href":"https:\/\/api.w.org\/{rel}","templated":true}]}}